{"id":274521,"date":"2025-07-26T05:58:15","date_gmt":"2025-07-26T05:58:15","guid":{"rendered":"https:\/\/www.europesays.com\/fr\/274521\/"},"modified":"2025-07-26T05:58:15","modified_gmt":"2025-07-26T05:58:15","slug":"le-risque-sera-eleve-voire-tres-eleve-dans-plusieurs-departements-ce-week-end","status":"publish","type":"post","link":"https:\/\/www.europesays.com\/fr\/274521\/","title":{"rendered":"le risque sera \u00ab\u00a0\u00e9lev\u00e9\u00a0\u00bb voire \u00ab\u00a0tr\u00e8s \u00e9lev\u00e9\u00a0\u00bb dans plusieurs d\u00e9partements ce week-end"},"content":{"rendered":"<p>        <img decoding=\"async\" loading=\"lazy\" src=\"https:\/\/www.europesays.com\/fr\/wp-content\/uploads\/2025\/07\/7f8704a_sirius-fs-upload-1-7t9rbihgcgah-1742391514882-gettyimages-1432228595.jpg\"  width=\"728\" height=\"410\" alt=\"Feux de for\u00eat\u00a0: le risque sera \u00ab\u00a0\u00e9lev\u00e9\u00a0\u00bb voire \u00ab\u00a0tr\u00e8s \u00e9lev\u00e9\u00a0\u00bb dans plusieurs d\u00e9partements ce week-end. (Illustration de pompiers en intervention lors d'un feu de for\u00eat le 22 ao\u00fbt 2022 pr\u00e8s de Hostens en Gironde.)\"\/>  <\/p>\n<p>Victor LOCHON \/ Gamma-Rapho via Getty Images<\/p>\n<p>Feux de for\u00eat\u00a0: le risque sera \u00ab\u00a0\u00e9lev\u00e9\u00a0\u00bb voire \u00ab\u00a0tr\u00e8s \u00e9lev\u00e9\u00a0\u00bb dans plusieurs d\u00e9partements ce week-end. (Illustration de pompiers en intervention lors d&rsquo;un feu de for\u00eat le 22 ao\u00fbt 2022 pr\u00e8s de Hostens en Gironde.)<\/p>\n<p class=\"asset asset-text\">INCENDIE &#8211; M\u00e9t\u00e9o-France appelle \u00e0 la prudence avant le dernier week-end de juillet. Le risque de <a href=\"https:\/\/www.huffingtonpost.fr\/environnement\/video\/au-canada-la-saison-des-feux-de-foret-a-deja-emporte-six-millions-d-hectares-soit-l-equivalent-de-la-croatie_252764.html\" target=\"_blank\" rel=\"noopener\">feux de for\u00eat<\/a> sera \u00ab\u00a0\u00e9lev\u00e9\u00a0\u00bb voire \u00ab\u00a0tr\u00e8s \u00e9lev\u00e9\u00a0\u00bb dans plusieurs d\u00e9partements de la moiti\u00e9 sud de la France le samedi\u00a026\u00a0et le dimanche 27\u00a0juillet, alerte le pr\u00e9visionniste dans son bulletin de vendredi o\u00f9 il rappelle que \u00ab\u00a0les <a href=\"https:\/\/www.huffingtonpost.fr\/france\/article\/la-vague-de-chaleur-s-est-officiellement-terminee-ce-vendredi-avec-une-duree-aussi-longue-que-celle-de-2003_252269.html\" target=\"_blank\" rel=\"noopener\">conditions m\u00e9t\u00e9orologiques<\/a> influencent fortement le d\u00e9part et la propagation des feux\u00a0\u00bb.<\/p>\n<p class=\"asset asset-text\">Comme l\u2019indiquent les cartes publi\u00e9es par M\u00e9t\u00e9o-France sur Bluesky et <strong>que vous pouvez voir ci-dessous<\/strong>, les Bouches-du-Rh\u00f4ne seront en vigilance rouge aux feux de for\u00eat les journ\u00e9es de samedi et dimanche, avec un risque \u00ab\u00a0tr\u00e8s \u00e9lev\u00e9\u00a0\u00bb de d\u00e9but d\u2019<a href=\"https:\/\/www.huffingtonpost.fr\/international\/video\/de-gigantesques-incendies-pres-de-jerusalem-poussent-la-france-a-proposer-son-soutien-materiel-a-israel_249486.html\" target=\"_blank\" rel=\"noopener\">incendie<\/a>, compte tenu du retour du vent. Pour cette raison, 23\u00a0des 25\u00a0massifs forestiers du d\u00e9partement seront strictement interdits d\u2019acc\u00e8s, a indiqu\u00e9 le pr\u00e9fet dans un communiqu\u00e9.<\/p>\n<p class=\"asset asset-text\">Outre les Bouches-du-Rh\u00f4ne, le Var sera \u00e9galement dimanche en vigilance rouge aux feux de for\u00eat, indique M\u00e9t\u00e9o-France. Pour la journ\u00e9e de samedi, le d\u00e9partement ne sera plac\u00e9 qu\u2019en vigilance orange, mais l\u2019acc\u00e8s aux Monts toulonnais et \u00e0 la Sainte-Baume sera d\u00e9j\u00e0 proscrit.<\/p>\n<p> La lecture de ce contenu est susceptible d\u2019entra\u00eener un d\u00e9p\u00f4t de cookies de la part de l\u2019op\u00e9rateur tiers qui l\u2019h\u00e9berge. Compte-tenu des choix que vous avez exprim\u00e9s en mati\u00e8re de d\u00e9p\u00f4t de cookies, nous avons bloqu\u00e9 l\u2019affichage de ce contenu. Si vous souhaitez y acc\u00e9der, vous devez accepter la cat\u00e9gorie de cookies \u201cContenus tiers\u201d en cliquant sur le bouton ci-dessous. <\/p>\n<p> Lire la Vid\u00e9o        Quatre d\u00e9partements en vigilance orange ce samedi    <\/p>\n<p class=\"asset asset-text\">Pour la journ\u00e9e de samedi, quatre aux d\u00e9partements en plus du Var seront en vigilance orange\u00a0: le Gard, les Pyr\u00e9n\u00e9es-Orientales, l\u2019Aude et le Vaucluse. Ces deux derniers resteront au m\u00eame niveau de vigilance le dimanche, tandis que le Gard et les Pyr\u00e9n\u00e9es-Orientales seront class\u00e9s en jaune. L\u2019acc\u00e8s \u00e0 plusieurs massifs forestiers de ces d\u00e9partements sera ferm\u00e9 ou strictement r\u00e9glement\u00e9 tout le week-end.<\/p>\n<p class=\"asset asset-text\">Sur son site, M\u00e9t\u00e9o-France rappelle les bons r\u00e9flexes en cas de d\u00e9part de feu. Le plus important est de donner l\u2019alerte \u00ab\u00a0en appelant le 112, le 18\u00a0ou le 114 (personnes malentendantes)\u00a0\u00bb et d\u2019essayer de \u00ab\u00a0localiser le feu\u00a0\u00bb. Le pr\u00e9visionniste invite ensuite \u00e0 rester \u00ab\u00a0inform\u00e9 de la situation\u00a0\u00bb, \u00e0 se conformer aux consignes de la mairie ou des secours et \u00e0 \u00ab\u00a0se mettre \u00e0 l\u2019abri dans une habitation d\u00e9broussaill\u00e9e en attendant l\u2019intervention des secours\u00a0\u00bb. M\u00e9t\u00e9o-France rappelle par ailleurs que \u00ab\u00a0la voiture n\u2019est pas un abri s\u00fbr car elle pourrait br\u00fbler\u00a0\u00bb.<\/p>\n<p class=\"asset asset-text\">Depuis le d\u00e9but de l\u2019\u00e9t\u00e9, les Bouches-du-Rh\u00f4ne ont connu des dizaines de d\u00e9part de feu et deux incendies tr\u00e8s virulents. L\u2019un a parcouru 750 hectares arrivant jusqu\u2019aux <a href=\"https:\/\/www.huffingtonpost.fr\/france\/video\/incendie-dans-les-bouches-du-rhone-le-feu-qui-se-propage-tres-rapidement-a-deja-parcouru-30-hectares_252372.html\" target=\"_blank\" rel=\"noopener\">quartiers nord de Marseille<\/a>, o\u00f9 il a d\u00e9truit des dizaines de maison, et un autre \u00e0 Martigues a d\u00e9vor\u00e9 250 hectares de pin\u00e8de.<\/p>\n","protected":false},"excerpt":{"rendered":"Victor LOCHON \/ Gamma-Rapho via Getty Images Feux de for\u00eat\u00a0: le risque sera \u00ab\u00a0\u00e9lev\u00e9\u00a0\u00bb voire \u00ab\u00a0tr\u00e8s \u00e9lev\u00e9\u00a0\u00bb dans&hellip;\n","protected":false},"author":2,"featured_media":274522,"comment_status":"","ping_status":"","sticky":false,"template":"","format":"standard","meta":{"footnotes":""},"categories":[4],"tags":[11,885,436,27571,1011,27,1310,2357,12,25,7506,35567],"class_list":{"0":"post-274521","1":"post","2":"type-post","3":"status-publish","4":"format-standard","5":"has-post-thumbnail","7":"category-france","8":"tag-actualites","9":"tag-bouches-du-rhone","10":"tag-environnement","11":"tag-feux-de-foret","12":"tag-fr","13":"tag-france","14":"tag-incendie","15":"tag-meteo-france","16":"tag-news","17":"tag-republique-francaise","18":"tag-var","19":"tag-vigilance-rouge"},"share_on_mastodon":{"url":"https:\/\/pubeurope.com\/@fr\/114918005384470309","error":""},"_links":{"self":[{"href":"https:\/\/www.europesays.com\/fr\/wp-json\/wp\/v2\/posts\/274521","targetHints":{"allow":["GET"]}}],"collection":[{"href":"https:\/\/www.europesays.com\/fr\/wp-json\/wp\/v2\/posts"}],"about":[{"href":"https:\/\/www.europesays.com\/fr\/wp-json\/wp\/v2\/types\/post"}],"author":[{"embeddable":true,"href":"https:\/\/www.europesays.com\/fr\/wp-json\/wp\/v2\/users\/2"}],"replies":[{"embeddable":true,"href":"https:\/\/www.europesays.com\/fr\/wp-json\/wp\/v2\/comments?post=274521"}],"version-history":[{"count":0,"href":"https:\/\/www.europesays.com\/fr\/wp-json\/wp\/v2\/posts\/274521\/revisions"}],"wp:featuredmedia":[{"embeddable":true,"href":"https:\/\/www.europesays.com\/fr\/wp-json\/wp\/v2\/media\/274522"}],"wp:attachment":[{"href":"https:\/\/www.europesays.com\/fr\/wp-json\/wp\/v2\/media?parent=274521"}],"wp:term":[{"taxonomy":"category","embeddable":true,"href":"https:\/\/www.europesays.com\/fr\/wp-json\/wp\/v2\/categories?post=274521"},{"taxonomy":"post_tag","embeddable":true,"href":"https:\/\/www.europesays.com\/fr\/wp-json\/wp\/v2\/tags?post=274521"}],"curies":[{"name":"wp","href":"https:\/\/api.w.org\/{rel}","templated":true}]}}