{"id":274525,"date":"2025-07-26T06:00:12","date_gmt":"2025-07-26T06:00:12","guid":{"rendered":"https:\/\/www.europesays.com\/fr\/274525\/"},"modified":"2025-07-26T06:00:12","modified_gmt":"2025-07-26T06:00:12","slug":"lecole-du-mas-aura-sa-cour-oasis","status":"publish","type":"post","link":"https:\/\/www.europesays.com\/fr\/274525\/","title":{"rendered":"l\u2019\u00e9cole du Mas aura sa cour oasis"},"content":{"rendered":"<p>Cet \u00e9t\u00e9, la cour de l\u2019\u00e9cole du Mas est en travaux. D\u00e9but\u00e9s pendant les vacances d\u2019avril par de la d\u00e9molition, ils continueront jusque pendant l\u2019automne au moment de la plantation de cinq cents espaces v\u00e9g\u00e9tales. Depuis la semaine derni\u00e8re, l\u2019espace est en train d\u2019\u00eatre \u00ab\u00a0d\u00e9cro\u00fbt\u00e9\u00a0\u00bb. Le bitume est arrach\u00e9.<\/p>\n<p>L\u2019objectif est de cr\u00e9er, cot\u00e9 boulevard Fayol et c\u00f4t\u00e9 place Chanoine-Chausse de part et d\u2019autre des b\u00e2timents, une cour oasis, qui comprend des \u00eelots de fra\u00eecheur avec plus d\u2019espaces naturels, v\u00e9g\u00e9talis\u00e9s et moins de bitume.<\/p>\n<p>Une \u00e9cole prioritaire<\/p>\n<p>La Ville a choisi d\u2019effectuer ces travaux \u00e0 l\u2019\u00e9cole du Mas cette ann\u00e9e, car, apr\u00e8s celle de Waldeck-Rousseau, il s\u2019agissait de la seconde sur la liste des \u00e9tablissements \u00e0 v\u00e9g\u00e9taliser en priorit\u00e9.<\/p>\n<p>\u00ab\u00a0Nous avions r\u00e9alis\u00e9 une \u00e9tude pour savoir quelles \u00e9coles \u00e9taient les plus chaudes, les plus&#8230;<\/p>\n","protected":false},"excerpt":{"rendered":"Cet \u00e9t\u00e9, la cour de l\u2019\u00e9cole du Mas est en travaux. D\u00e9but\u00e9s pendant les vacances d\u2019avril par de&hellip;\n","protected":false},"author":2,"featured_media":274526,"comment_status":"","ping_status":"","sticky":false,"template":"","format":"standard","meta":{"footnotes":""},"categories":[9653],"tags":[1111,11,2430,7539,1057,1777,674,10282,10283,1011,27,10425,12,25,4001],"class_list":{"0":"post-274525","1":"post","2":"type-post","3":"status-publish","4":"format-standard","5":"has-post-thumbnail","7":"category-saint-etienne","8":"tag-actu","9":"tag-actualites","10":"tag-auvergne-rhone-alpes","11":"tag-edition-loire-sud","12":"tag-education","13":"tag-eu","14":"tag-europe","15":"tag-firminy","16":"tag-firminy-ville","17":"tag-fr","18":"tag-france","19":"tag-maternelle-elementaire","20":"tag-news","21":"tag-republique-francaise","22":"tag-saint-etienne"},"share_on_mastodon":{"url":"https:\/\/pubeurope.com\/@fr\/114918013289688583","error":""},"_links":{"self":[{"href":"https:\/\/www.europesays.com\/fr\/wp-json\/wp\/v2\/posts\/274525","targetHints":{"allow":["GET"]}}],"collection":[{"href":"https:\/\/www.europesays.com\/fr\/wp-json\/wp\/v2\/posts"}],"about":[{"href":"https:\/\/www.europesays.com\/fr\/wp-json\/wp\/v2\/types\/post"}],"author":[{"embeddable":true,"href":"https:\/\/www.europesays.com\/fr\/wp-json\/wp\/v2\/users\/2"}],"replies":[{"embeddable":true,"href":"https:\/\/www.europesays.com\/fr\/wp-json\/wp\/v2\/comments?post=274525"}],"version-history":[{"count":0,"href":"https:\/\/www.europesays.com\/fr\/wp-json\/wp\/v2\/posts\/274525\/revisions"}],"wp:featuredmedia":[{"embeddable":true,"href":"https:\/\/www.europesays.com\/fr\/wp-json\/wp\/v2\/media\/274526"}],"wp:attachment":[{"href":"https:\/\/www.europesays.com\/fr\/wp-json\/wp\/v2\/media?parent=274525"}],"wp:term":[{"taxonomy":"category","embeddable":true,"href":"https:\/\/www.europesays.com\/fr\/wp-json\/wp\/v2\/categories?post=274525"},{"taxonomy":"post_tag","embeddable":true,"href":"https:\/\/www.europesays.com\/fr\/wp-json\/wp\/v2\/tags?post=274525"}],"curies":[{"name":"wp","href":"https:\/\/api.w.org\/{rel}","templated":true}]}}