{"id":274529,"date":"2025-07-26T06:02:16","date_gmt":"2025-07-26T06:02:16","guid":{"rendered":"https:\/\/www.europesays.com\/fr\/274529\/"},"modified":"2025-07-26T06:02:16","modified_gmt":"2025-07-26T06:02:16","slug":"la-photo-du-jour-le-port-de-nancy-en-mode-nuit","status":"publish","type":"post","link":"https:\/\/www.europesays.com\/fr\/274529\/","title":{"rendered":"La photo du jour. Le port de Nancy, en mode nuit"},"content":{"rendered":"<p>C\u2019est beau un port, la nuit\u2026 Voil\u00e0 ce que doivent penser nombre de promeneurs, une fois le soleil couch\u00e9 et les lumi\u00e8res de la ville allum\u00e9es, lorsqu\u2019ils passent le long du port Saint-Georges de Nancy.<\/p>\n<p>Pos\u00e9s sur l\u2019eau du canal de la Marne-au-Rhin, dans le quartier des Rives-de-Meurthe et \u00e0 deux pas du centre-ville nanc\u00e9ien, les touristes plaisanciers, de passage pour quelques jours, cohabitent ici avec les r\u00e9sidants, dont certains connaissent l\u2019endroit par c\u0153ur pour y vivre depuis des ann\u00e9es.<\/p>\n<p>Une situation d\u2019ailleurs amen\u00e9e \u00e0 \u00e9voluer, <a href=\"https:\/\/www.estrepublicain.fr\/economie\/2025\/02\/10\/tous-les-plaisanciers-du-port-saint-georges-devraient-avoir-demenage-pour-mi-septembre\" target=\"_blank\" rel=\"noopener\">le port faisant l\u2019objet d\u2019un projet de reconfiguration<\/a> : bient\u00f4t, les r\u00e9sidants d\u00e9m\u00e9nageront quelques centaines de m\u00e8tre plus loin pour laisser place \u00e0 une phase de travaux et de r\u00e9am\u00e9nagement du port. Dont l\u2019objectif, \u00e0 terme, sera de se donner tout entier au tourisme et aux activit\u00e9s de loisirs.<\/p>\n","protected":false},"excerpt":{"rendered":"C\u2019est beau un port, la nuit\u2026 Voil\u00e0 ce que doivent penser nombre de promeneurs, une fois le soleil&hellip;\n","protected":false},"author":2,"featured_media":274530,"comment_status":"","ping_status":"","sticky":false,"template":"","format":"standard","meta":{"footnotes":""},"categories":[9635],"tags":[1111,11,1687,1707,1704,1706,1705,1777,674,1011,27,775,31022,20065,1702,1703,12,25],"class_list":{"0":"post-274529","1":"post","2":"type-post","3":"status-publish","4":"format-standard","5":"has-post-thumbnail","7":"category-nancy","8":"tag-actu","9":"tag-actualites","10":"tag-culture-loisirs","11":"tag-edition-luneville","12":"tag-edition-nancy-et-agglomeration","13":"tag-edition-pont-a-mousson","14":"tag-edition-toul","15":"tag-eu","16":"tag-europe","17":"tag-fr","18":"tag-france","19":"tag-grand-est","20":"tag-le-guide-de-lete-lorraine","21":"tag-magazine-tourisme-et-patrimoine","22":"tag-nancy","23":"tag-nancy-ville-54b","24":"tag-news","25":"tag-republique-francaise"},"share_on_mastodon":{"url":"https:\/\/pubeurope.com\/@fr\/114918021249368667","error":""},"_links":{"self":[{"href":"https:\/\/www.europesays.com\/fr\/wp-json\/wp\/v2\/posts\/274529","targetHints":{"allow":["GET"]}}],"collection":[{"href":"https:\/\/www.europesays.com\/fr\/wp-json\/wp\/v2\/posts"}],"about":[{"href":"https:\/\/www.europesays.com\/fr\/wp-json\/wp\/v2\/types\/post"}],"author":[{"embeddable":true,"href":"https:\/\/www.europesays.com\/fr\/wp-json\/wp\/v2\/users\/2"}],"replies":[{"embeddable":true,"href":"https:\/\/www.europesays.com\/fr\/wp-json\/wp\/v2\/comments?post=274529"}],"version-history":[{"count":0,"href":"https:\/\/www.europesays.com\/fr\/wp-json\/wp\/v2\/posts\/274529\/revisions"}],"wp:featuredmedia":[{"embeddable":true,"href":"https:\/\/www.europesays.com\/fr\/wp-json\/wp\/v2\/media\/274530"}],"wp:attachment":[{"href":"https:\/\/www.europesays.com\/fr\/wp-json\/wp\/v2\/media?parent=274529"}],"wp:term":[{"taxonomy":"category","embeddable":true,"href":"https:\/\/www.europesays.com\/fr\/wp-json\/wp\/v2\/categories?post=274529"},{"taxonomy":"post_tag","embeddable":true,"href":"https:\/\/www.europesays.com\/fr\/wp-json\/wp\/v2\/tags?post=274529"}],"curies":[{"name":"wp","href":"https:\/\/api.w.org\/{rel}","templated":true}]}}