{"id":274539,"date":"2025-07-26T06:13:11","date_gmt":"2025-07-26T06:13:11","guid":{"rendered":"https:\/\/www.europesays.com\/fr\/274539\/"},"modified":"2025-07-26T06:13:11","modified_gmt":"2025-07-26T06:13:11","slug":"un-premier-pas-vers-lamenagement-des-quais","status":"publish","type":"post","link":"https:\/\/www.europesays.com\/fr\/274539\/","title":{"rendered":"un premier pas vers l&rsquo;am\u00e9nagement des quais"},"content":{"rendered":"<p>            Par<br \/>\n        <strong><br \/>\n            <a href=\"https:\/\/actu.fr\/auteur\/lisa-rodrigues\" title=\"Consulter tous les articles de Lisa Rodrigues\" target=\"_blank\" rel=\"noopener\">Lisa Rodrigues<\/a><br \/>\n        <\/strong><\/p>\n<p>        Publi\u00e9 le<\/p>\n<p>            26 juil. 2025 \u00e0 7h02        <\/p>\n<p>Certainement l\u2019une des cartes postales les plus connues de <a href=\"https:\/\/actu.fr\/auvergne-rhone-alpes\/grenoble_38185\" target=\"_blank\" rel=\"noopener\">Grenoble<\/a>. La terrasse basse du t\u00e9l\u00e9ph\u00e9rique, face \u00e0 la Bastille et au quai Perri\u00e8re et Saint-Laurent avec ses maisons color\u00e9es, est un <strong>incontournable pour les touristes<\/strong>. Aujourd\u2019hui ponctuellement agr\u00e9ment\u00e9e de palmiers aux beaux jours, la zone n\u2019est pas vraiment am\u00e9nag\u00e9e pour recevoir les visiteurs.<br \/>La Ville de Grenoble a donc d\u00e9cid\u00e9, en attendant de pouvoir lancer des travaux plus cons\u00e9quents d\u2019am\u00e9nagement des quais, de retravailler cette terrasse du t\u00e9l\u00e9ph\u00e9rique pour en faire un v\u00e9ritable point de vue sur la Bastille.<\/p>\n<p>Une terrasse en bois ouverte sur la Bastille<\/p>\n<p class=\" wall-content\">\u00ab\u00a0C\u2019est un am\u00e9nagement de <strong>long transitoire<\/strong>, r\u00e9sume Gilles Namur, adjoint en charge des espaces publics de Grenoble. \u00c7a fait d\u00e9j\u00e0 2-3 ans qu\u2019on supprime le stationnement sur cet espace pour en faire un endroit plus agr\u00e9able\u00a0\u00bb. Les places PMR et v\u00e9los restent disponibles quelques m\u00e8tres plus loin.<\/p>\n<p class=\" wall-content\">Concernant le futur am\u00e9nagement, \u00ab\u00a0il va y avoir une large plateforme en bois, qui peut \u00eatre d\u00e9mont\u00e9e, avec du mobilier qui rappelle les bulles\u00a0\u00bb du t\u00e9l\u00e9ph\u00e9rique. Des bancs et assises surmont\u00e9s de cercles m\u00e9talliques permettront aux passants de fl\u00e2ner, de se reposer ou de poser pour une photo avec la Bastille en fond.<\/p>\n<p>    <img   decoding=\"async\" loading=\"lazy\" src=\"https:\/\/www.europesays.com\/fr\/wp-content\/uploads\/2025\/07\/quai-terrasse-bulles-grenoble-1-960x640.png\" alt=\"Voici \u00e0 quoi va ressembler d'ici l'automne la terrasse basse du t\u00e9l\u00e9ph\u00e9rique de la Bastille \u00e0 Grenoble.\" width=\"960\" height=\"640\"\/><br \/>\n    Voici \u00e0 quoi va ressembler d\u2019ici l\u2019automne la terrasse basse du t\u00e9l\u00e9ph\u00e9rique de la Bastille \u00e0 Grenoble. (\u00a9Ville de Grenoble)<\/p>\n<p class=\" wall-content\">L\u2019ensemble se \u00ab\u00a0veut <strong>sobre et esth\u00e9tique<\/strong>\u00ab\u00a0, en accord avec les directives et retours de l\u2019architecte des B\u00e2timents de France qui a \u00e9t\u00e9 impliqu\u00e9 dans le dossier. Les travaux, d\u2019un co\u00fbt de <strong>100 000 euros<\/strong> pour la Ville, doivent d\u00e9marrer \u00e0 la mi-septembre et se terminer avant la Toussaint.<\/p>\n<p>Pas d\u2019am\u00e9nagements p\u00e9rennes avant le prochain mandat<\/p>\n<p class=\" wall-content\">Un am\u00e9nagement qui, coupl\u00e9 \u00e0 la d\u00e9sormais traditionnelle pi\u00e9tonisation estivale de la <a href=\"https:\/\/actu.fr\/auvergne-rhone-alpes\/grenoble_38185\/inondation-historique-a-grenoble-on-connait-la-date-de-reouverture-des-quais_60398460.html\" target=\"_blank\" rel=\"noopener\">voie de Corato<\/a>, vient poser une <strong>premi\u00e8re pierre \u00e0 un am\u00e9nagement plus p\u00e9renne des quais<\/strong> de l\u2019Is\u00e8re.<\/p>\n<p class=\" wall-content\">\u00ab\u00a0La Ville de Grenoble l\u2019a toujours r\u00e9clam\u00e9, ne serait-ce que pour un \u00e9largissement des trottoirs et une meilleure circulation pour les v\u00e9los\u00a0\u00bb, rappelle Gilles Namur. La M\u00e9tropole est aussi partante pour am\u00e9liorer l\u2019accessibilit\u00e9 du secteur.<\/p>\n<p class=\" wall-content\">Attention toutefois, ce chantier colossal \u00ab\u00a0ne se fera pas sur ce mandat\u00a0\u00bb, des \u00e9tudes devant encore \u00eatre men\u00e9es et des accords financiers trouv\u00e9s. \u00ab\u00a0Mais <strong>on ne part pas de rien<\/strong>\u00ab\u00a0, un projet ayant \u00e9t\u00e9 en partie d\u00e9marr\u00e9 sous l\u2019\u00e8re Michel Destot, maire PS de Grenoble entre 1995 et 2014.<\/p>\n<p class=\" wall-content\">\u00ab\u00a0Il y a aussi plein de cellules en rez-de-chauss\u00e9e sur cette rive qui appartiennent \u00e0 la Ville, qui pourraient \u00eatre des commerces et des lieux de vie. Mais il faut d\u2019abord repenser les quais\u00a0\u00bb, souligne l\u2019\u00e9lu.<\/p>\n<p>\u00c0 quand une baignade en plein centre-ville ?<\/p>\n<p class=\" wall-content\">Si la mairie souhaite par ces projets d\u2019am\u00e9nagement \u00ab\u00a0tourner la ville vers l\u2019Is\u00e8re\u00a0\u00bb, difficile de ne pas penser \u00e0 la question de <a href=\"https:\/\/actu.fr\/auvergne-rhone-alpes\/grenoble_38185\/canicule-en-isere-voici-5-lieux-ou-se-baigner-gratuitement-pres-de-grenoble_62830944.html\" target=\"_blank\" rel=\"noopener\">baignabilit\u00e9<\/a> de la rivi\u00e8re.<\/p>\n<p class=\" wall-content\">\u00ab\u00a0On y pense tr\u00e8s fort, comme beaucoup de villes, et on a lanc\u00e9 des \u00e9tudes \u00e0 ce sujet, assure Gilles Namur. Sur l\u2019Is\u00e8re, la probl\u00e9matique, c\u2019est qu\u2019elle reste un <strong>torrent<\/strong> avec des niveaux d\u2019eau importants. C\u2019est aussi pour \u00e7a qu\u2019elle a cette couleur : on n\u2019aura jamais une eau bleu turquoise !\u00a0\u00bb<\/p>\n<p class=\" wall-content\">La baignade en plein centre-ville de Grenoble, ce n\u2019est donc pas pour tout de suite\u2026<\/p>\n<p class=\" wall-content\">Suivez toute l\u2019actualit\u00e9 de vos villes et m\u00e9dias favoris en vous inscrivant \u00e0 <a href=\"https:\/\/moncompte.actu.fr\" title=\"D\u00e9couvez Mon Actu\" rel=\"nofollow noopener\" data-trk=\"{&quot;cta&quot;:{&quot;action&quot;:&quot;https:\\\/\\\/moncompte.actu.fr&quot;,&quot;category&quot;:&quot;mon compte&quot;,&quot;from&quot;:&quot;article footer&quot;,&quot;name&quot;:&quot;Mon actu&quot;,&quot;type&quot;:&quot;cta&quot;}}\" target=\"_blank\">Mon Actu<\/a>.<\/p>\n","protected":false},"excerpt":{"rendered":"Par Lisa Rodrigues Publi\u00e9 le 26 juil. 2025 \u00e0 7h02 Certainement l\u2019une des cartes postales les plus connues&hellip;\n","protected":false},"author":2,"featured_media":274540,"comment_status":"","ping_status":"","sticky":false,"template":"","format":"standard","meta":{"footnotes":""},"categories":[9566],"tags":[1111,11,2430,41404,1777,674,1011,27,2731,12,25,104,602,2086],"class_list":{"0":"post-274539","1":"post","2":"type-post","3":"status-publish","4":"format-standard","5":"has-post-thumbnail","7":"category-grenoble","8":"tag-actu","9":"tag-actualites","10":"tag-auvergne-rhone-alpes","11":"tag-bastille-de-grenoble","12":"tag-eu","13":"tag-europe","14":"tag-fr","15":"tag-france","16":"tag-grenoble","17":"tag-news","18":"tag-republique-francaise","19":"tag-societe","20":"tag-tourisme","21":"tag-travaux"},"share_on_mastodon":{"url":"https:\/\/pubeurope.com\/@fr\/114918064649404228","error":""},"_links":{"self":[{"href":"https:\/\/www.europesays.com\/fr\/wp-json\/wp\/v2\/posts\/274539","targetHints":{"allow":["GET"]}}],"collection":[{"href":"https:\/\/www.europesays.com\/fr\/wp-json\/wp\/v2\/posts"}],"about":[{"href":"https:\/\/www.europesays.com\/fr\/wp-json\/wp\/v2\/types\/post"}],"author":[{"embeddable":true,"href":"https:\/\/www.europesays.com\/fr\/wp-json\/wp\/v2\/users\/2"}],"replies":[{"embeddable":true,"href":"https:\/\/www.europesays.com\/fr\/wp-json\/wp\/v2\/comments?post=274539"}],"version-history":[{"count":0,"href":"https:\/\/www.europesays.com\/fr\/wp-json\/wp\/v2\/posts\/274539\/revisions"}],"wp:featuredmedia":[{"embeddable":true,"href":"https:\/\/www.europesays.com\/fr\/wp-json\/wp\/v2\/media\/274540"}],"wp:attachment":[{"href":"https:\/\/www.europesays.com\/fr\/wp-json\/wp\/v2\/media?parent=274539"}],"wp:term":[{"taxonomy":"category","embeddable":true,"href":"https:\/\/www.europesays.com\/fr\/wp-json\/wp\/v2\/categories?post=274539"},{"taxonomy":"post_tag","embeddable":true,"href":"https:\/\/www.europesays.com\/fr\/wp-json\/wp\/v2\/tags?post=274539"}],"curies":[{"name":"wp","href":"https:\/\/api.w.org\/{rel}","templated":true}]}}