{"id":274541,"date":"2025-07-26T06:14:19","date_gmt":"2025-07-26T06:14:19","guid":{"rendered":"https:\/\/www.europesays.com\/fr\/274541\/"},"modified":"2025-07-26T06:14:19","modified_gmt":"2025-07-26T06:14:19","slug":"le-fcg-recupere-son-match-en-appel","status":"publish","type":"post","link":"https:\/\/www.europesays.com\/fr\/274541\/","title":{"rendered":"Le FCG r\u00e9cup\u00e8re son match en appel"},"content":{"rendered":"<p>\u00c0 l\u2019issue du barrage d\u2019accession remport\u00e9 par <a data-ilj-link-preview=\"true\" data-excerpt=\"L&#039;USAP, ou Union Sportive des Arlequins Perpignanais, est un club de rugby fond\u00e9 en 1902 qui \u00e9volue en Top 14.&#013;&#010;Staff et pr\u00e9sidence :&#013;&#010;&#013;&#010; &#009;Pr\u00e9sident : Fran\u00e7ois Rivi\u00e8re&#013;&#010; &#009;Entra\u00eeneur : Franck Az\u00e9ma&#013;&#010; &#009;David Marty (entra\u00eeneur en chef)&#013;&#010; &#009;Perry Freshwater (avants)&#013;&#010; &#009;G\u00e9rald Bastide (d\u00e9fense)&#013;&#010;&#013;&#010;Palmar\u00e8s de l&#039;USAP&#013;&#010;&#013;&#010;&#013;&#010;&#013;&#010;Comp\u00e9tition&#013;&#010;Titres&#013;&#010;Ann\u00e9es des Victoires&#013;&#010;&#013;&#010;&#013;&#010;Championnat de France&#013;&#010;4 fois champion&#013;&#010;1938, 1944, 1955, 2009&#013;&#010;&#013;&#010;&#013;&#010;Championnat de France de Pro D2&#013;&#010;2 fois champion&#013;&#010;2018, 2021&#013;&#010;&#013;&#010;&#013;&#010;Challenge Yves du Manoir&#013;&#010;3 fois vainqueur&#013;&#010;Ann\u00e9es non sp\u00e9cifi\u00e9es&#013;&#010;&#013;&#010;&#013;&#010;Coupe d&#039;Europe&#013;&#010;Vice-champion&#013;&#010;2003\" href=\"https:\/\/www.xvovalie.com\/perpignan\/\" target=\"_blank\" rel=\"noopener\">Perpignan<\/a> sur la pelouse de <a href=\"https:\/\/www.xvovalie.com\/tag\/fcg\/\" target=\"_blank\" rel=\"noopener\">Grenoble<\/a> (11-13), <strong>une bagarre a \u00e9clat\u00e9 entre supporters des deux camps<\/strong> sur la pelouse du Stade des Alpes. <\/p>\n<p>La Commission de Discipline de la <a href=\"https:\/\/www.xvovalie.com\/tag\/lnr\/\" target=\"_blank\" rel=\"noopener\">LNR<\/a> n\u2019avait pas tard\u00e9 \u00e0 r\u00e9agir, <strong>infligeant 25 000 euros d\u2019amende aux deux clubs<\/strong> mais surtout un match de suspension de terrain avec sursis \u00e0 l\u2019USAP contre un match ferme pour le FCG. <\/p>\n<p>Le FCG pourra jouer \u00e0 domicile<\/p>\n<p>Face \u00e0 cette d\u00e9cision, <strong>les dirigeants is\u00e9rois ont imm\u00e9diatement fait appel<\/strong>. S\u2019ils envisageaient de d\u00e9localiser leur premier match de <a href=\"https:\/\/www.xvovalie.com\/pro-d2\/\" target=\"_blank\" rel=\"noopener\">Pro D2<\/a> au stade Pompidou de <a href=\"https:\/\/www.xvovalie.com\/tag\/vrdr\/\" target=\"_blank\" rel=\"noopener\">Valence<\/a>, cela ne sera pas n\u00e9cessaire. En effet, Midi Olympique nous informe que <strong>les Rouge et Bleu ont obtenu gain de cause<\/strong> et la suspension de terrain ferme s\u2019est transform\u00e9e en sursis. <\/p>\n<p>Grenoble pourra donc accueillir <a href=\"https:\/\/www.xvovalie.com\/tag\/stade-aurillacois\/\" target=\"_blank\" rel=\"noopener\">Aurillac<\/a> lors de la deuxi\u00e8me journ\u00e9e de Pro D2 au Stade des Alpes. En revanche, l\u2019amende est pass\u00e9e de 25 000 \u00e0 35 000 euros.  <\/p>\n<p>Biberonn\u00e9 au rugby, tomb\u00e9 malade de ce sport lors de la Coupe du Monde 2003, alors que je savais \u00e0 peine marcher, je suis le seul sudiste ayant reni\u00e9 le Stade Toulousain pour l\u2019autre Stade\u2026 Fran\u00e7ais. Condamn\u00e9 \u00e0 souffrir avec mon club de c\u0153ur, j\u2019esp\u00e8re vous transmettre mon amour pour la balle ovale \u00e0 travers XV Ovalie !<\/p>\n","protected":false},"excerpt":{"rendered":"\u00c0 l\u2019issue du barrage d\u2019accession remport\u00e9 par Perpignan sur la pelouse de Grenoble (11-13), une bagarre a \u00e9clat\u00e9&hellip;\n","protected":false},"author":2,"featured_media":106415,"comment_status":"","ping_status":"","sticky":false,"template":"","format":"standard","meta":{"footnotes":""},"categories":[9566],"tags":[1111,11,2430,1777,674,22338,1011,27,2731,12,2308,25,14988],"class_list":{"0":"post-274541","1":"post","2":"type-post","3":"status-publish","4":"format-standard","5":"has-post-thumbnail","7":"category-grenoble","8":"tag-actu","9":"tag-actualites","10":"tag-auvergne-rhone-alpes","11":"tag-eu","12":"tag-europe","13":"tag-fc-grenoble","14":"tag-fr","15":"tag-france","16":"tag-grenoble","17":"tag-news","18":"tag-pro-d2","19":"tag-republique-francaise","20":"tag-usap"},"share_on_mastodon":{"url":"https:\/\/pubeurope.com\/@fr\/114918068409467982","error":""},"_links":{"self":[{"href":"https:\/\/www.europesays.com\/fr\/wp-json\/wp\/v2\/posts\/274541","targetHints":{"allow":["GET"]}}],"collection":[{"href":"https:\/\/www.europesays.com\/fr\/wp-json\/wp\/v2\/posts"}],"about":[{"href":"https:\/\/www.europesays.com\/fr\/wp-json\/wp\/v2\/types\/post"}],"author":[{"embeddable":true,"href":"https:\/\/www.europesays.com\/fr\/wp-json\/wp\/v2\/users\/2"}],"replies":[{"embeddable":true,"href":"https:\/\/www.europesays.com\/fr\/wp-json\/wp\/v2\/comments?post=274541"}],"version-history":[{"count":0,"href":"https:\/\/www.europesays.com\/fr\/wp-json\/wp\/v2\/posts\/274541\/revisions"}],"wp:featuredmedia":[{"embeddable":true,"href":"https:\/\/www.europesays.com\/fr\/wp-json\/wp\/v2\/media\/106415"}],"wp:attachment":[{"href":"https:\/\/www.europesays.com\/fr\/wp-json\/wp\/v2\/media?parent=274541"}],"wp:term":[{"taxonomy":"category","embeddable":true,"href":"https:\/\/www.europesays.com\/fr\/wp-json\/wp\/v2\/categories?post=274541"},{"taxonomy":"post_tag","embeddable":true,"href":"https:\/\/www.europesays.com\/fr\/wp-json\/wp\/v2\/tags?post=274541"}],"curies":[{"name":"wp","href":"https:\/\/api.w.org\/{rel}","templated":true}]}}