{"id":274542,"date":"2025-07-26T06:15:19","date_gmt":"2025-07-26T06:15:19","guid":{"rendered":"https:\/\/www.europesays.com\/fr\/274542\/"},"modified":"2025-07-26T06:15:19","modified_gmt":"2025-07-26T06:15:19","slug":"pour-passer-votre-code-de-la-route-lentreprise-ouvre-cinq-nouveaux-centres-dexamens","status":"publish","type":"post","link":"https:\/\/www.europesays.com\/fr\/274542\/","title":{"rendered":"pour passer votre Code de la route, l&rsquo;entreprise ouvre cinq nouveaux centres d&rsquo;examens"},"content":{"rendered":"<p>            Par<br \/>\n        <strong><br \/>\n            <a href=\"https:\/\/actu.fr\/auteur\/lou-batteux\" title=\"Consulter tous les articles de Lou Batteux\" target=\"_blank\" rel=\"noopener\">Lou Batteux<\/a><br \/>\n        <\/strong><\/p>\n<p>        Publi\u00e9 le<\/p>\n<p>            26 juil. 2025 \u00e0 6h32        <\/p>\n<p>C\u2019est l\u2019\u00e9t\u00e9, vous \u00eates en vacances et vous avez le temps de r\u00e9viser votre Code. La Poste a donc d\u00e9cid\u00e9 d\u2019ouvrir <strong>cinq nouveaux centres d\u2019examens<\/strong> dans la m\u00e9tropole de Rennes pour passer <strong>le Code de la route ainsi que le Code bateau<\/strong>.<\/p>\n<p>Des centres d\u2019examen de proximit\u00e9<\/p>\n<p class=\" wall-content\">D\u00e9sormais, les habitants de Rennes et ses alentours pourront passer leur code auto, moto et bateau dans cinq nouveaux bureaux de poste :<\/p>\n<ul class=\" wall-content\">\n<li>La Poste de Rennes Saint-Cyr ;<\/li>\n<li>La Poste de Pac\u00e9 ;<\/li>\n<li>La Poste de Saint-Gr\u00e9goire ;<\/li>\n<li>La Poste de Chartes de Bretagne ;<\/li>\n<li>La Poste de Rennes Le Blosne.<\/li>\n<\/ul>\n<p class=\" wall-content\">Dans ces quatre derni\u00e8res communes, des <strong>sessions individuelles d\u2019une heure<\/strong> sont propos\u00e9es <strong>tous les jours du lundi au samedi<\/strong>. Elles sont r\u00e9alis\u00e9es sur des tablettes tactiles et assur\u00e9es par des postiers \u00ab\u00a0d\u00fbment habilit\u00e9s et form\u00e9s \u00e0 l\u2019exercice\u00a0\u00bb, selon La Poste.<\/p>\n<p class=\" wall-content\">Aussi, il est maintenant possible de passer votre code de la route <strong>le jour-m\u00eame de l\u2019inscription \u00e0 l\u2019examen<\/strong>. Les \u00e9preuves sont corrig\u00e9es par des autorit\u00e9s comp\u00e9tentes et les <strong>r\u00e9sultats sont transmis au candidat par mail dans les jours suivants<\/strong>.<\/p>\n<p>Comment s\u2019inscrire\u00a0<\/p>\n<p class=\" wall-content\">Pour vous inscrire au passage de <strong>l\u2019examen du Code de la route<\/strong>, rendez-vous <a href=\"https:\/\/www.lecode.laposte.fr\/passermonexamenducodeaveclaposte\/\" target=\"_blank\" rel=\"noopener\">sur le site internet de La Poste<\/a>. Vous pouvez <strong>choisir le cr\u00e9neau de passage<\/strong> et effectuer le r\u00e8glement directement en ligne. Le prix, fix\u00e9 par l\u2019\u00c9tat, est de <strong>30 euros<\/strong>.<\/p>\n<p class=\" wall-content\">En ce qui concerne <strong>le Code bateau<\/strong>, les futurs navigateurs peuvent \u00e9galement s\u2019inscrire directement sur <a href=\"https:\/\/www.lecode.laposte.fr\/bateau\/\" target=\"_blank\" rel=\"noopener\">le site de La Poste<\/a>.<\/p>\n<p class=\" wall-content\">Suivez toute l\u2019actualit\u00e9 de vos villes et m\u00e9dias favoris en vous inscrivant \u00e0 <a href=\"https:\/\/moncompte.actu.fr\" title=\"D\u00e9couvez Mon Actu\" rel=\"nofollow noopener\" data-trk=\"{&quot;cta&quot;:{&quot;action&quot;:&quot;https:\\\/\\\/moncompte.actu.fr&quot;,&quot;category&quot;:&quot;mon compte&quot;,&quot;from&quot;:&quot;article footer&quot;,&quot;name&quot;:&quot;Mon actu&quot;,&quot;type&quot;:&quot;cta&quot;}}\" target=\"_blank\">Mon Actu<\/a>.<\/p>\n<ul class=\"ac-article-tag wall-content\">\n<li><a href=\"https:\/\/actu.fr\/tag\/la-poste\" data-trk=\"{&quot;cta&quot;:{&quot;action&quot;:&quot;La Poste&quot;,&quot;category&quot;:&quot;tag&quot;,&quot;from&quot;:&quot;article footer&quot;,&quot;name&quot;:&quot;La Poste&quot;,&quot;type&quot;:&quot;cta&quot;}}\" target=\"_blank\" rel=\"noopener\">#La Poste<\/a><\/li>\n<li><a href=\"https:\/\/actu.fr\/tag\/securite-routiere\" data-trk=\"{&quot;cta&quot;:{&quot;action&quot;:&quot;S\\u00e9curit\\u00e9 routi\\u00e8re&quot;,&quot;category&quot;:&quot;tag&quot;,&quot;from&quot;:&quot;article footer&quot;,&quot;name&quot;:&quot;S\\u00e9curit\\u00e9 routi\\u00e8re&quot;,&quot;type&quot;:&quot;cta&quot;}}\" target=\"_blank\" rel=\"noopener\">#S\u00e9curit\u00e9 routi\u00e8re<\/a><\/li>\n<\/ul>\n","protected":false},"excerpt":{"rendered":"Par Lou Batteux Publi\u00e9 le 26 juil. 2025 \u00e0 6h32 C\u2019est l\u2019\u00e9t\u00e9, vous \u00eates en vacances et vous&hellip;\n","protected":false},"author":2,"featured_media":274543,"comment_status":"","ping_status":"","sticky":false,"template":"","format":"standard","meta":{"footnotes":""},"categories":[2821],"tags":[1111,11,829,1777,674,1011,27,3316,12,584,25,5009,104],"class_list":{"0":"post-274542","1":"post","2":"type-post","3":"status-publish","4":"format-standard","5":"has-post-thumbnail","7":"category-rennes","8":"tag-actu","9":"tag-actualites","10":"tag-bretagne","11":"tag-eu","12":"tag-europe","13":"tag-fr","14":"tag-france","15":"tag-la-poste","16":"tag-news","17":"tag-rennes","18":"tag-republique-francaise","19":"tag-securite-routiere","20":"tag-societe"},"share_on_mastodon":{"url":"https:\/\/pubeurope.com\/@fr\/114918072356088396","error":""},"_links":{"self":[{"href":"https:\/\/www.europesays.com\/fr\/wp-json\/wp\/v2\/posts\/274542","targetHints":{"allow":["GET"]}}],"collection":[{"href":"https:\/\/www.europesays.com\/fr\/wp-json\/wp\/v2\/posts"}],"about":[{"href":"https:\/\/www.europesays.com\/fr\/wp-json\/wp\/v2\/types\/post"}],"author":[{"embeddable":true,"href":"https:\/\/www.europesays.com\/fr\/wp-json\/wp\/v2\/users\/2"}],"replies":[{"embeddable":true,"href":"https:\/\/www.europesays.com\/fr\/wp-json\/wp\/v2\/comments?post=274542"}],"version-history":[{"count":0,"href":"https:\/\/www.europesays.com\/fr\/wp-json\/wp\/v2\/posts\/274542\/revisions"}],"wp:featuredmedia":[{"embeddable":true,"href":"https:\/\/www.europesays.com\/fr\/wp-json\/wp\/v2\/media\/274543"}],"wp:attachment":[{"href":"https:\/\/www.europesays.com\/fr\/wp-json\/wp\/v2\/media?parent=274542"}],"wp:term":[{"taxonomy":"category","embeddable":true,"href":"https:\/\/www.europesays.com\/fr\/wp-json\/wp\/v2\/categories?post=274542"},{"taxonomy":"post_tag","embeddable":true,"href":"https:\/\/www.europesays.com\/fr\/wp-json\/wp\/v2\/tags?post=274542"}],"curies":[{"name":"wp","href":"https:\/\/api.w.org\/{rel}","templated":true}]}}