{"id":274544,"date":"2025-07-26T06:16:25","date_gmt":"2025-07-26T06:16:25","guid":{"rendered":"https:\/\/www.europesays.com\/fr\/274544\/"},"modified":"2025-07-26T06:16:25","modified_gmt":"2025-07-26T06:16:25","slug":"en-images-pres-de-rennes-un-nouveau-chef-a-la-tete-des-corsaires-du-2e-regiment-du","status":"publish","type":"post","link":"https:\/\/www.europesays.com\/fr\/274544\/","title":{"rendered":"EN IMAGES. Pr\u00e8s de Rennes, un nouveau chef \u00e0 la t\u00eate des \u00ab\u00a0corsaires\u00a0\u00bb du 2e\u00a0r\u00e9giment du"},"content":{"rendered":"<p>Le colonel Matthieu Delibes succ\u00e8de au <a href=\"https:\/\/rennes.maville.com\/actu\/actudet_-un-nouveau-chef-de-corps-a-la-tete-du-2e-regiment-du-materiel-de-bruz-_7-5859049_actu.Htm\" target=\"_blank\" rel=\"nofollow noopener\">colonel Emeric Bozano<\/a> comme chef de corps du <a href=\"https:\/\/rennes.maville.com\/actu\/actudet_--le-bras-guide-le-pas-au-coeur-des-preparations-du-14-juillet-avec-les-militaires-de-bruz-_7-6379683_actu.Htm\" target=\"_blank\" rel=\"nofollow noopener\">2e\u00a0r\u00e9giment du mat\u00e9riel (2e RMAT). <\/a>La c\u00e9r\u00e9monie de passation de commandement a eu lieu vendredi 25\u00a0juillet, \u00e0 Bruz, au sud de Rennes (Ille-et-Vilaine). Elle a \u00e9t\u00e9 pr\u00e9sid\u00e9e par l\u2019un de leurs pr\u00e9d\u00e9cesseurs, <a href=\"https:\/\/rennes.maville.com\/bretagne\/ille-et-vilaine\/bruz\/ceremonie-de-passation-de-commandement-pour-les-militaires-2682213\" target=\"_blank\" rel=\"nofollow noopener\">le g\u00e9n\u00e9ral J\u00e9r\u00f4me de Roquefeuil, chef de corps du 2e\u00a0RMAT de 2012 \u00e0 2014<\/a>, qui est aujourd\u2019hui \u00e0 la t\u00eate de la brigade de maintenance de l\u2019arm\u00e9e de terre, cr\u00e9\u00e9e le 28\u00a0juin 2024 (elle regroupe six r\u00e9giments du mat\u00e9riel et le centre de formation initiale des militaires du rang du camp Garrigues dans le Gard). Le colonel Bozano va rejoindre la sous-direction Etudes et prospective de la direction des ressources humaines de l\u2019arm\u00e9e de terre (DRH-AT), \u00e0 Paris.<\/p>\n<p><strong>Lire aussi<\/strong>\u00a0: <a href=\"https:\/\/rennes.maville.com\/actu\/actudet_-deux-compagnies-de-reserve-au-2e-rmat-de-bruz-_7-6912297_actu.Htm\" target=\"_blank\" rel=\"nofollow noopener\">Deux compagnies de r\u00e9serve au 2e r\u00e9giment du mat\u00e9riel de Bruz<\/a><\/p>\n<p>\t<img decoding=\"async\" src=\"https:\/\/www.europesays.com\/fr\/wp-content\/uploads\/2025\/07\/P35374666D6913785G_px_640_.jpg\" alt=\"photo le colonel emeric bozano a \u00e9t\u00e9 chef de corps du 2e rmat de 2023 \u00e0 2025, \u00e0 bruz (ille-et-vilaine). il rejoint la direction des ressources humaines de l\u2019arm\u00e9e de terre (drh-at), \u00e0 paris.  \u00a9  ouest-france\" width=\"640\" title=\" Le colonel Emeric Bozano a \u00e9t\u00e9 chef de corps du 2e RMAT de 2023 \u00e0 2025, \u00e0 Bruz (Ille-et-Vilaine). Il rejoint la direction des ressources humaines de l\u2019arm\u00e9e de terre (DRH-AT), \u00e0 Paris.   Ouest-France \"\/><\/p>\n<p class=\"elmt-legende\"> Le colonel Emeric Bozano a \u00e9t\u00e9 chef de corps du 2e RMAT de 2023 \u00e0 2025, \u00e0 Bruz (Ille-et-Vilaine). Il rejoint la direction des ressources humaines de l\u2019arm\u00e9e de terre (DRH-AT), \u00e0 Paris.   Ouest-France <\/p>\n<p>\t<img decoding=\"async\" src=\"https:\/\/www.europesays.com\/fr\/wp-content\/uploads\/2025\/07\/P35374667D6913785G_px_640_.jpg\" alt=\"photo la c\u00e9r\u00e9monie de passation de commandement, vendredi 25\u00a0juillet 2025, a \u00e9t\u00e9 pr\u00e9sid\u00e9e par le g\u00e9n\u00e9ral j\u00e9r\u00f4me de roquefeuil, chef de corps du 2e\u00a0rmat de 2012 \u00e0 2014, aujourd\u2019hui \u00e0 la t\u00eate de la brigade de maintenance de l\u2019arm\u00e9e de terre, cr\u00e9\u00e9e le 28\u00a0juin 2024.  \u00a9  ouest-france\" width=\"640\" title=\" La c\u00e9r\u00e9monie de passation de commandement, vendredi 25\u00a0juillet 2025, a \u00e9t\u00e9 pr\u00e9sid\u00e9e par le g\u00e9n\u00e9ral J\u00e9r\u00f4me de Roquefeuil, chef de corps du 2e\u00a0RMAT de 2012 \u00e0 2014, aujourd\u2019hui \u00e0 la t\u00eate de la brigade de maintenance de l\u2019arm\u00e9e de terre, cr\u00e9\u00e9e le 28\u00a0juin 2024.   Ouest-France \"\/><\/p>\n<p class=\"elmt-legende\"> La c\u00e9r\u00e9monie de passation de commandement, vendredi 25\u00a0juillet 2025, a \u00e9t\u00e9 pr\u00e9sid\u00e9e par le g\u00e9n\u00e9ral J\u00e9r\u00f4me de Roquefeuil, chef de corps du 2e\u00a0RMAT de 2012 \u00e0 2014, aujourd\u2019hui \u00e0 la t\u00eate de la brigade de maintenance de l\u2019arm\u00e9e de terre, cr\u00e9\u00e9e le 28\u00a0juin 2024.   Ouest-France <\/p>\n<p>\t<img decoding=\"async\" src=\"https:\/\/www.europesays.com\/fr\/wp-content\/uploads\/2025\/07\/P35374668D6913785G_px_640_.jpg\" alt=\"photo lors du passage en revue des troupes, le g\u00e9n\u00e9ral roquefeuil et le colonel bozano devant un d\u00e9tachement de r\u00e9servistes du 2e r\u00e9giment du mat\u00e9riel, dans le parc du bois des ormeaux, \u00e0 bruz (ille-et-vilaine).  \u00a9  ouest-france\" width=\"640\" title=\" Lors du passage en revue des troupes, le g\u00e9n\u00e9ral Roquefeuil et le colonel Bozano devant un d\u00e9tachement de r\u00e9servistes du 2e r\u00e9giment du mat\u00e9riel, dans le parc du bois des Ormeaux, \u00e0 Bruz (Ille-et-Vilaine).   Ouest-France \"\/><\/p>\n<p class=\"elmt-legende\"> Lors du passage en revue des troupes, le g\u00e9n\u00e9ral Roquefeuil et le colonel Bozano devant un d\u00e9tachement de r\u00e9servistes du 2e r\u00e9giment du mat\u00e9riel, dans le parc du bois des Ormeaux, \u00e0 Bruz (Ille-et-Vilaine).   Ouest-France <\/p>\n<p>\t<img decoding=\"async\" src=\"https:\/\/www.europesays.com\/fr\/wp-content\/uploads\/2025\/07\/P35374669D6913785G_px_640_.jpg\" alt=\"photo les familles, amis et proches des militaires du 2e r\u00e9giment du mat\u00e9riel de bruz (2e rmat) \u00e9taient nombreux \u00e0 assister \u00e0 la passation de commandement, vendredi 25\u00a0juillet 2025.  \u00a9  ouest-france\" width=\"640\" title=\" Les familles, amis et proches des militaires du 2e r\u00e9giment du mat\u00e9riel de Bruz (2e RMAT) \u00e9taient nombreux \u00e0 assister \u00e0 la passation de commandement, vendredi 25\u00a0juillet 2025.   Ouest-France \"\/><\/p>\n<p class=\"elmt-legende\"> Les familles, amis et proches des militaires du 2e r\u00e9giment du mat\u00e9riel de Bruz (2e RMAT) \u00e9taient nombreux \u00e0 assister \u00e0 la passation de commandement, vendredi 25\u00a0juillet 2025.   Ouest-France <\/p>\n<p>Fort de 850\u00a0militaires et civils, dont plus de 200\u00a0r\u00e9servistes, le 2e\u00a0RMAT a pour principale mission de soutenir les \u00e9quipements des unit\u00e9s de la 9e brigade d\u2019infanterie de marine (9e BIMa), dont d\u00e9pendent aussi dans l\u2019ouest le 2e\u00a0r\u00e9giment d\u2019infanterie de marine du Mans (2e RIMA), le 3e\u00a0r\u00e9giment d\u2019infanterie de marine de Vannes (3e RIMA), le 11e r\u00e9giment d\u2019artillerie de marine de Saint-Aubin-du-Cormier (11e RAMA), ou encore le 6e r\u00e9giment du g\u00e9nie d\u2019Angers (6e RG). Il soutient aussi les \u00e9coles militaires de Saint-Cyr-Co\u00ebtquidan, Saumur, Cesson-S\u00e9vign\u00e9 et Angers.<\/p>\n<p>\t<img decoding=\"async\" src=\"https:\/\/www.europesays.com\/fr\/wp-content\/uploads\/2025\/07\/P35374670D6913785G_px_640_.jpg\" alt=\"photo le colonel delibes, nouveau chef de corps du 2e rmat, salue le colonel bozano \u00e0 qui il succ\u00e8de. en arri\u00e8re-plan, le g\u00e9n\u00e9ral de roquefeuil, ancien chef de corps du 2e rmat, aujourd\u2019hui commandant de la brigade de maintenance de l\u2019arm\u00e9e de terre.  \u00a9  ouest-france\" width=\"640\" title=\" Le colonel Delibes, nouveau chef de corps du 2e RMAT, salue le colonel Bozano \u00e0 qui il succ\u00e8de. En arri\u00e8re-plan, le g\u00e9n\u00e9ral de Roquefeuil, ancien chef de corps du 2e RMAt, aujourd\u2019hui commandant de la brigade de maintenance de l\u2019arm\u00e9e de terre.   Ouest-France \"\/><\/p>\n<p class=\"elmt-legende\"> Le colonel Delibes, nouveau chef de corps du 2e RMAT, salue le colonel Bozano \u00e0 qui il succ\u00e8de. En arri\u00e8re-plan, le g\u00e9n\u00e9ral de Roquefeuil, ancien chef de corps du 2e RMAt, aujourd\u2019hui commandant de la brigade de maintenance de l\u2019arm\u00e9e de terre.   Ouest-France <\/p>\n<p>Ag\u00e9 de 42\u00a0ans, mari\u00e9, p\u00e8re de six enfants, le colonel Matthieu Delibes a suivi sa formation initiale d\u2019officier \u00e0 l\u2019\u00e9cole sp\u00e9ciale militaire de Saint-Cyr-Co\u00ebtquidan entre 2003 et 2006 (promotion G\u00e9n\u00e9ral Simon).<\/p>\n<p>Le colonel Bozano va rejoindre la sous-direction Etudes et prospective de la direction des ressources humaines de l\u2019arm\u00e9e de terre (DRH-AT), \u00e0 Paris. Il a fait ses premiers pas au 2e\u00a0RMAT au sein de la section d\u00e9tach\u00e9e du 2e\u00a0RMAT, \u00e0 Vannes, de 2007 \u00e0 2010, p\u00e9riode pendant laquelle il a particip\u00e9 \u00e0 des missions au Kosovo, en Afghanistan et au Liban. Il a \u00e9t\u00e9 chef du bureau op\u00e9ration instruction (BOI) du 2e\u00a0RMAT de 2020 \u00e0 2022, avant de rejoindre les cadres de l\u2019Acad\u00e9mie militaire de Saint-Cyr-Co\u00eatquidan, \u00e0 Guer (Morbihan). Jusqu\u2019\u00e0 il y a quelques jours encore, il \u00e9tait <a href=\"https:\/\/brest.maville.com\/actu\/actudet_-en-images.-200-saint-cyriens-a-l-assaut-de-la-presqu-ile-de-crozon-_6-6669062_actu.Htm\" target=\"_blank\" rel=\"nofollow noopener\">le commandant du 1er bataillon de l\u2019\u00c9cole sp\u00e9ciale militaire de Saint-Cyr Co\u00ebtquidan (ESM)<\/a> constitu\u00e9 de 200\u00a0officiers \u00e9l\u00e8ves de la promotion \u00ab\u00a0Capitaine Goupil\u00a0\u00bb (2022-2025) qui viennent de clore leurs trois ann\u00e9es de formation initiale, samedi 19\u00a0juillet 2025, \u00e0 l\u2019issue de <a href=\"https:\/\/ploermel.maville.com\/actu\/actudet_-a-guer-le-triomphe-de-saint-cyr-coetquidan-marque-le-fin-de-scolarites-_12-6898127_actu.Htm\" target=\"_blank\" rel=\"nofollow noopener\">la f\u00eate du Triomphe 2025<\/a>.<\/p>\n<p>\u00a0<\/p>\n","protected":false},"excerpt":{"rendered":"Le colonel Matthieu Delibes succ\u00e8de au colonel Emeric Bozano comme chef de corps du 2e\u00a0r\u00e9giment du mat\u00e9riel (2e&hellip;\n","protected":false},"author":2,"featured_media":274545,"comment_status":"","ping_status":"","sticky":false,"template":"","format":"standard","meta":{"footnotes":""},"categories":[2821],"tags":[41406,1111,11,1438,829,7818,41405,1777,674,1011,27,4430,29592,12,4565,3762,17293,584,25,17643],"class_list":{"0":"post-274544","1":"post","2":"type-post","3":"status-publish","4":"format-standard","5":"has-post-thumbnail","7":"category-rennes","8":"tag-2e","9":"tag-actu","10":"tag-actualites","11":"tag-angers","12":"tag-bretagne","13":"tag-chef","14":"tag-corsaires","15":"tag-eu","16":"tag-europe","17":"tag-fr","18":"tag-france","19":"tag-images","20":"tag-materiel","21":"tag-news","22":"tag-nouveau","23":"tag-pres","24":"tag-regiment","25":"tag-rennes","26":"tag-republique-francaise","27":"tag-tete"},"share_on_mastodon":{"url":"https:\/\/pubeurope.com\/@fr\/114918076303156751","error":""},"_links":{"self":[{"href":"https:\/\/www.europesays.com\/fr\/wp-json\/wp\/v2\/posts\/274544","targetHints":{"allow":["GET"]}}],"collection":[{"href":"https:\/\/www.europesays.com\/fr\/wp-json\/wp\/v2\/posts"}],"about":[{"href":"https:\/\/www.europesays.com\/fr\/wp-json\/wp\/v2\/types\/post"}],"author":[{"embeddable":true,"href":"https:\/\/www.europesays.com\/fr\/wp-json\/wp\/v2\/users\/2"}],"replies":[{"embeddable":true,"href":"https:\/\/www.europesays.com\/fr\/wp-json\/wp\/v2\/comments?post=274544"}],"version-history":[{"count":0,"href":"https:\/\/www.europesays.com\/fr\/wp-json\/wp\/v2\/posts\/274544\/revisions"}],"wp:featuredmedia":[{"embeddable":true,"href":"https:\/\/www.europesays.com\/fr\/wp-json\/wp\/v2\/media\/274545"}],"wp:attachment":[{"href":"https:\/\/www.europesays.com\/fr\/wp-json\/wp\/v2\/media?parent=274544"}],"wp:term":[{"taxonomy":"category","embeddable":true,"href":"https:\/\/www.europesays.com\/fr\/wp-json\/wp\/v2\/categories?post=274544"},{"taxonomy":"post_tag","embeddable":true,"href":"https:\/\/www.europesays.com\/fr\/wp-json\/wp\/v2\/tags?post=274544"}],"curies":[{"name":"wp","href":"https:\/\/api.w.org\/{rel}","templated":true}]}}