{"id":274546,"date":"2025-07-26T06:17:16","date_gmt":"2025-07-26T06:17:16","guid":{"rendered":"https:\/\/www.europesays.com\/fr\/274546\/"},"modified":"2025-07-26T06:17:16","modified_gmt":"2025-07-26T06:17:16","slug":"strasbourg-le-milan-noir-cerf-volant-du-sahara-plane-au-dessus-des-reserves-naturelles-alsaciennes","status":"publish","type":"post","link":"https:\/\/www.europesays.com\/fr\/274546\/","title":{"rendered":"Strasbourg. Le Milan noir, cerf-volant du Sahara, plane au dessus des r\u00e9serves naturelles alsaciennes"},"content":{"rendered":"<p class=\"insetTitle\">L&rsquo;\u00eele du Rohrschollen, un espace naturel soumis aux transformations<\/p>\n<p>Autrefois travers\u00e9 par le Rhin sauvage, le Rohrschollen a chang\u00e9 de visage apr\u00e8s des travaux entrepris d\u00e8s le XIXe si\u00e8cle. Le r\u00e9chauffement climatique et la mont\u00e9e des eaux pourraient encore modifier la r\u00e9serve naturelle longue de cinq kilom\u00e8tres.<\/p>\n<p>Le Rhin sauvage offrait alors au Rohrschollen une diversit\u00e9 d\u2019esp\u00e8ces animales et v\u00e9g\u00e9tales immense. Mais, si le d\u00e9bit du fleuve\u00a0proposait, \u00e0 l&rsquo;\u00e9poque, un paysage vari\u00e9, il provoquait aussi des crues d\u00e9vastatrices. Il a fallu l\u2019intervention de l\u2019Homme d\u00e8s le XIXe si\u00e8cle pour limiter les inondations et rem\u00e9dier au d\u00e9bit incertain du Rhin. La canalisation du\u00a0fleuve au milieu du si\u00e8cle suivant a engendr\u00e9 la s\u00e9paration du Rohrschollen de la for\u00eat du Neuhof, provoquant l&rsquo;apparition de l\u2019\u00eele.<\/p>\n<p>En 1970, la mise en service de la centrale hydro\u00e9lectrique a ent\u00e9rin\u00e9 la transformation du paysage. \u00ab\u200aLe milieu stagnant favorise la venue plus nombreuse d\u2019oiseaux hivernants, raconte Guillaume Schoch. On y trouve aujourd\u2019hui beaucoup de canards aquatiques ou de cigognes.\u200a\u00bb Depuis, les animaux ont appris \u00e0 s\u2019habituer aux usines voisines et autres lignes \u00e0 haute tension.<a href=\"https:\/\/www.dna.fr\/environnement\/2021\/04\/19\/video-connaissez-vous-le-rohrschollen\" target=\"_blank\" rel=\"noopener\"> L\u2019\u00eele du Rohrschollen<\/a> devient officiellement une r\u00e9serve naturelle en 1997, renfor\u00e7ant la protection de son \u00e9cosyst\u00e8me, situ\u00e9 \u00e0 10 km du centre de Strasbourg.<\/p>\n<p>La menace du r\u00e9chauffement climatique<\/p>\n<p>M\u00eame s\u2019il ne peut pas lire pr\u00e9cis\u00e9ment dans l\u2019avenir, Guillaume Schoch sait que le r\u00e9chauffement climatique va avoir un impact important sur ce milieu\u200a: \u00ab\u200aLa mont\u00e9e des eaux va nous forcer \u00e0 \u00eatre particuli\u00e8rement vigilant au r\u00e9gime hydrique de la r\u00e9serve.\u200a\u00bb La menace climatique risque de toucher toutes les esp\u00e8ces vivantes de la zone. Les arbres pourraient \u00eatre des victimes directes, entra\u00eenant avec elles les oiseaux qui s\u2019y r\u00e9fugient\u200a: \u00ab\u200aLes maladies pourraient se multiplier alors que la chalarose d\u00e9cime d\u00e9j\u00e0 nos fr\u00eanes, pourtant bien implant\u00e9s ici.\u200a\u00bb<\/p>\n<p>Mais d\u2019ici l\u00e0, le personnel des r\u00e9serves naturelles invite les Strasbourgeois \u00e0 se promener dans une zone pr\u00e9serv\u00e9e pour d\u00e9couvrir les 228 esp\u00e8ces d\u2019oiseaux recens\u00e9es. \u00ab\u200aNous demandons n\u00e9anmoins \u00e0 tous de faire attention aux d\u00e9chets qui peuvent se retrouver dans la nature et dans l\u2019estomac des animaux.\u200a\u00bb Hormis ce rappel essentiel, la cueillette est permise m\u00eame si la flore reste prot\u00e9g\u00e9e. \u00ab\u200aLes promeneurs peuvent ramasser les champignons et l\u2019ail des ours \u00e0 condition de rester raisonnable\u200a\u00bb, conclut Guillaume Schoch.<\/p>\n<p class=\"insetSignature\">M.F.<\/p>\n","protected":false},"excerpt":{"rendered":"L&rsquo;\u00eele du Rohrschollen, un espace naturel soumis aux transformations Autrefois travers\u00e9 par le Rhin sauvage, le Rohrschollen a&hellip;\n","protected":false},"author":2,"featured_media":274547,"comment_status":"","ping_status":"","sticky":false,"template":"","format":"standard","meta":{"footnotes":""},"categories":[2820],"tags":[1111,11,1867,2880,1777,674,107,1011,27,775,9588,3035,12,1800,5140,25,41407,640,3089],"class_list":{"0":"post-274546","1":"post","2":"type-post","3":"status-publish","4":"format-standard","5":"has-post-thumbnail","7":"category-strasbourg","8":"tag-actu","9":"tag-actualites","10":"tag-animaux","11":"tag-edition-strasbourg","12":"tag-eu","13":"tag-europe","14":"tag-fil-info","15":"tag-fr","16":"tag-france","17":"tag-grand-est","18":"tag-ici-on-agit","19":"tag-la-matinale-strasbourg","20":"tag-news","21":"tag-pollution","22":"tag-rechauffement-climatique","23":"tag-republique-francaise","24":"tag-serie-dete","25":"tag-strasbourg","26":"tag-strasbourg-sud"},"share_on_mastodon":{"url":"https:\/\/pubeurope.com\/@fr\/114918080088977821","error":""},"_links":{"self":[{"href":"https:\/\/www.europesays.com\/fr\/wp-json\/wp\/v2\/posts\/274546","targetHints":{"allow":["GET"]}}],"collection":[{"href":"https:\/\/www.europesays.com\/fr\/wp-json\/wp\/v2\/posts"}],"about":[{"href":"https:\/\/www.europesays.com\/fr\/wp-json\/wp\/v2\/types\/post"}],"author":[{"embeddable":true,"href":"https:\/\/www.europesays.com\/fr\/wp-json\/wp\/v2\/users\/2"}],"replies":[{"embeddable":true,"href":"https:\/\/www.europesays.com\/fr\/wp-json\/wp\/v2\/comments?post=274546"}],"version-history":[{"count":0,"href":"https:\/\/www.europesays.com\/fr\/wp-json\/wp\/v2\/posts\/274546\/revisions"}],"wp:featuredmedia":[{"embeddable":true,"href":"https:\/\/www.europesays.com\/fr\/wp-json\/wp\/v2\/media\/274547"}],"wp:attachment":[{"href":"https:\/\/www.europesays.com\/fr\/wp-json\/wp\/v2\/media?parent=274546"}],"wp:term":[{"taxonomy":"category","embeddable":true,"href":"https:\/\/www.europesays.com\/fr\/wp-json\/wp\/v2\/categories?post=274546"},{"taxonomy":"post_tag","embeddable":true,"href":"https:\/\/www.europesays.com\/fr\/wp-json\/wp\/v2\/tags?post=274546"}],"curies":[{"name":"wp","href":"https:\/\/api.w.org\/{rel}","templated":true}]}}