{"id":274550,"date":"2025-07-26T06:19:11","date_gmt":"2025-07-26T06:19:11","guid":{"rendered":"https:\/\/www.europesays.com\/fr\/274550\/"},"modified":"2025-07-26T06:19:11","modified_gmt":"2025-07-26T06:19:11","slug":"cessole-a-evolue-pas-que-dans-le-bon-sens-mais-reste-un-quartier-tres-agreable-les-nicois-commentent-les-changements-des-dernieres-decennies","status":"publish","type":"post","link":"https:\/\/www.europesays.com\/fr\/274550\/","title":{"rendered":"\u00ab\u00a0Cessole a \u00e9volu\u00e9, pas que dans le bon sens, mais reste un quartier tr\u00e8s agr\u00e9able\u00a0\u00bb: les Ni\u00e7ois commentent les changements des derni\u00e8res d\u00e9cennies"},"content":{"rendered":"<p>\u00ab\u00a0\u00c7a a chang\u00e9.\u00a0\u00bb<\/p>\n<p>Cessole reste un quartier agr\u00e9able mais ces derni\u00e8res ann\u00e9es sont apparus des probl\u00e8mes de s\u00e9curit\u00e9, des gens qui roulent beaucoup trop vite. Il faudrait faire quelque chose\u00a0\u00bb, sugg\u00e8re Josiane. Du haut de ses 80 printemps, cette retrait\u00e9e guillerette fait partie des figures incontournables des lieux. Nice-Matin l\u2019a rencontr\u00e9e en m\u00eame temps que d\u2019autres habitants pour savoir ce qu\u2019ils pensaient de l\u2019\u00e9volution de leur quartier.<\/p>\n<p>Des drames survenus ces derniers mois ont traumatis\u00e9 Cessole: la mort de Yoann Pietri, un quadrag\u00e9naire tu\u00e9 d\u2019un <a href=\"https:\/\/www.nicematin.com\/faits-divers\/-il-avait-le-coeur-sur-la-main-qui-etait-yoann-pietri-poignarde-en-pleine-rue-a-nice-le-9-juillet--994833\" rel=\"nofollow noopener\" target=\"_blank\">coup de couteau le 9 juillet<\/a>, celle du jeune motard de 22 ans, <a href=\"https:\/\/www.nicematin.com\/faits-divers\/qui-etait-alexandre-22-ans-le-jeune-motard-decede-dans-un-terrible-accident-sur-le-boulevard-de-cessole-a-nice-982193\" rel=\"nofollow noopener\" target=\"_blank\">Alexandre Gon\u00e7alves<\/a>, qui a perdu la vie dans un accident le 11 avril et celle de https:\/\/www.nicematin.com\/securite\/apres-plusieurs-drames-et-la-colere-des-riverains-bientot-un-radar-sur-le-boulevard-de-cessole-a-nice&#8211;990994\u2026 \u00ab\u00a0Les gens roulent comme des fous, peste Pascal, 66 ans. C\u2019est comme \u00e7a depuis qu\u2019ils ont mis le sens unique.\u00a0\u00bb La Ville, a d\u2019ailleurs sollicit\u00e9 la pr\u00e9fecture pour l\u2019installation d\u2019un radar au niveau de ce boulevard de Nice-Nord.<\/p>\n<p>\u00ab\u00a0Je suis n\u00e9e ici et j\u2019y vis toujours, l\u00e0, dans cette maison\u00a0\u00bb, poursuit la Ni\u00e7oise en d\u00e9signant une b\u00e2tisse derri\u00e8re les Pains de l\u2019Horloge. \u00ab\u00a0Quand j\u2019\u00e9tais jeune, c\u2019\u00e9tait un secteur bourgeois. Il s\u2019est paup\u00e9ris\u00e9. C\u2019est devenu populaire et moins bien fr\u00e9quent\u00e9.\u00a0\u00bb Pour autant, elle n\u2019a jamais souhait\u00e9 quitter ce secteur qu\u2019elle conna\u00eet tant. C\u2019est la m\u00eame musique chez Louis et Jeanne, un couple d\u2019octog\u00e9naires promenant leur chien, Fango. Ils se sont rencontr\u00e9s l\u00e0. Les parents de monsieur \u00ab\u00a0tenaient une droguerie \u00e0 Saint-Sylvestre et une autre au passage \u00e0 niveau\u00a0\u00bb. Madame, elle, \u00ab\u00a0allait au patronage \u00e0 Saint-Barth\u00e9my\u00a0\u00bb.<\/p>\n<p>Josiane se replonge \u00e0 son tour dans ses souvenirs: \u00ab\u00a0Mon p\u00e8re a tenu l\u2019\u00e9picerie g\u00e9n\u00e9rale jusqu\u2019en 1940, quand il a d\u00fb partir \u00e0 la guerre. Le magasin avait \u00e9t\u00e9 ensuite vendu et c\u2019est devenu la station Shell.\u00a0\u00bb Elle montre une ancienne photo sur son smartphone: \u00ab\u00a0Regardez, c\u2019est ma s\u0153ur \u00e0 l\u2019hiver 1956. On avait fait un grand bonhomme de neige et il avait fait tellement froid qu\u2019il avait tenu 8 jours. Nice-Matin avait m\u00eame fait un article.\u00a0\u00bb Jeanne s\u2019en rappelle: \u00ab\u00a0mais oui, on avait fait de la luge! \u00c0 l\u2019\u00e9poque, il y avait un v\u00e9ritable esprit village, qu\u2019on n\u2019a plus. Ici, dans le jardin de l\u2019horloge \u2013 d\u2019ailleurs on l\u2019appelait la pendule! \u2013 on y faisait les festins. C\u2019est dommage qu\u2019il n\u2019y en ait plus. Le quartier a \u00e9volu\u00e9 mais pas que dans le bon sens.\u00a0\u00bb<\/p>\n<p>\u00ab\u00a0Les gens roulent comme des fous\u00a0\u00bb<\/p>\n<p>              <img ci-src=\"https:\/\/www.nicematin.com\/vie-locale\/protec\/DATA_ART_15971522-zPrsBOvm.jpg?vh=94f570&amp;ci_seal=6b012efb64\" alt=\"\"\/><br \/>\n        L\u2019\u00e9picerie g\u00e9n\u00e9rale tenue par le p\u00e8re de Josiane jusqu\u2019en 1940. <strong>DR.<\/strong> <\/p>\n<p>Son \u00e9poux se rem\u00e9more aussi du temps o\u00f9 \u00ab\u00a0\u00e0 Saint-Sylvestre il y avait une vacherie. On allait chercher le lait. Au fond de Jean-Behra, on se baignait les pieds dans le petit cours d\u2019eau.\u00a0\u00bb<\/p>\n<p>Marie-Jos\u00e9e, 75 ans, pr\u00e9f\u00e8re aussi \u00ab\u00a0comment c\u2019\u00e9tait avant\u00a0\u00bb mais \u00ab\u00a0ne souhaite pas non plus d\u00e9m\u00e9nager\u00a0\u00bb. \u00ab\u00a0C\u2019est un quartier agr\u00e9able, calme, m\u00eame s\u2019il faut \u00eatre vigilant\u00a0\u00bb, ajoute Nicolas, 60 ans qui travaille au CCAS.<\/p>\n<p>Les Ni\u00e7ois confient un sentiment d\u2019ins\u00e9curit\u00e9. \u00ab\u00a0On aimerait qu\u2019il y ait davantage de patrouilles de police\u00a0\u00bb, lance Josiane. Une commer\u00e7ante, qui souhaite garder l\u2019anonymat, confirme qu\u2019\u00a0\u00bbil peut y avoir des soucis parfois\u00a0\u00bb tout en temp\u00e9rant imm\u00e9diatement: \u00ab\u00a0Mais ce n\u2019est pas Chicago tout de m\u00eame! Nous allons voir pour nous organiser: pourquoi pas commencer par un groupe WhatsApp pour nous tenir inform\u00e9s entre commer\u00e7ants de ce qu\u2019il se passe. Et nous avons entendu parler, dans Nice-Matin d\u2019ailleurs, du dispositif VigiCommerce de la Ville. On pourrait le mettre en place et rejoindre ce r\u00e9seau de professionnels vigilants.\u00a0\u00bb<\/p>\n<p>S\u2019il y a bien un sujet qui fait consensus \u2013 et qui est positif \u2013 c\u2019est le commerce. Les habitants appr\u00e9cient le fait \u00ab\u00a0qu\u2019il y a tout sur place. Pas besoin de prendre la voiture, on peut faire les courses dans le quartier\u00a0\u00bb, se r\u00e9jouit Marie-Jos\u00e9e. \u00ab\u00a0Et il y a de bons petits restos\u00a0\u00bb, ajoute Nicolas qui conseille les Tapas de Gaviota.<\/p>\n<p>\u00ab\u00a0L\u2019avantage aussi c\u2019est que cela favorise les \u00e9changes. Les gens se parlent le matin en prenant le caf\u00e9 au bar ou \u00e0 la terrasse de la boulangerie\u00a0\u00bb, note Josiane. Et Nicolas de conclure: \u00ab\u00a0Il y a un tissu social int\u00e9ressant \u00e0 Cessole\u00a0\u00bb.<\/p>\n<p>\u00ab\u00a0Plein de vie\u00a0\u00bb<\/p>\n<p>              <img ci-src=\"https:\/\/www.nicematin.com\/vie-locale\/protec\/DATA_ART_15971520-KtJf4AnL.jpg?vh=05ab41&amp;ci_seal=ee409aee3b\" alt=\"\"\/><br \/>\n         <strong>DR.<\/strong> <\/p>\n<p>\u00ab\u00a0Cessole est avant tout un quartier plein de vie\u00a0\u00bb, analyse Orlandi Bernardi, le pr\u00e9sident du comit\u00e9 de quartier. Il a cr\u00e9\u00e9 il y a 3 ans, l\u2019association Azur Oxalis \u00ab\u00a0qui accompagne les personnes fragilis\u00e9es, seniors ou endeuill\u00e9s\u00a0\u00bb. Parmi les points \u00e0 surveiller, selon lui: \u00ab\u00a0l\u2019urbanisation. Il y a une chasse \u00e0 la dent creuse qu\u2019il faut cesser.\u00a0\u00bb Il plaide aussi pour \u00ab\u00a0davantage de v\u00e9g\u00e9talisation sur Cyrille-Besset\u00a0\u00bb et \u00ab\u00a0salue le travail de Jean-Marie, le cantonnier du quartier. C\u2019est un homme tr\u00e8s pro, agr\u00e9able. Il est discret mais tout le monde le conna\u00eet et l\u2019appr\u00e9cie.\u00a0\u00bb Lui aussi aimerait \u00ab\u00a0davantage de police de proximit\u00e9\u00a0\u00bb.<\/p>\n","protected":false},"excerpt":{"rendered":"\u00ab\u00a0\u00c7a a chang\u00e9.\u00a0\u00bb Cessole reste un quartier agr\u00e9able mais ces derni\u00e8res ann\u00e9es sont apparus des probl\u00e8mes de s\u00e9curit\u00e9,&hellip;\n","protected":false},"author":2,"featured_media":274551,"comment_status":"","ping_status":"","sticky":false,"template":"","format":"standard","meta":{"footnotes":""},"categories":[2819],"tags":[1111,11,1777,674,1011,27,12,2401,882,25,3366],"class_list":{"0":"post-274550","1":"post","2":"type-post","3":"status-publish","4":"format-standard","5":"has-post-thumbnail","7":"category-nice","8":"tag-actu","9":"tag-actualites","10":"tag-eu","11":"tag-europe","12":"tag-fr","13":"tag-france","14":"tag-news","15":"tag-nice","16":"tag-provence-alpes-cote-dazur","17":"tag-republique-francaise","18":"tag-vie-locale"},"share_on_mastodon":{"url":"https:\/\/pubeurope.com\/@fr\/114918087946497682","error":""},"_links":{"self":[{"href":"https:\/\/www.europesays.com\/fr\/wp-json\/wp\/v2\/posts\/274550","targetHints":{"allow":["GET"]}}],"collection":[{"href":"https:\/\/www.europesays.com\/fr\/wp-json\/wp\/v2\/posts"}],"about":[{"href":"https:\/\/www.europesays.com\/fr\/wp-json\/wp\/v2\/types\/post"}],"author":[{"embeddable":true,"href":"https:\/\/www.europesays.com\/fr\/wp-json\/wp\/v2\/users\/2"}],"replies":[{"embeddable":true,"href":"https:\/\/www.europesays.com\/fr\/wp-json\/wp\/v2\/comments?post=274550"}],"version-history":[{"count":0,"href":"https:\/\/www.europesays.com\/fr\/wp-json\/wp\/v2\/posts\/274550\/revisions"}],"wp:featuredmedia":[{"embeddable":true,"href":"https:\/\/www.europesays.com\/fr\/wp-json\/wp\/v2\/media\/274551"}],"wp:attachment":[{"href":"https:\/\/www.europesays.com\/fr\/wp-json\/wp\/v2\/media?parent=274550"}],"wp:term":[{"taxonomy":"category","embeddable":true,"href":"https:\/\/www.europesays.com\/fr\/wp-json\/wp\/v2\/categories?post=274550"},{"taxonomy":"post_tag","embeddable":true,"href":"https:\/\/www.europesays.com\/fr\/wp-json\/wp\/v2\/tags?post=274550"}],"curies":[{"name":"wp","href":"https:\/\/api.w.org\/{rel}","templated":true}]}}