{"id":274555,"date":"2025-07-26T06:22:13","date_gmt":"2025-07-26T06:22:13","guid":{"rendered":"https:\/\/www.europesays.com\/fr\/274555\/"},"modified":"2025-07-26T06:22:13","modified_gmt":"2025-07-26T06:22:13","slug":"la-pepite-nathan-zeze-quitte-nantes-pour-larabie-saoudite","status":"publish","type":"post","link":"https:\/\/www.europesays.com\/fr\/274555\/","title":{"rendered":"La p\u00e9pite Nathan Z\u00e9z\u00e9 quitte Nantes pour l&rsquo;Arabie Saoudite"},"content":{"rendered":"<p style=\"text-align: justify;\"><strong>TRANSFERTS \u2013 Selon <a href=\"https:\/\/www.footmercato.net\/a7080117189755347196-nantes-daccord-avec-neom-pour-la-plus-grosse-vente-de-son-histoire\" target=\"_blank\" rel=\"noopener nofollow\">Foot Mercato<\/a>, le FC Nantes a accept\u00e9 de vendre le jeune Nathan Z\u00e9z\u00e9 \u00e0 Neom, club saoudien.<\/strong><\/p>\n<p style=\"text-align: justify;\">Alors que les recrues tardent \u00e0 arriver du c\u00f4t\u00e9 du <strong>FC<\/strong> <strong>Nantes<\/strong>, plusieurs joueurs ont d\u00e9j\u00e0 \u00e9t\u00e9 vendus cet \u00e9t\u00e9, \u00e0 commencer par <strong>Moses<\/strong> <strong>Simon<\/strong>. L\u2019ailier a rejoint le <strong>Paris<\/strong> <strong>FC<\/strong> contre 7 millions d\u2019euros. Tr\u00e8s courtis\u00e9, <strong>Matthis<\/strong> <strong>Abline<\/strong> est lui toujours au club et les <strong>Canaris<\/strong> ne veulent pas s\u2019en s\u00e9parer \u00e0 moins d\u2019une offre exceptionnelle.<\/p>\n<p>Neom va signer Nathan Z\u00e9z\u00e9<\/p>\n<p style=\"text-align: justify;\"><strong>Nathan<\/strong> <strong>Z\u00e9z\u00e9<\/strong>, r\u00e9v\u00e9lation de la derni\u00e8re saison et international espoirs, a, lui aussi, une belle cote sur le march\u00e9. Si l\u2019<strong>Inter Milan<\/strong> \u00e9tait notamment int\u00e9ress\u00e9 par son profil, <strong>Villarreal<\/strong> semblait \u00eatre le mieux plac\u00e9 pour r\u00e9cup\u00e9rer le d\u00e9fenseur central de 20 ans. L\u2019id\u00e9e de jouer la <strong>Ligue<\/strong> <strong>des<\/strong> <strong>Champions<\/strong> \u00e9tait un bel atout pour le club espagnol dans la course \u00e0 sa signature, mais il n\u2019en sera finalement rien.<\/p>\n<p style=\"text-align: justify;\"><strong>Neom<\/strong> (Arabie Saoudite) a propos\u00e9 une offre sup\u00e9rieure au FC Nantes, avec pas moins de 20 millions en fixe et des bonus. De plus, le joueur a re\u00e7u une proposition financi\u00e8re bien plus importante. \u00c0 seulement 20 ans, <strong>Nathan<\/strong> <strong>Z\u00e9z\u00e9<\/strong> va donc rejoindre l\u2019Arabie Saoudite alors que le <strong>FC<\/strong> <strong>Nantes<\/strong> va enregistrer la plus grosse vente de son histoire. Le jeune d\u00e9fenseur \u00e9voluera notamment avec <strong>Alexandre<\/strong> <strong>Lacazette<\/strong>, recrue phare du club saoudien.<\/p>\n<p>\u00c0 ce sujet<br \/>\n<a href=\"https:\/\/dicodusport.fr\/blog\/mercato-nantes-2025-2026-le-tableau-complet-des-transferts-arrivees-et-departs\/\" class=\"vlp-link\" title=\"Mercato Nantes 2025-2026 : Le tableau complet des transferts, arriv\u00e9es et d\u00e9parts\" rel=\"nofollow noopener\" target=\"_blank\"><img loading=\"lazy\" decoding=\"async\" style=\"max-width: 792px;\" width=\"792\" height=\"445\" class=\"attachment-800x445 size-800x445 perfmatters-lazy\" alt=\"Mercato Nantes 2025-2026 Le tableau complet des transferts, arriv\u00e9es et d\u00e9parts\" src=\"https:\/\/www.europesays.com\/fr\/wp-content\/uploads\/2025\/07\/Mercato-Nantes-2025-2026-Le-tableau-complet-des-transferts-arrivees-et-departs.png\"  data-\/><\/p>\n<p>Mercato Nantes 2025-2026 : Le tableau complet des transferts, arriv\u00e9es et d\u00e9parts<\/p>\n<p>TRANSFERTS NANTES &#8211; Retrouvez tous les mouvements du FC Nantes Atlantique pour l&rsquo;intersaison 2025 en Ligue 1. Arriv\u00e9es, d\u00e9part, pr\u00eats, transferts d\u00e9finitifs, ne ratez rien du mercato estival.\u00a0<\/p>\n<p>Lire l&rsquo;article<\/p>\n<p>dicodusport.fr<\/p>\n","protected":false},"excerpt":{"rendered":"TRANSFERTS \u2013 Selon Foot Mercato, le FC Nantes a accept\u00e9 de vendre le jeune Nathan Z\u00e9z\u00e9 \u00e0 Neom,&hellip;\n","protected":false},"author":2,"featured_media":274556,"comment_status":"","ping_status":"","sticky":false,"template":"","format":"standard","meta":{"footnotes":""},"categories":[2818],"tags":[1111,11,2113,1777,674,1011,27,23100,766,12,2636,25],"class_list":{"0":"post-274555","1":"post","2":"type-post","3":"status-publish","4":"format-standard","5":"has-post-thumbnail","7":"category-nantes","8":"tag-actu","9":"tag-actualites","10":"tag-breve","11":"tag-eu","12":"tag-europe","13":"tag-fr","14":"tag-france","15":"tag-mercato-football","16":"tag-nantes","17":"tag-news","18":"tag-pays-de-la-loire","19":"tag-republique-francaise"},"share_on_mastodon":{"url":"https:\/\/pubeurope.com\/@fr\/114918099960305221","error":""},"_links":{"self":[{"href":"https:\/\/www.europesays.com\/fr\/wp-json\/wp\/v2\/posts\/274555","targetHints":{"allow":["GET"]}}],"collection":[{"href":"https:\/\/www.europesays.com\/fr\/wp-json\/wp\/v2\/posts"}],"about":[{"href":"https:\/\/www.europesays.com\/fr\/wp-json\/wp\/v2\/types\/post"}],"author":[{"embeddable":true,"href":"https:\/\/www.europesays.com\/fr\/wp-json\/wp\/v2\/users\/2"}],"replies":[{"embeddable":true,"href":"https:\/\/www.europesays.com\/fr\/wp-json\/wp\/v2\/comments?post=274555"}],"version-history":[{"count":0,"href":"https:\/\/www.europesays.com\/fr\/wp-json\/wp\/v2\/posts\/274555\/revisions"}],"wp:featuredmedia":[{"embeddable":true,"href":"https:\/\/www.europesays.com\/fr\/wp-json\/wp\/v2\/media\/274556"}],"wp:attachment":[{"href":"https:\/\/www.europesays.com\/fr\/wp-json\/wp\/v2\/media?parent=274555"}],"wp:term":[{"taxonomy":"category","embeddable":true,"href":"https:\/\/www.europesays.com\/fr\/wp-json\/wp\/v2\/categories?post=274555"},{"taxonomy":"post_tag","embeddable":true,"href":"https:\/\/www.europesays.com\/fr\/wp-json\/wp\/v2\/tags?post=274555"}],"curies":[{"name":"wp","href":"https:\/\/api.w.org\/{rel}","templated":true}]}}