{"id":274557,"date":"2025-07-26T06:23:10","date_gmt":"2025-07-26T06:23:10","guid":{"rendered":"https:\/\/www.europesays.com\/fr\/274557\/"},"modified":"2025-07-26T06:23:10","modified_gmt":"2025-07-26T06:23:10","slug":"pres-de-bordeaux-des-citoyens-sengagent-pour-proteger-leurs-rues-face-a-la-hausse-des-cambriolages","status":"publish","type":"post","link":"https:\/\/www.europesays.com\/fr\/274557\/","title":{"rendered":"Pr\u00e8s de Bordeaux, des citoyens s\u2019engagent pour prot\u00e9ger leurs rues face \u00e0 la hausse des cambriolages"},"content":{"rendered":"<p>            Par<br \/>\n        <strong><br \/>\n            <a href=\"https:\/\/actu.fr\/auteur\/charlotte-lesprit\" title=\"Consulter tous les articles de Charlotte Lesprit\" target=\"_blank\" rel=\"noopener\">Charlotte Lesprit<\/a><br \/>\n        <\/strong><\/p>\n<p>        Publi\u00e9 le<\/p>\n<p>            26 juil. 2025 \u00e0 7h32        <\/p>\n<p>Selon une \u00e9tude publi\u00e9e par l\u2019assureur Leocare, l\u2019\u00e9volution des <a href=\"https:\/\/actu.fr\/tag\/cambriolage\" target=\"_blank\" rel=\"noopener\">cambriolages<\/a> serait particuli\u00e8rement importante en Gironde. Avec un taux de <strong>8,7 vols par effraction pour 1\u2009000 habitants <\/strong>en 2024, le d\u00e9partement se place parmi les plus touch\u00e9s de l\u2019Hexagone, derri\u00e8re les Bouches-du-Rh\u00f4ne et l\u2019Is\u00e8re. Du c\u00f4t\u00e9 de Bordeaux, la commune de <a href=\"https:\/\/actu.fr\/nouvelle-aquitaine\/pessac_33318\" target=\"_blank\" rel=\"noopener\">Pessac <\/a>\u2014 un peu plus de 67\u2009000 habitants \u2014 tente d\u2019endiguer le fl\u00e9au depuis 2017 en pla\u00e7ant ses habitants au c\u0153ur du dispositif de vigilance. Ce programme d\u2019\u00c9tat, nomm\u00e9 <strong>\u00ab\u2009Participation citoyenne, pr\u00e9vention des cambriolages\u2009\u00bb<\/strong>, compte d\u00e9sormais 261 r\u00e9f\u00e9rents dans la ville. Parmi eux, Danielle a choisi de se porter volontaire pour sa rue, apr\u00e8s un \u00e9v\u00e9nement qui a marqu\u00e9 le voisinage.<\/p>\n<p class=\" wall-content\">Jeudi 8 mai 2025, les habitants de cette all\u00e9e calme et r\u00e9sidentielle du quartier Cap de Bos \u00e0 Pessac auraient pu aller chercher leur baguette de pain <strong>sans fermer leur portail, <\/strong>voire laisser la cl\u00e9 derri\u00e8re le pot de fleurs et a\u00e9rer la maison sans entreb\u00e2iller les volets\u2026 Les voisins se connaissent, se retrouvent et ont conscience de vivre dans un environnement privil\u00e9gi\u00e9. Jusqu\u2019\u00e0<strong> la prise de conscience<\/strong>, l\u2019\u00e9v\u00e9nement d\u00e9clencheur\u2009: un intrus dans une maison.<\/p>\n<p>Une s\u00e9curit\u00e9 partag\u00e9e<\/p>\n<p class=\" wall-content\">\u00ab\u2009Mon voisin \u00e9tait dans le garage, sa femme dans la cuisine et l\u2019intrus a \u00e9t\u00e9 retrouv\u00e9 dans une chambre, relate Danielle. Ils ont cri\u00e9 \u00a0\u00bbAu voleur !\u00a0\u00bb. L\u2019homme \u00e9tait malin car il faisait du porte \u00e0 porte en proposant ses services de lavage de voiture.\u2009\u00bb Gar\u00e9, \u00e0 l\u2019ext\u00e9rieur, <strong>un complice l\u2019attendait<\/strong> dans un v\u00e9hicule de location au logo bien reconnaissable. \u00ab\u2009C\u2019est traumatisant de voir quelqu\u2019un chez soi\u2009\u00bb, confie la quinquag\u00e9naire qui souhaite garder l\u2019anonymat.<\/p>\n<blockquote class=\"ac-article-quote wall-content\">\n<p>\u00ab\u2009Rejoindre le dispositif, c\u2019est cr\u00e9er un lien et faire attention aux gens qui s\u2019isolent et se renferment.\u2009\u00bb<\/p>\n<p>    <strong>Danielle<\/strong><br \/>\n        r\u00e9f\u00e9rente dans sa rue du dispositif Participation citoyenne, pr\u00e9vention des cambriolages\u00a0    <\/p><\/blockquote>\n<p class=\" wall-content\">Si Danielle, par chance, n\u2019a pas \u00e9t\u00e9 <a href=\"https:\/\/actu.fr\/nouvelle-aquitaine\/bordeaux_33063\/l-elu-fabien-robert-veut-creer-une-subvention-ouverte-a-tous-pour-lutter-contre-les-cambriolages-a-bordeaux_62424719.html\" target=\"_blank\" rel=\"noopener\">victime de cambriolage<\/a>, cet \u00e9pisode lui a donn\u00e9 envie d\u2019agir car, pour elle, \u00ab\u2009la s\u00e9curit\u00e9 est l\u2019affaire de tous, c\u2019est <strong>la force du collectif<\/strong>\u2009\u00bb. \u00c0 son compte et souvent <a href=\"https:\/\/actu.fr\/normandie\/cherbourg-en-cotentin_50129\/teletravail-cadre-droits-obligations-ce-quil-faut-savoir_62379122.html\" target=\"_blank\" rel=\"noopener\">en t\u00e9l\u00e9travail<\/a>, elle reconna\u00eet avoir plus de temps \u00e0 57\u00a0ans qu\u2019\u00e0 40 pour s\u2019impliquer dans le dispositif.<\/p>\n<p class=\" wall-content\">Sa mission\u2009: organiser <strong>la transmission et la remont\u00e9e aux forces de l\u2019ordre<\/strong> de d\u00e9tails et mouvements suspects qu\u2019elle recueille sur le terrain, notamment quand elle prom\u00e8ne ses deux chiens. Pour devenir b\u00e9n\u00e9vole, pas besoin d\u2019avoir un \u0153il de lynx. Un groupe WhatsApp, tel que celui qu\u2019elle partage avec ses voisins, est d\u00e9j\u00e0 un bon d\u00e9but. \u00ab\u2009Je suis la source d\u2019information de la <a href=\"https:\/\/actu.fr\/nouvelle-aquitaine\/bordeaux_33063\/bordeaux-renforce-sa-police-municipale-avec-un-poste-mobile-on-vous-explique_62785791.html\" target=\"_blank\" rel=\"noopener\">police municipale<\/a>. J\u2019ai pr\u00e9par\u00e9 <strong>une fiche avec mes contacts<\/strong> (NDLR, ils sont au nombre de deux). Je peux \u00e9crire un mail et en cas d\u2019urgences ou lors des jours f\u00e9ri\u00e9s, j\u2019appelle le 17\u2009\u00bb, explique Danielle.<\/p>\n<p>Les voleurs ne vident plus les maisons<\/p>\n<p class=\" wall-content\">\u00ab\u2009En deux minutes, on peut \u00eatre cambriol\u00e9\u2009\u00bb, rappelle St\u00e9phane Mari, adjoint aux proximit\u00e9s, mobilit\u00e9s, s\u00e9curit\u00e9, espaces publics et voirie \u00e0 la mairie de Pessac. \u00c0 juste titre, l\u2019\u00e9lu souligne que <strong>les modes op\u00e9ratoires ont \u00e9volu\u00e9<\/strong>\u2009: \u00ab\u2009Il y a quelques ann\u00e9es de \u00e7a, lorsqu\u2019une maison \u00e9tait cibl\u00e9e, vous rentriez chez vous et il n\u2019y avait plus rien. Or, aujourd\u2019hui, on parle de <strong>ph\u00e9nom\u00e8ne\u00a0d\u2019appropriation imm\u00e9diat<\/strong>.\u2009\u00bb<\/p>\n<p class=\" wall-content\">Les voleurs repartent avec quelques petits <a href=\"https:\/\/actu.fr\/nouvelle-aquitaine\/bordeaux_33063\/dans-cet-atelier-de-joaillerie-a-bordeaux-on-perpetue-un-savoir-faire-a-l-avenir-incertain_56150256.html\" target=\"_blank\" rel=\"noopener\">bijoux<\/a>, une bouteille de parfum, de la monnaie d\u00e9pos\u00e9e dans la pi\u00e8ce de vie, une tablette. \u00ab\u2009Ils ne vont plus s\u2019emparer du t\u00e9l\u00e9viseur qui ne vaut plus rien, compl\u00e8te St\u00e9phane Mari, mais ils vont plut\u00f4t aller directement dans <strong>la chambre ou la salle de bains<\/strong>, lieux o\u00f9 se trouvent souvent les objets qui ont le plus de valeurs.\u2009\u00bb L\u2019id\u00e9e\u2009: s\u2019emparer d\u2019un bien qui se glisse facilement dans un sac \u00e0 dos ou dans une poche afin de passer inaper\u00e7u dans la rue.<\/p>\n<p>Op\u00e9ration tranquillit\u00e9 absence <\/p>\n<p>En parall\u00e8le, la ville de Pessac propose toute l\u2019ann\u00e9e un dispositif gratuit intitul\u00e9 \u00ab Op\u00e9ration Tranquillit\u00e9 Absence \u00bb, destin\u00e9 aux habitants qui souhaitent faire surveiller leur domicile pendant leur absence. Pour en b\u00e9n\u00e9ficier, il suffit de remplir un formulaire, disponible au commissariat, \u00e0 la police municipale ou en ligne sur le site de la Ville. Cet \u00e9t\u00e9, 1 100 logements sont inscrits sur le registre et b\u00e9n\u00e9ficient ainsi de rondes polici\u00e8res.<\/p>\n<p>Voir tout<\/p>\n<p class=\" wall-content\">Si les objets vol\u00e9s ont \u00e9volu\u00e9, l\u2019\u00e9lu ajoute que les profils ne sont pas toujours ceux que l\u2019on imagine\u2009: \u00ab\u2009G\u00e9n\u00e9ralement, ce sont des jeunes qui cambriolent, m\u00eame des <strong>tr\u00e8s jeunes de 12-13\u00a0ans<\/strong>. Des filles aussi, en majorit\u00e9, car elles passent un peu plus inaper\u00e7ues et sont tr\u00e8s lestes. Elles savent aussi, je dirais, quand elles sont confront\u00e9es \u00e0 quelqu\u2019un en face d\u2019elle, se d\u00e9fendre avec des mots.\u2009\u00bb<\/p>\n<p>    <img   decoding=\"async\" loading=\"lazy\" src=\"https:\/\/www.europesays.com\/fr\/wp-content\/uploads\/2025\/07\/prevention-securite-citoyenne-pessac-960x640.jpg\" alt=\"Danielle, r\u00e9f\u00e9rente dans sa rue du dispositif de vigilance entre voisins, a coll\u00e9 un sticker sur sa bo\u00eete aux lettres. \" width=\"960\" height=\"640\"\/><br \/>\n    Danielle, r\u00e9f\u00e9rente dans sa rue du dispositif de vigilance entre voisins, a coll\u00e9 un sticker sur sa bo\u00eete aux lettres. (\u00a9Document transmis \u00e0 actu Bordeaux)Un cercle vertueux<\/p>\n<p class=\" wall-content\">Si l\u2019\u00e9t\u00e9 est propice aux cambriolages, St\u00e9phane Mari rappelle que la vigilance doit rester constante toute l\u2019ann\u00e9e, et particuli\u00e8rement durant les p\u00e9riodes de <a href=\"https:\/\/actu.fr\/nouvelle-aquitaine\/bordeaux_33063\/aeroport-de-bordeaux-quelles-sont-les-destinations-les-plus-prisees-pour-les-vacances-de-noel_61903556.html\" target=\"_blank\" rel=\"noopener\">vacances ou \u00e0 No\u00ebl<\/a>, lorsque les cadeaux sont parfois regroup\u00e9s dans les voitures ou dans une seule pi\u00e8ce.<\/p>\n<p class=\" wall-content\">\u00ab\u2009Les r\u00e9f\u00e9rents portent la bonne parole tout au long de l\u2019ann\u00e9e dans leur secteur\u2009\u00bb, pr\u00e9cise-t-il, tout en soulignant l\u2019importance de la proximit\u00e9. \u00ab\u2009Plus on est un riverain imm\u00e9diat, plus on remarque facilement une situation anormale \u00e0 signaler \u00e0 la police.\u2009\u00bb C\u2019est en recoupant plusieurs petites informations que cette derni\u00e8re <strong>\u00ab\u2009peut remonter des fili\u00e8res\u2009\u00bb<\/strong> et retrouver ainsi les cambrioleurs.<\/p>\n<p class=\" wall-content\">Lors du lancement du dispositif en 2017, St\u00e9phane Mari pr\u00e9cise que Pessac avait enregistr\u00e9 <strong>une baisse de 35\u2009% des cambriolages<\/strong>. Un chiffre reparti \u00e0 la hausse apr\u00e8s la crise du Covid, avec des fluctuations marqu\u00e9es selon les quartiers, alternant phases de baisse et hausses ponctuelles. Actuellement, la ville compte 46 secteurs sous surveillance sur l\u2019ensemble de son territoire.<\/p>\n<p class=\" wall-content\">Suivez toute l\u2019actualit\u00e9 de vos villes et m\u00e9dias favoris en vous inscrivant \u00e0 <a href=\"https:\/\/moncompte.actu.fr\" title=\"D\u00e9couvez Mon Actu\" rel=\"nofollow noopener\" data-trk=\"{&quot;cta&quot;:{&quot;action&quot;:&quot;https:\\\/\\\/moncompte.actu.fr&quot;,&quot;category&quot;:&quot;mon compte&quot;,&quot;from&quot;:&quot;article footer&quot;,&quot;name&quot;:&quot;Mon actu&quot;,&quot;type&quot;:&quot;cta&quot;}}\" target=\"_blank\">Mon Actu<\/a>.<\/p>\n","protected":false},"excerpt":{"rendered":"Par Charlotte Lesprit Publi\u00e9 le 26 juil. 2025 \u00e0 7h32 Selon une \u00e9tude publi\u00e9e par l\u2019assureur Leocare, l\u2019\u00e9volution&hellip;\n","protected":false},"author":2,"featured_media":274558,"comment_status":"","ping_status":"","sticky":false,"template":"","format":"standard","meta":{"footnotes":""},"categories":[2817],"tags":[1111,11,1997,1174,1777,674,1011,27,2825,12,2219,1072,25,104],"class_list":{"0":"post-274557","1":"post","2":"type-post","3":"status-publish","4":"format-standard","5":"has-post-thumbnail","7":"category-bordeaux","8":"tag-actu","9":"tag-actualites","10":"tag-bordeaux","11":"tag-cambriolage","12":"tag-eu","13":"tag-europe","14":"tag-fr","15":"tag-france","16":"tag-insecurite","17":"tag-news","18":"tag-nouvelle-aquitaine","19":"tag-police","20":"tag-republique-francaise","21":"tag-societe"},"share_on_mastodon":{"url":"https:\/\/pubeurope.com\/@fr\/114918103723677666","error":""},"_links":{"self":[{"href":"https:\/\/www.europesays.com\/fr\/wp-json\/wp\/v2\/posts\/274557","targetHints":{"allow":["GET"]}}],"collection":[{"href":"https:\/\/www.europesays.com\/fr\/wp-json\/wp\/v2\/posts"}],"about":[{"href":"https:\/\/www.europesays.com\/fr\/wp-json\/wp\/v2\/types\/post"}],"author":[{"embeddable":true,"href":"https:\/\/www.europesays.com\/fr\/wp-json\/wp\/v2\/users\/2"}],"replies":[{"embeddable":true,"href":"https:\/\/www.europesays.com\/fr\/wp-json\/wp\/v2\/comments?post=274557"}],"version-history":[{"count":0,"href":"https:\/\/www.europesays.com\/fr\/wp-json\/wp\/v2\/posts\/274557\/revisions"}],"wp:featuredmedia":[{"embeddable":true,"href":"https:\/\/www.europesays.com\/fr\/wp-json\/wp\/v2\/media\/274558"}],"wp:attachment":[{"href":"https:\/\/www.europesays.com\/fr\/wp-json\/wp\/v2\/media?parent=274557"}],"wp:term":[{"taxonomy":"category","embeddable":true,"href":"https:\/\/www.europesays.com\/fr\/wp-json\/wp\/v2\/categories?post=274557"},{"taxonomy":"post_tag","embeddable":true,"href":"https:\/\/www.europesays.com\/fr\/wp-json\/wp\/v2\/tags?post=274557"}],"curies":[{"name":"wp","href":"https:\/\/api.w.org\/{rel}","templated":true}]}}