{"id":27456,"date":"2025-04-15T20:08:28","date_gmt":"2025-04-15T20:08:28","guid":{"rendered":"https:\/\/www.europesays.com\/fr\/27456\/"},"modified":"2025-04-15T20:08:28","modified_gmt":"2025-04-15T20:08:28","slug":"plusieurs-prisons-visees-par-des-incendies-de-vehicules-ou-des-tirs-darmes-automatiques","status":"publish","type":"post","link":"https:\/\/www.europesays.com\/fr\/27456\/","title":{"rendered":"Plusieurs prisons vis\u00e9es par des incendies de v\u00e9hicules ou des tirs d\u2019armes automatiques"},"content":{"rendered":"<p>Plusieurs <a href=\"https:\/\/www.ouest-france.fr\/societe\/prison\/\" target=\"_self\" rel=\"nofollow noopener\">\u00e9tablissements p\u00e9nitentiaires<\/a> ont fait l\u2019objet d\u2019incendie de v\u00e9hicules, a indiqu\u00e9 ce mardi l\u2019entourage du garde des Sceaux, ajoutant que le centre p\u00e9nitentiaire de Toulon a quant \u00e0 lui fait l\u2019objet de tirs \u00e0 l\u2019arme automatique. Le ministre de la Justice, G\u00e9rald Darmanin, d\u00e9nonce\u00a0des <strong>\u00ab\u00a0tentatives d\u2019intimidation\u00a0\u00bb<\/strong>, li\u00e9es au<strong> \u00ab\u00a0narcotrafic\u00a0\u00bb<\/strong>.<\/p>\n<p>Une \u00ab\u00a0attaque \u00e0 la Kalachnikov\u00a0\u00bb \u00e0 Toulon<\/p>\n<p>Au moins quatre prisons ont \u00e9t\u00e9 vis\u00e9es, selon FO Justice aupr\u00e8s de Ouest-France.\u00a0Des incendies de v\u00e9hicules ont \u00e9t\u00e9 constat\u00e9s aux \u00e9tablissements p\u00e9nitentiaires de Valence (Dr\u00f4me), Villepinte (Seine-Saint-Denis), d\u2019Aix-Luynes (Bouches-du-Rh\u00f4ne), tandis que le centre p\u00e9nitentiaire de Toulon a quant \u00e0 lui \u00e9t\u00e9 vis\u00e9 par des tirs d\u2019armes automatiques.<\/p>\n<p>\u00c0 Valence, un<strong> \u00ab\u00a0individu \u00e0 trottinette\u00a0\u00bb<\/strong> aurait mis le feu <strong>\u00ab\u00a0\u00e0 deux v\u00e9hicules sur le parking du centre p\u00e9nitentiaire\u00a0\u00bb<\/strong>, rapporte le syndicat.<\/p>\n<p>\n                Nous avons bloqu\u00e9 l\u2019affichage de ce contenu pour respecter vos choix en mati\u00e8re de cookies.<br \/>En cliquant sur \u00abConsulter\u00bb, vous acceptez le d\u00e9p\u00f4t de cookies par des services de r\u00e9seaux sociaux tels que Twitter.<br \/>\n                Consulter\n            <\/p>\n<blockquote class=\"twitter-tweet\" wp_automatic_readability=\"8.8826815642458\">\n<p lang=\"fr\" dir=\"ltr\">?? URGENT \u2013 Incendie sur le parking du CP de Valence ??<\/p>\n<p>Un individu \u00e0 trottinette vient de mettre le feu \u00e0 deux v\u00e9hicules sur le parking du centre p\u00e9nitentiaire de Valence.<br \/>?? Les pompiers et ?? la police viennent tout juste d\u2019arriver sur place.<\/p>\n<p>Le syndicat FO Justice condamne\u2026 <a href=\"https:\/\/t.co\/LuhZTkNV4p\" rel=\"nofollow\">pic.twitter.com\/LuhZTkNV4p<\/a><\/p>\n<p>\u2014 FO JUSTICE (@SyndFoJustice) <a href=\"https:\/\/twitter.com\/SyndFoJustice\/status\/1911877040543834133?ref_src=twsrc%5Etfw\" rel=\"nofollow noopener\" target=\"_blank\">April 14, 2025<\/a><\/p><\/blockquote>\n<p>\u00c0 Villepinte, ce sont trois v\u00e9hicules d\u2019agents de l\u2019\u00e9tablissement p\u00e9nitentiaire qui ont \u00e9t\u00e9 incendi\u00e9s lundi soir entre 22\u00a0h et 22\u00a0h\u00a030, a pr\u00e9cis\u00e9 le secr\u00e9taire local de FO Justice, Fabrice Serault-Gobet, contact\u00e9 par Ouest-France. Selon lui, il n\u2019y a aucun bless\u00e9. <strong>\u00ab\u00a0Les agents sont choqu\u00e9s, d\u2019autant que les attaques sont nombreuses\u00a0\u00bb<\/strong>, d\u00e9plore le syndicaliste.<\/p>\n<p>Le pr\u00e9sident de la r\u00e9gion Provence-Alpes-C\u00f4te d\u2019Azur (Paca), Renaud Muselier, a par ailleurs fait \u00e9tat de deux v\u00e9hicules incendi\u00e9s et un portail attaqu\u00e9 \u00e0 la prison d\u2019Aix-Luynes. \u00c0 Toulon, il \u00e9voque une <strong>\u00ab\u00a0attaque \u00e0 la Kalachnikov\u00a0\u00bb <\/strong>avec <strong> \u00a0 <\/strong> <strong>\u00ab\u00a015\u00a0impacts\u00a0\u00bb <\/strong>de balle.<\/p>\n<\/p>\n<p>Renaud Muselier signale \u00e9galement un v\u00e9hicule br\u00fbl\u00e9 \u00e0 la prison de Marseille.<\/p>\n<p>Toutes les hypoth\u00e8ses \u00e9tudi\u00e9es<\/p>\n<p>Toutes les hypoth\u00e8ses sont examin\u00e9es concernant les diverses attaques qui ont vis\u00e9 plusieurs \u00e9tablissements p\u00e9nitentiaires depuis ce week-end, rapporte l\u2019AFP.  <strong>\u00ab\u00a0Tout cela semble coordonn\u00e9 et manifestement en lien avec la strat\u00e9gie contre le narcobanditisme du ministre\u00a0\u00bb<\/strong>, a avanc\u00e9 une source proche du dossier, cit\u00e9 par l\u2019AFP. Des slogans anarchistes ont par ailleurs \u00e9t\u00e9 retrouv\u00e9s sur certains v\u00e9hicules incendi\u00e9s.<\/p>\n<p>Les enqu\u00eates sur ces incendies et les tirs sont coordonn\u00e9es par la Direction nationale de la police judiciaire (DNPJ), selon cette source.<\/p>\n<p>Le ministre de la Justice, <a href=\"https:\/\/www.ouest-france.fr\/politique\/gerald-darmanin\/\" target=\"_self\" rel=\"nofollow noopener\">G\u00e9rald Darmanin<\/a>, se rendra ce mardi apr\u00e8s-midi au centre p\u00e9nitentiaire de Toulon o\u00f9 il s\u2019exprimera sur place. <strong>\u00ab\u00a0Des \u00e9tablissements p\u00e9nitentiaires font l\u2019objet de tentatives d\u2019intimidation allant de l\u2019incendie de v\u00e9hicules \u00e0 des tirs \u00e0 l\u2019arme automatique\u00a0\u00bb<\/strong>, a r\u00e9agi le garde des Sceaux sur X.<strong> \u00ab\u00a0Je me rends sur place \u00e0 Toulon pour soutenir les agents concern\u00e9s. La R\u00e9publique est confront\u00e9e au narcotrafic et prend des mesures qui vont d\u00e9ranger profond\u00e9ment les r\u00e9seaux criminels. Elle est d\u00e9fi\u00e9e et saura \u00eatre ferme et courageuse\u00a0\u00bb<\/strong>, ajoute-t-il.<\/p>\n<p>Le ministre de l\u2019Int\u00e9rieur, Bruno Retailleau, qui a \u00ab<strong>\u00a0fermement\u00a0\u00bb <\/strong>condamn\u00e9 ces actes a ordonn\u00e9 de<strong> \u00ab\u00a0renforcer sans d\u00e9lai\u00a0\u00bb<\/strong> la protection des agents et des \u00e9tablissements.<\/p>\n<p><strong>\u00ab\u00a0Je veux dire mon soutien aux agents de l\u2019administration p\u00e9nitentiaire pris pour cible par des voyous\u00a0\u00bb, <\/strong>a-t-il ajout\u00e9 sur X. <strong>\u00ab\u00a0La r\u00e9ponse de l\u2019\u00c9tat devra \u00eatre implacable. Ceux qui s\u2019en prennent aux prisons et aux agents ont vocation \u00e0 \u00eatre enferm\u00e9s dans ces prisons et surveill\u00e9s par ces agents\u00a0\u00bb<\/strong>.<\/p>\n<p>\u00a0<\/p>\n<p>\t\t<script async src=\"https:\/\/platform.twitter.com\/widgets.js\" charset=\"utf-8\"><\/script><\/p>\n","protected":false},"excerpt":{"rendered":"Plusieurs \u00e9tablissements p\u00e9nitentiaires ont fait l\u2019objet d\u2019incendie de v\u00e9hicules, a indiqu\u00e9 ce mardi l\u2019entourage du garde des Sceaux,&hellip;\n","protected":false},"author":2,"featured_media":27457,"comment_status":"","ping_status":"","sticky":false,"template":"","format":"standard","meta":{"footnotes":""},"categories":[9619],"tags":[1111,11,6376,9656,9657,1777,674,1011,27,5383,12,899,882,25,9655,2310,7727,9654],"class_list":{"0":"post-27456","1":"post","2":"type-post","3":"status-publish","4":"format-standard","5":"has-post-thumbnail","7":"category-toulon","8":"tag-actu","9":"tag-actualites","10":"tag-armes","11":"tag-automatiques","12":"tag-draguignan","13":"tag-eu","14":"tag-europe","15":"tag-fr","16":"tag-france","17":"tag-incendies","18":"tag-news","19":"tag-prisons","20":"tag-provence-alpes-cote-dazur","21":"tag-republique-francaise","22":"tag-tirs","23":"tag-toulon","24":"tag-vehicules","25":"tag-visees"},"share_on_mastodon":{"url":"https:\/\/pubeurope.com\/@fr\/114343792053127088","error":""},"_links":{"self":[{"href":"https:\/\/www.europesays.com\/fr\/wp-json\/wp\/v2\/posts\/27456","targetHints":{"allow":["GET"]}}],"collection":[{"href":"https:\/\/www.europesays.com\/fr\/wp-json\/wp\/v2\/posts"}],"about":[{"href":"https:\/\/www.europesays.com\/fr\/wp-json\/wp\/v2\/types\/post"}],"author":[{"embeddable":true,"href":"https:\/\/www.europesays.com\/fr\/wp-json\/wp\/v2\/users\/2"}],"replies":[{"embeddable":true,"href":"https:\/\/www.europesays.com\/fr\/wp-json\/wp\/v2\/comments?post=27456"}],"version-history":[{"count":0,"href":"https:\/\/www.europesays.com\/fr\/wp-json\/wp\/v2\/posts\/27456\/revisions"}],"wp:featuredmedia":[{"embeddable":true,"href":"https:\/\/www.europesays.com\/fr\/wp-json\/wp\/v2\/media\/27457"}],"wp:attachment":[{"href":"https:\/\/www.europesays.com\/fr\/wp-json\/wp\/v2\/media?parent=27456"}],"wp:term":[{"taxonomy":"category","embeddable":true,"href":"https:\/\/www.europesays.com\/fr\/wp-json\/wp\/v2\/categories?post=27456"},{"taxonomy":"post_tag","embeddable":true,"href":"https:\/\/www.europesays.com\/fr\/wp-json\/wp\/v2\/tags?post=27456"}],"curies":[{"name":"wp","href":"https:\/\/api.w.org\/{rel}","templated":true}]}}