{"id":274569,"date":"2025-07-26T06:30:14","date_gmt":"2025-07-26T06:30:14","guid":{"rendered":"https:\/\/www.europesays.com\/fr\/274569\/"},"modified":"2025-07-26T06:30:14","modified_gmt":"2025-07-26T06:30:14","slug":"pagaille-sur-les-rails-entre-paris-lyon-et-marseille-on-est-restes-bloques-pendant-plus-de-7-heures","status":"publish","type":"post","link":"https:\/\/www.europesays.com\/fr\/274569\/","title":{"rendered":"Pagaille sur les rails entre Paris, Lyon et Marseille : \u00ab\u00a0On est rest\u00e9s bloqu\u00e9s pendant plus de 7 heures\u00a0\u00bb"},"content":{"rendered":"<ul class=\"jsx-862013697 ArticleChapo__List\">\n<li class=\"jsx-862013697 ArticleChapo__List_Item flex\">Un incident \u00e9lectrique provoqu\u00e9 par les orages \u00e0 hauteur de M\u00e2con a fortement perturb\u00e9 le trafic SNCF vendredi.<\/li>\n<li class=\"jsx-862013697 ArticleChapo__List_Item flex\">De longs retards se sont accumul\u00e9s dans la soir\u00e9e avant un retour \u00e0 la normale ce samedi matin.<\/li>\n<li class=\"jsx-862013697 ArticleChapo__List_Item flex\">Des passagers, dont certains ont attendu plus de 7h, t\u00e9moignent de leur nuit de gal\u00e8re.<\/li>\n<\/ul>\n<p data-module=\"article-paragraph\" class=\"jsx-3046738180 Paragraph Paragraph__End\">Leur patience a \u00e9t\u00e9 mise \u00e0 rude \u00e9preuve. Des centaines de passagers ont \u00e9t\u00e9 p\u00e9nalis\u00e9s par de longs retards sur les rails apr\u00e8s que la foudre a frapp\u00e9 une installation \u00e9lectrique dans l&rsquo;Ain, entre Lyon et M\u00e2con, vendredi apr\u00e8s-midi. Les TGV ont d\u00fb emprunter la voie classique, divisant leur vitesse par deux et provoquant un large embouteillage. Vers 22 heures, les trains accusaient 45 minutes de retard en moyenne en gare de Lyon, \u00e0 Paris, selon la SNCF. Pour d&rsquo;autres, l&rsquo;attente a \u00e9t\u00e9 bien plus cons\u00e9quente.\u00a0<\/p>\n<blockquote class=\"jsx-2786790838 Quote__Text\"><p>Je n&rsquo;ai plus de batterie, j&rsquo;ai faim, je suis fatigu\u00e9e, j&rsquo;en ai marre<\/p><\/blockquote>\n<p>Une passag\u00e8re sur LCI<\/p>\n<p data-module=\"article-paragraph\" class=\"jsx-3046738180 Paragraph Paragraph__End\">\u00ab\u00a0Il est 23h18. On est rentr\u00e9s dans le train \u00e0 Nice un peu avant midi et on est rest\u00e9 bloqu\u00e9 en Bourgogne pendant plus de 7 heures\u00a0\u00bb, t\u00e9moigne sur LCI Igor, qui voyageait en direction de la capitale. Les autres passagers en ont profit\u00e9 pour transformer les wagons-bars en piste de danse pour passer le temps, image \u00e0 l&rsquo;appui dans la vid\u00e9o ci-dessus. \u00ab\u00a0Je n&rsquo;ai plus de batterie, j&rsquo;ai faim, je suis fatigu\u00e9e, j&rsquo;en ai marre\u00a0\u00bb, s&rsquo;agace une voyageuse quand une autre reconna\u00eet avec plus de philosophie qu&rsquo;elle \u00ab\u00a0s&rsquo;attendait \u00e0 pire\u00a0\u00bb.\u00a0<\/p>\n<p><a href=\"https:\/\/www.tf1info.fr\/transports\/video-des-tgv-qui-oublient-de-s-arreter-en-gare-comment-expliquer-ces-rates-de-la-sncf-2384514.html\" rel=\"noopener\" class=\"jsx-3308031228 Link flex\" target=\"_blank\"><img decoding=\"async\" src=\"https:\/\/www.europesays.com\/fr\/wp-content\/uploads\/2025\/07\/jta-trains-marquent-pas-l-arret-en-gare-b5d5f2-0@1x.jpeg\" alt=\"TF1\" loading=\"lazy\" importance=\"low\" fetchpriority=\"low\" class=\"\" aria-hidden=\"true\"\/><\/p>\n<p class=\"jsx-3657663356 ReadMoreArticle__Title\">Lire aussi<\/p>\n<p class=\"jsx-3657663356\">Des TGV qui oublient de s&rsquo;arr\u00eater en gare : comment expliquer ces rat\u00e9s de la SNCF ?<\/p>\n<p><\/a><\/p>\n<p data-module=\"article-paragraph\" class=\"jsx-3046738180 Paragraph Paragraph__End\">En ce week-end de d\u00e9parts en vacances, les passagers \u00e9taient nombreux \u00e0 esp\u00e9rer pouvoir prendre un train en direction ou au d\u00e9part du Sud-Est de la France. L&rsquo;incident a \u00e9t\u00e9 r\u00e9solu en fin de journ\u00e9e et le trafic est d\u00e9sormais de retour \u00e0 la normale.<\/p>\n<p>D.D.F. avec AFP<\/p>\n","protected":false},"excerpt":{"rendered":"Un incident \u00e9lectrique provoqu\u00e9 par les orages \u00e0 hauteur de M\u00e2con a fortement perturb\u00e9 le trafic SNCF vendredi.&hellip;\n","protected":false},"author":2,"featured_media":274570,"comment_status":"","ping_status":"","sticky":false,"template":"","format":"standard","meta":{"footnotes":""},"categories":[2814],"tags":[1111,11,1921,1777,674,1011,27,1922,2428,884,12,2401,626,882,25,2215,926,133,8191],"class_list":{"0":"post-274569","1":"post","2":"type-post","3":"status-publish","4":"format-standard","5":"has-post-thumbnail","7":"category-marseille","8":"tag-actu","9":"tag-actualites","10":"tag-article-video","11":"tag-eu","12":"tag-europe","13":"tag-fr","14":"tag-france","15":"tag-info","16":"tag-lyon","17":"tag-marseille","18":"tag-news","19":"tag-nice","20":"tag-paris","21":"tag-provence-alpes-cote-dazur","22":"tag-republique-francaise","23":"tag-sncf","24":"tag-train","25":"tag-video","26":"tag-video-transports"},"share_on_mastodon":{"url":"https:\/\/pubeurope.com\/@fr\/114918131225609347","error":""},"_links":{"self":[{"href":"https:\/\/www.europesays.com\/fr\/wp-json\/wp\/v2\/posts\/274569","targetHints":{"allow":["GET"]}}],"collection":[{"href":"https:\/\/www.europesays.com\/fr\/wp-json\/wp\/v2\/posts"}],"about":[{"href":"https:\/\/www.europesays.com\/fr\/wp-json\/wp\/v2\/types\/post"}],"author":[{"embeddable":true,"href":"https:\/\/www.europesays.com\/fr\/wp-json\/wp\/v2\/users\/2"}],"replies":[{"embeddable":true,"href":"https:\/\/www.europesays.com\/fr\/wp-json\/wp\/v2\/comments?post=274569"}],"version-history":[{"count":0,"href":"https:\/\/www.europesays.com\/fr\/wp-json\/wp\/v2\/posts\/274569\/revisions"}],"wp:featuredmedia":[{"embeddable":true,"href":"https:\/\/www.europesays.com\/fr\/wp-json\/wp\/v2\/media\/274570"}],"wp:attachment":[{"href":"https:\/\/www.europesays.com\/fr\/wp-json\/wp\/v2\/media?parent=274569"}],"wp:term":[{"taxonomy":"category","embeddable":true,"href":"https:\/\/www.europesays.com\/fr\/wp-json\/wp\/v2\/categories?post=274569"},{"taxonomy":"post_tag","embeddable":true,"href":"https:\/\/www.europesays.com\/fr\/wp-json\/wp\/v2\/tags?post=274569"}],"curies":[{"name":"wp","href":"https:\/\/api.w.org\/{rel}","templated":true}]}}