{"id":274573,"date":"2025-07-26T06:32:09","date_gmt":"2025-07-26T06:32:09","guid":{"rendered":"https:\/\/www.europesays.com\/fr\/274573\/"},"modified":"2025-07-26T06:32:09","modified_gmt":"2025-07-26T06:32:09","slug":"gare-de-lyon-dans-les-coulisses-de-la-tour-de-lhorloge-un-voyage-dans-le-temps-sur-4-etages","status":"publish","type":"post","link":"https:\/\/www.europesays.com\/fr\/274573\/","title":{"rendered":"Gare de Lyon : dans les coulisses de la tour de l\u2019horloge, un voyage dans le temps sur 4 \u00e9tages"},"content":{"rendered":"<p>S\u00e9rie\u00c9pisode 2Chaque jour, 75\u00a0000 voyageurs passent devant cette tour embl\u00e9matique en ignorant qu\u2019\u00e0 partir du quatri\u00e8me \u00e9tage, derri\u00e8re une porte verrouill\u00e9e, elle regorge d\u2019objets, documents, photos retra\u00e7ant l\u2019histoire de cette gare parisienne et de ses gigantesques cadrans.<\/p>\n<p class=\"lp-f-ui-04-strong lp-mt-03 lp-mb-01\">Par\u00a0<a href=\"https:\/\/www.leparisien.fr\/auteur\/marie-anne-gairaud\/\" class=\"lp-link lp-link--underline lp-link--text lp-link--size-ui-04-strong\" target=\"_blank\" rel=\"noopener\">Marie-Anne Gairaud<\/a><\/p>\n<p class=\"lp-f-ui-05 lp-color-text-muted\">Le 26 juillet 2025 \u00e0 08h25, modifi\u00e9 le 26 juillet 2025 \u00e0 08h25<\/p>\n","protected":false},"excerpt":{"rendered":"S\u00e9rie\u00c9pisode 2Chaque jour, 75\u00a0000 voyageurs passent devant cette tour embl\u00e9matique en ignorant qu\u2019\u00e0 partir du quatri\u00e8me \u00e9tage, derri\u00e8re&hellip;\n","protected":false},"author":2,"featured_media":274574,"comment_status":"","ping_status":"","sticky":false,"template":"","format":"standard","meta":{"footnotes":""},"categories":[1889],"tags":[1111,11,2430,1777,674,1011,27,2428,1944,12,25,2382],"class_list":{"0":"post-274573","1":"post","2":"type-post","3":"status-publish","4":"format-standard","5":"has-post-thumbnail","7":"category-lyon","8":"tag-actu","9":"tag-actualites","10":"tag-auvergne-rhone-alpes","11":"tag-eu","12":"tag-europe","13":"tag-fr","14":"tag-france","15":"tag-lyon","16":"tag-ma-ville","17":"tag-news","18":"tag-republique-francaise","19":"tag-transport-idf-oise"},"share_on_mastodon":{"url":"https:\/\/pubeurope.com\/@fr\/114918139028470080","error":""},"_links":{"self":[{"href":"https:\/\/www.europesays.com\/fr\/wp-json\/wp\/v2\/posts\/274573","targetHints":{"allow":["GET"]}}],"collection":[{"href":"https:\/\/www.europesays.com\/fr\/wp-json\/wp\/v2\/posts"}],"about":[{"href":"https:\/\/www.europesays.com\/fr\/wp-json\/wp\/v2\/types\/post"}],"author":[{"embeddable":true,"href":"https:\/\/www.europesays.com\/fr\/wp-json\/wp\/v2\/users\/2"}],"replies":[{"embeddable":true,"href":"https:\/\/www.europesays.com\/fr\/wp-json\/wp\/v2\/comments?post=274573"}],"version-history":[{"count":0,"href":"https:\/\/www.europesays.com\/fr\/wp-json\/wp\/v2\/posts\/274573\/revisions"}],"wp:featuredmedia":[{"embeddable":true,"href":"https:\/\/www.europesays.com\/fr\/wp-json\/wp\/v2\/media\/274574"}],"wp:attachment":[{"href":"https:\/\/www.europesays.com\/fr\/wp-json\/wp\/v2\/media?parent=274573"}],"wp:term":[{"taxonomy":"category","embeddable":true,"href":"https:\/\/www.europesays.com\/fr\/wp-json\/wp\/v2\/categories?post=274573"},{"taxonomy":"post_tag","embeddable":true,"href":"https:\/\/www.europesays.com\/fr\/wp-json\/wp\/v2\/tags?post=274573"}],"curies":[{"name":"wp","href":"https:\/\/api.w.org\/{rel}","templated":true}]}}