{"id":274577,"date":"2025-07-26T06:35:10","date_gmt":"2025-07-26T06:35:10","guid":{"rendered":"https:\/\/www.europesays.com\/fr\/274577\/"},"modified":"2025-07-26T06:35:10","modified_gmt":"2025-07-26T06:35:10","slug":"depuis-les-jo-de-paris-et-les-emotions-les-plus-dingues-de-sa-vie-stephen-parez-cultive-cet-esprit-bleu","status":"publish","type":"post","link":"https:\/\/www.europesays.com\/fr\/274577\/","title":{"rendered":"Depuis les JO de Paris et \u00ab\u00a0les \u00e9motions les plus dingues de sa vie\u00a0\u00bb, Stephen Parez \u00ab\u00a0cultive cet esprit bleu\u00a0\u00bb"},"content":{"rendered":"<p>            Par<br \/>\n        <strong><br \/>\n            <a href=\"https:\/\/actu.fr\/auteur\/antoine-grotteria02\" title=\"Consulter tous les articles de Antoine Grotteria\" target=\"_blank\" rel=\"noopener\">Antoine Grotteria<\/a><br \/>\n        <\/strong><\/p>\n<p>        Publi\u00e9 le<\/p>\n<p>            26 juil. 2025 \u00e0 8h32        <\/p>\n<p>\u00ab\u2009Cela a tr\u00e8s difficile de trouver un sens \u00e0 cette ann\u00e9e\u2009\u00bb. D\u2019un <a href=\"https:\/\/actu.fr\/tag\/stade-de-france\" target=\"_blank\" rel=\"noopener\">Stade de France<\/a> tourneboul\u00e9 et transcend\u00e9 comme rarement aux enceintes clairsem\u00e9es, <strong>Stephen Parez<\/strong> a \u00e9puis\u00e9 plusieurs vies en une saison. Le 27\u00a0juillet 2024, au lendemain de <a href=\"https:\/\/actu.fr\/ile-de-france\/paris_75056\/jo-de-paris-2024-suivez-en-direct-la-journee-de-ceremonie-d-ouverture_61408154.html\" target=\"_blank\" rel=\"noopener\">la c\u00e9r\u00e9monie d\u2019ouverture des JO de Paris<\/a>, le demi de m\u00eal\u00e9e paradait dans le rond central de l\u2019enceinte de <a href=\"https:\/\/actu.fr\/ile-de-france\/saint-denis_93066\" target=\"_blank\" rel=\"noopener\">Saint-Denis<\/a> pour f\u00eater <strong>la victoire de l\u2019\u00e9quipe de France<\/strong> en finale du tournoi olympique de <strong>rugby \u00e0 7<\/strong>.<br \/>Lui, le natif de <a href=\"https:\/\/actu.fr\/paris\/\" target=\"_blank\" rel=\"noopener\">Paris<\/a>, acteur incontournable du d\u00e9veloppement de cette discipline en France, venait de d\u00e9crocher le titre supr\u00eame \u00e0 domicile, \u00ab\u2009devant (sa) famille et (ses) amis\u2009\u00bb. Au-del\u00e0 de ce moment \u00ab\u2009particulier\u2009\u00bb, le rugbyman confesse avoir travers\u00e9 une \u00ab<strong>\u2009p\u00e9riode suspendue<\/strong>\u2009\u00bb. Son arriv\u00e9e au <a href=\"https:\/\/actu.fr\/societe\/un-village-des-athletes-coupe-du-monde-a-quoi-ressemblera-le-quotidien-des-sportifs-pendant-les-jo_60734336.html\" target=\"_blank\" rel=\"noopener\">village des athl\u00e8tes<\/a>, sa qu\u00eate de frites avec <a href=\"https:\/\/actu.fr\/sports\/jo-2024-judo-romane-dicko-remporte-la-medaille-de-bronze-en-78kg_61438430.html\" target=\"_blank\" rel=\"noopener\">Romane Dicko<\/a>, sa vision des <a href=\"https:\/\/actu.fr\/ile-de-france\/paris_75056\/ceremonie-d-ouverture-des-jo-de-paris-2024-les-details-d-une-securisation-hors-norme_60997301.html\" target=\"_blank\" rel=\"noopener\">berges de Seine verrouill\u00e9es<\/a>\u2026 Autant d\u2019\u00e9pisodes que nous a narr\u00e9s le trentenaire.<\/p>\n<p class=\" wall-content\"><strong>actu Paris\u2009: Il y a un an, vous \u00e9tiez champion olympique dans une ferveur rarement atteinte. Comment avez-vous g\u00e9r\u00e9 l\u2019ann\u00e9e post-JO\u2009?<\/strong><\/p>\n<p class=\" wall-content\"><strong>Stephen Parez<\/strong>\u2009: C\u2019\u00e9tait tr\u00e8s compliqu\u00e9. Tout est all\u00e9 tr\u00e8s vite, m\u00eame si on s\u2019y \u00e9tait pr\u00e9par\u00e9s depuis plus de sept ans. On a eu une progression importante. En 2024, on a tout connu. On a coch\u00e9 des cases sur des <strong>objectifs d\u2019une vie<\/strong>. Repartir sur un nouveau cycle n\u2019a pas \u00e9t\u00e9 facile. Le groupe et le staff ont chang\u00e9. Cela a \u00e9t\u00e9 difficile de trouver un sens \u00e0 cette ann\u00e9e. Au final, je me suis accroch\u00e9. J\u2019ai voulu prendre un r\u00f4le afin de transmettre tout l\u2019h\u00e9ritage.<\/p>\n<p class=\" wall-content\"><strong>actu Paris\u2009: Que gardez-vous de ces deux semaines olympiques\u2009?<\/strong><\/p>\n<p class=\" wall-content\"><strong>S. P.<\/strong>\u2009: C\u2019\u00e9tait extraordinaire. Moi qui ai grandi \u00e0 Paris, c\u2019\u00e9tait quelque chose de particulier. La famille et les potes \u00e9taient l\u00e0. Petit \u00e0 petit, on voyait les installations se cr\u00e9er. C\u2019\u00e9tait tr\u00e8s amusant. Tous les week-ends, on rentrait chez nous. Je voyais que les berges de Seine \u00e9taient bloqu\u00e9es. On apercevait toute <strong>la transformation de Paris<\/strong>. Ensuite, j\u2019ai d\u00e9couvert la <a href=\"https:\/\/actu.fr\/ile-de-france\/paris_75056\/c-etait-beau-c-etait-fort-le-relais-de-la-flamme-a-fait-souffler-un-air-des-jo-dans-les-rues-de-paris_61352842.html\" target=\"_blank\" rel=\"noopener\">flamme olympique<\/a>, puis le village des athl\u00e8tes. Ce sont les \u00e9motions les plus dingues de ma vie. \u00c9videmment, je ne peux pas oublier les sorties sur la pelouse du Stade de France. C\u2019\u00e9tait juste magnifique. D\u2019autant plus qu\u2019on a pu <strong>r\u00e9compenser le public<\/strong> du soutien qu\u2019il nous a apport\u00e9 durant ces quelques jours.<\/p>\n<p class=\" wall-content\"><a href=\"https:\/\/www.instagram.com\/p\/C-fE62rgh0w\/embed\" title=\"Ouvrir le lien sur Instagram\" target=\"_blank\" rel=\"noopener\">Visualiser le contenu sur Instagram<\/a><\/p>\n<p class=\" wall-content\"><strong>actu Paris\u2009: Votre succ\u00e8s s\u2019inscrit dans le paysage parisien, puisque vous avez jou\u00e9 de nombreuses ann\u00e9es au Paris Universit\u00e9 Club (PUC). \u00c0 quel point ce club vous a-t-il fa\u00e7onn\u00e9\u2009?<\/strong><\/p>\n<p class=\" wall-content\"><strong>S. P.<\/strong>\u2009: J\u2019ai encore de <strong>nombreux potes<\/strong> dans le club. On essaie de se voir \u00e0 des occasions, comme lors de mariages, mais pas uniquement. Le <a href=\"https:\/\/actu.fr\/ile-de-france\/paris_75056\/federale-2-15-recrues-au-paris-universite-club-pour-se-donner-les-moyens-de-confirmer_35063768.html\" target=\"_blank\" rel=\"noopener\">PUC<\/a> m\u2019a permis de d\u00e9couvrir les championnats r\u00e9gionaux, territoriaux et nationaux. On s\u2019est suivis durant de nombreuses ann\u00e9es. Lorsque j\u2019\u00e9tais aux JO, j\u2019ai pu croiser plein d\u2019anciens co\u00e9quipiers dans le stade. Ils peuvent s\u2019accaparer cette m\u00e9daille, au m\u00eame titre que mes entra\u00eeneurs, car c\u2019est aussi la leur.<\/p>\n<blockquote class=\"ac-article-quote wall-content\">\n<p>Si je suis champion, c&rsquo;est aussi parce que le PUC (Paris Universit\u00e9 Club) a jou\u00e9 un r\u00f4le fondamental<\/p>\n<p>    <strong>Stephen Parez<\/strong>\n            <\/p><\/blockquote>\n<p class=\" wall-content\"><strong>actu Paris\u2009: Vous vivez \u00e0 Marseille et \u00eates originaire de Paris. Quels sont les liens familiaux et amicaux que vous conservez dans la capitale\u2009?<\/strong><\/p>\n<p class=\" wall-content\"><strong>S. P.<\/strong>\u2009: Mon grand fr\u00e8re vit \u00e0 Paris. Mon p\u00e8re fait des allers-retours entre Madrid et Paris. Tous mes potes vivent \u00e0 Paris. J\u2019ai aussi de la famille qui habite vers Fontainebleau (Seine-et-Marne). Je remonte assez souvent \u00e0 Paris hors des entra\u00eenements, mais aussi quand il y a des stages \u00e0 <a href=\"https:\/\/actu.fr\/ile-de-france\/paris_75056\/a-l-insep-les-grands-champions-passent-le-relai-de-la-flamme-olympique-a-la-generation-paris-2024_61357401.html\" target=\"_blank\" rel=\"noopener\">l\u2019Insep<\/a> ou \u00e0 Marcoussis.<\/p>\n<p class=\" wall-content\"><strong>actu Paris\u2009: Les JO sont-ils encore dans les discussions familiales\u2009?<\/strong><\/p>\n<p class=\" wall-content\"><strong>S. P.<\/strong>\u2009: Aujourd\u2019hui, les discussions autour des JO arrivent \u00e0 s\u2019estomper. Mais \u00e7a reste un sujet qu\u2019on \u00e9voque, parce qu\u2019on a v\u00e9cu beaucoup de choses. J\u2019en apprends tous les jours sur la construction de notre groupe. Car les souvenirs restent grav\u00e9s. Quand on voit la m\u00e9daille, il y a des <strong>\u00e9motions qui remontent<\/strong>. Ma famille a une grande part dans cette victoire.<\/p>\n<p class=\" wall-content\"><strong>actu Paris\u2009: Sur les r\u00e9seaux sociaux, on vous a vu partager une vid\u00e9o avec la judokate Romane Dicko. Outre cette derni\u00e8re, avez-vous conserv\u00e9 des attaches avec les autres participants aux JO\u2009?<\/strong><\/p>\n<p class=\" wall-content\"><strong>S. P.<\/strong>\u2009: On essaie de <strong>conserver et cultiver cet esprit bleu<\/strong>. C\u2019est quelque chose qui nous a beaucoup apport\u00e9. D\u2019autant qu\u2019on n\u2019avait pas eu la m\u00eame exp\u00e9rience \u00e0 Rio en 2016. M\u00eame si j\u2019ai eu la chance d\u2019y aller, on avait \u00e9t\u00e9 jet\u00e9s un peu l\u00e0-dedans sans trop savoir ce qu\u2019\u00e9tait le monde olympique, sans conna\u00eetre les athl\u00e8tes qui y participaient. Au Br\u00e9sil, on partageait un immeuble avec des inconnus, avec peu de soutien. \u00c0 Paris, c\u2019\u00e9tait totalement diff\u00e9rent. L\u2019esprit bleu a \u00e9t\u00e9 <strong>travaill\u00e9 en amont avec des rassemblements<\/strong>.<\/p>\n<blockquote class=\"ac-article-quote wall-content\">\n<p>Au village, il y avait des connexions qui avaient d\u00e9j\u00e0 \u00e9t\u00e9 faites. C&rsquo;\u00e9tait un tr\u00e8s bon moment. Aujourd&rsquo;hui, on continue \u00e0 se voir et \u00e0 se soutenir<\/p>\n<p>    <strong>Stephen Parez<\/strong>\n            <\/p><\/blockquote>\n<p class=\" wall-content\">Les r\u00e9seaux, c\u2019est bien, mais la r\u00e9alit\u00e9, c\u2019est mieux.<\/p>\n<p class=\" wall-content\"><a href=\"https:\/\/www.instagram.com\/p\/DIYiL-VM7nu\/embed\" title=\"Ouvrir le lien sur Instagram\" target=\"_blank\" rel=\"noopener\">Visualiser le contenu sur Instagram<\/a><\/p>\n<p class=\" wall-content\"><strong>actu Paris\u2009: Vous avez \u00e9galement une passion pour la cuisine. Celle-ci vous am\u00e8ne \u00e0 publier des contenus sur vos r\u00e9seaux. Partagez-vous cette activit\u00e9 avec d\u2019autres sportifs\u2009?<\/strong><\/p>\n<p class=\" wall-content\"><strong>S. P.<\/strong>\u2009: Pas vraiment. Je ne cuisine pas pour les gars de mon \u00e9quipe. Mais, \u00e0 l\u2019avenir, j\u2019aimerais vraiment <strong>d\u00e9velopper<\/strong> cet aspect. Cela pourrait \u00eatre un bon pr\u00e9texte pour les rencontrer et prendre du plaisir avec eux, comme avec Romane Dicko, avec qui je m\u2019entends tr\u00e8s bien.<\/p>\n<blockquote class=\"ac-article-quote wall-content\">\n<p>Mon amiti\u00e9 avec elle [Romane Dicko] est n\u00e9e \u00e0 la c\u00e9r\u00e9monie de cl\u00f4ture des Jeux olympiques. On attendait sous la pluie et on \u00e9tait vraiment en avance. On avait tr\u00e8s faim. Et on s&rsquo;est dit, viens, on va chercher des frites. On avait une fringale. On a bien rigol\u00e9. La cuisine, c&rsquo;est quelque chose qui cr\u00e9e des liens et qui rapproche<\/p>\n<p>    <strong>Stephen Parez<\/strong>\n            <\/p><\/blockquote>\n<p class=\" wall-content\"><a href=\"https:\/\/www.instagram.com\/p\/DE7ssXBAM5S\/embed\" title=\"Ouvrir le lien sur Instagram\" target=\"_blank\" rel=\"noopener\">Visualiser le contenu sur Instagram<\/a><\/p>\n<p class=\" wall-content\"><strong>actu Paris\u2009: Quelles sont vos adresses favorites \u00e0 Paris\u2009?<\/strong><\/p>\n<p class=\" wall-content\"><strong>S. P.<\/strong>\u2009: J\u2019aime beaucoup L\u2019Hommage, dans le 13e arrondissement. C\u2019est un ami qui tient \u00e7a, vraiment un bon rapport qualit\u00e9-prix. J\u2019aime bien aller chez William Ledeuil [chef \u00e9toil\u00e9]. R\u00e9cemment, je suis all\u00e9 chez Mattias Marc [ancien candidat de <a href=\"https:\/\/actu.fr\/ile-de-france\/asnieres-sur-seine_92004\/top-chef-2025-quentin-le-grand-vainqueur-ouvre-son-restaurant-ephemere-sur-une-peniche-des-hauts-de-seine_62850253.html\" target=\"_blank\" rel=\"noopener\">Top Chef<\/a> qui poss\u00e8de Substance, un restaurant \u00e9toil\u00e9], qui propose une cuisine de terroir avec du go\u00fbt. J\u2019aime aussi aller retrouver mes copains \u00e0 La Cantine du Troquet, dans le 14e. J\u2019ai aussi ador\u00e9 rencontrer <a href=\"https:\/\/actu.fr\/ile-de-france\/paris_75056\/mory-sacko-ouvre-un-nouveau-restaurant-a-paris-ce-que-l-on-sait-de-cette-future-brasserie_60177829.html\" target=\"_blank\" rel=\"noopener\">Mory Sacko<\/a>.<\/p>\n<p class=\" wall-content\">Suivez toute l\u2019actualit\u00e9 de vos villes et m\u00e9dias favoris en vous inscrivant \u00e0 <a href=\"https:\/\/moncompte.actu.fr\" title=\"D\u00e9couvez Mon Actu\" rel=\"nofollow noopener\" data-trk=\"{&quot;cta&quot;:{&quot;action&quot;:&quot;https:\\\/\\\/moncompte.actu.fr&quot;,&quot;category&quot;:&quot;mon compte&quot;,&quot;from&quot;:&quot;article footer&quot;,&quot;name&quot;:&quot;Mon actu&quot;,&quot;type&quot;:&quot;cta&quot;}}\" target=\"_blank\">Mon Actu<\/a>.<\/p>\n<p>                    <script async src=\"\/\/www.instagram.com\/embed.js\"><\/script><\/p>\n","protected":false},"excerpt":{"rendered":"Par Antoine Grotteria Publi\u00e9 le 26 juil. 2025 \u00e0 8h32 \u00ab\u2009Cela a tr\u00e8s difficile de trouver un sens&hellip;\n","protected":false},"author":2,"featured_media":274578,"comment_status":"","ping_status":"","sticky":false,"template":"","format":"standard","meta":{"footnotes":""},"categories":[1888],"tags":[1111,1928,11,1927,18194,1777,674,1011,27,7941,12,1926,626,1925,25,13891,60],"class_list":{"0":"post-274577","1":"post","2":"type-post","3":"status-publish","4":"format-standard","5":"has-post-thumbnail","7":"category-paris","8":"tag-actu","9":"tag-actu-paris","10":"tag-actualites","11":"tag-actualites-paris","12":"tag-athletes-jo-2024","13":"tag-eu","14":"tag-europe","15":"tag-fr","16":"tag-france","17":"tag-jo-paris-2024","18":"tag-news","19":"tag-news-paris","20":"tag-paris","21":"tag-paris-news","22":"tag-republique-francaise","23":"tag-rugby-a-7","24":"tag-sports"},"share_on_mastodon":{"url":"https:\/\/pubeurope.com\/@fr\/114918150821236926","error":""},"_links":{"self":[{"href":"https:\/\/www.europesays.com\/fr\/wp-json\/wp\/v2\/posts\/274577","targetHints":{"allow":["GET"]}}],"collection":[{"href":"https:\/\/www.europesays.com\/fr\/wp-json\/wp\/v2\/posts"}],"about":[{"href":"https:\/\/www.europesays.com\/fr\/wp-json\/wp\/v2\/types\/post"}],"author":[{"embeddable":true,"href":"https:\/\/www.europesays.com\/fr\/wp-json\/wp\/v2\/users\/2"}],"replies":[{"embeddable":true,"href":"https:\/\/www.europesays.com\/fr\/wp-json\/wp\/v2\/comments?post=274577"}],"version-history":[{"count":0,"href":"https:\/\/www.europesays.com\/fr\/wp-json\/wp\/v2\/posts\/274577\/revisions"}],"wp:featuredmedia":[{"embeddable":true,"href":"https:\/\/www.europesays.com\/fr\/wp-json\/wp\/v2\/media\/274578"}],"wp:attachment":[{"href":"https:\/\/www.europesays.com\/fr\/wp-json\/wp\/v2\/media?parent=274577"}],"wp:term":[{"taxonomy":"category","embeddable":true,"href":"https:\/\/www.europesays.com\/fr\/wp-json\/wp\/v2\/categories?post=274577"},{"taxonomy":"post_tag","embeddable":true,"href":"https:\/\/www.europesays.com\/fr\/wp-json\/wp\/v2\/tags?post=274577"}],"curies":[{"name":"wp","href":"https:\/\/api.w.org\/{rel}","templated":true}]}}