{"id":274579,"date":"2025-07-26T06:36:11","date_gmt":"2025-07-26T06:36:11","guid":{"rendered":"https:\/\/www.europesays.com\/fr\/274579\/"},"modified":"2025-07-26T06:36:11","modified_gmt":"2025-07-26T06:36:11","slug":"cest-un-phenomene-connu-regulier-ici-et-bien-gere-apres-le-vol-paris-nice-detourne-vers-marseille-jeudi-comment-laeroport-nice-cote-dazur-fait-face-aux-vents-cisaillant","status":"publish","type":"post","link":"https:\/\/www.europesays.com\/fr\/274579\/","title":{"rendered":"\u00ab\u00a0C\u2019est un ph\u00e9nom\u00e8ne connu, r\u00e9gulier ici et bien g\u00e9r\u00e9\u00a0\u00bb: apr\u00e8s le vol Paris-Nice d\u00e9tourn\u00e9 vers Marseille jeudi, comment l\u2019a\u00e9roport Nice C\u00f4te d\u2019Azur fait face aux vents cisaillants"},"content":{"rendered":"<p>            La peur de l\u2019avion: une phobie tr\u00e8s r\u00e9pandue<\/p>\n<p>Si tout s\u2019est finalement, et heureusement, bien termin\u00e9 pour les passagers du vol Paris-Nice, jeudi en d\u00e9but d\u2019apr\u00e8s-midi, sur les r\u00e9seaux sociaux, les commentaires sur cet \u00e9v\u00e9nement, ont fleuri en quelques heures. Et comme \u00e0 chaque \u00e9v\u00e9nement a\u00e9ronautique, beaucoup d\u2019internautes ont fait part de leur \u00ab\u00a0peur panique de l\u2019avion\u00a0\u00bb.<\/p>\n<p>20% de la population<\/p>\n<p>Une a\u00e9rophobie qui touche plus de 20% de la population selon un rapport de l\u2019Association internationale du transport a\u00e9rien (IATA) publi\u00e9 en 2023. C\u2019est bien davantage que toutes les autres phobies. Avec des grades diff\u00e9rents qui peuvent aller jusqu\u2019\u00e0 l\u2019impossibilit\u00e9 de monter dans un avion. \u00ab\u00a0Et typiquement ce genre d\u2019\u00e9v\u00e9nement, bien souvent surm\u00e9diatis\u00e9 ne fait qu\u2019alimenter cette angoisse chez les personnes qui y sont sujettes\u00a0\u00bb, commente Thierry Mathieu.<\/p>\n<p>Pilote de ligne depuis trente ans, il a mis en place depuis trois ans des stages \u00ab\u00a0pour ma\u00eetriser sa peur de l\u2019avion gr\u00e2ce \u00e0 une meilleure ma\u00eetrise intellectuelle de la s\u00e9curit\u00e9 a\u00e9rienne et de la formation des \u00e9quipages. Les gens ont besoin de savoir comment \u00e7a marche pour vaincre toutes leurs peurs.\u00a0\u00bb Et depuis il a vu des dizaines de stagiaires d\u00e9filer dans ses ateliers. Et certains sont repartis \u00ab\u00a0lib\u00e9r\u00e9s de ce poids\u00a0\u00bb.<\/p>\n<p>C\u2019est le cas de M\u00e9lanie. Aviophobe s\u00e9v\u00e8re depuis un Nice-Paris qui s\u2019est tr\u00e8s mal pass\u00e9 avec beaucoup de turbulences et une m\u00e9t\u00e9o catastrophique. \u00ab\u00a0On a atterri tant bien que mal. Mais \u00e7a a \u00e9t\u00e9 une heure trente d\u2019enfer. Depuis j\u2019ai d\u00e9velopp\u00e9 des phobies \u00e0 chaque fois que je m\u2019approche d\u2019un avion. Au cours des stages que j\u2019ai suivi, j\u2019ai compris que cette peur \u00e9tait essentiellement li\u00e9e \u00e0 une m\u00e9connaissance dans ce domaine. J\u2019ai obtenu des r\u00e9ponses \u00e0 mes questions et je vis beaucoup mieux les vols en avion.\u00a0\u00bb<\/p>\n<p>D\u2019autres misent sur le simulateur de vol pour ma\u00eetriser leur peur. Dans les Alpes-Maritimes, Aviasim a lanc\u00e9 ses stages de 6 heures en 2012 (399 euros). Depuis, l\u2019entreprise prosp\u00e8re. \u00ab\u00a0On a des stagiaires chaque semaine avec des pics avant les vacances d\u2019\u00e9t\u00e9, explique C\u00e9line Baudrand la directrice. On a une partie th\u00e9orique o\u00f9 un instructeur r\u00e9pond \u00e0 toutes les questions et une partie avec simulateur: c\u2019est l\u2019aspect pratique o\u00f9 on apprend aux stagiaires \u00e0 se d\u00e9tendre.\u00a0\u00bb<\/p>\n<p>Face \u00e0 cette peur panique difficilement contr\u00f4lable, il y a pourtant des donn\u00e9es essentielles: l\u2019avion reste statistiquement le moyen de transport le plus s\u00fbr. Selon les derni\u00e8res donn\u00e9es de l\u2019Association internationale du transport a\u00e9rien (Iata), il y a eu un accident tous les 880.000 vols en 2024, alors que la moyenne entre 2020 et 2024 \u00e9tait d\u2019un accident tous les 810.000 vols,<\/p>\n<p>\u00ab\u00a0\u00c0 chaque \u00e9v\u00e9nement, je me dis que j\u2019ai raison!\u00a0\u00bb<\/p>\n<p>\u00ab\u00a0Peine perdue, r\u00e9agit Thomas qui fait partie des angoiss\u00e9s s\u00e9v\u00e8res. Me rappeler que j\u2019ai plus de risques d\u2019avoir un accident de voiture que de mourir dans un crash d\u2019avion, cela ne suffit pas \u00e0 m\u2019apaiser. Et je vous laisse imaginer mon stress d\u00e8s qu\u2019on parle de crash a\u00e9rien \u00e0 la t\u00e9l\u00e9. Et ce qui s\u2019est pass\u00e9 jeudi \u00e0 Nice ne me rassure pas non plus!\u00a0\u00bb<\/p>\n<p>Des \u00e9v\u00e9nements qui n\u2019\u00e9chappent d\u2019ailleurs jamais \u00e0 ces angoiss\u00e9s de l\u2019altitude. Bien au contraire, ils sont comme des aimants. \u00ab\u00a0Je pense que \u00e7a me conforte dans ma phobie, confirme Thomas. En gros j\u2019ai peur et j\u2019ai raison, regardez ce qui s\u2019est pass\u00e9. \u00e7a fait encore monter d\u2019un cran ma phobie. Jusqu\u2019\u00e0 me dissuader de prendre un billet\u2026\u00a0\u00bb<\/p>\n<p>L\u2019a\u00e9roport Nice C\u00f4te d\u2019Azur mise sur la m\u00e9diation animale: une premi\u00e8re en France?<\/p>\n<p>L\u2019a\u00e9roport Nice C\u00f4te d\u2019Azur prend aussi cette probl\u00e9matique de l\u2019a\u00e9rophobie \u00e0 bras-le-corps. Fin mai, un test avec un chien antistress a \u00e9t\u00e9 r\u00e9alis\u00e9 dans la zone d\u2019embarquement aupr\u00e8s des passagers angoiss\u00e9s.<\/p>\n<p>\u00ab\u00a0Nous avions rep\u00e9r\u00e9 une exp\u00e9rience similaire \u00e0 l\u2019a\u00e9roport de Skopje en Mac\u00e9doine, explique la communication de l\u2019a\u00e9roport. Et nous la trouvions tr\u00e8s pertinente. Au m\u00eame moment, Nathalie qui est sp\u00e9cialiste de la m\u00e9diation animale nous a propos\u00e9 ses services et nous avons donc mis en place cette exp\u00e9rience qui s\u2019est av\u00e9r\u00e9e tr\u00e8s concluante. Eko est venu en juillet et sera de retour en ao\u00fbt pour aller \u00e0 la rencontre des passagers angoiss\u00e9s de monter dans un avion.\u00a0\u00bb Selon le site azur\u00e9en, ce serait d\u2019ailleurs une premi\u00e8re en France dans un a\u00e9roport.<\/p>\n","protected":false},"excerpt":{"rendered":"La peur de l\u2019avion: une phobie tr\u00e8s r\u00e9pandue Si tout s\u2019est finalement, et heureusement, bien termin\u00e9 pour les&hellip;\n","protected":false},"author":2,"featured_media":274580,"comment_status":"","ping_status":"","sticky":false,"template":"","format":"standard","meta":{"footnotes":""},"categories":[1888],"tags":[1111,1928,11,1927,1777,674,1011,27,12,1926,626,1925,25,800],"class_list":{"0":"post-274579","1":"post","2":"type-post","3":"status-publish","4":"format-standard","5":"has-post-thumbnail","7":"category-paris","8":"tag-actu","9":"tag-actu-paris","10":"tag-actualites","11":"tag-actualites-paris","12":"tag-eu","13":"tag-europe","14":"tag-fr","15":"tag-france","16":"tag-news","17":"tag-news-paris","18":"tag-paris","19":"tag-paris-news","20":"tag-republique-francaise","21":"tag-transports"},"share_on_mastodon":{"url":"https:\/\/pubeurope.com\/@fr\/114918154824492008","error":""},"_links":{"self":[{"href":"https:\/\/www.europesays.com\/fr\/wp-json\/wp\/v2\/posts\/274579","targetHints":{"allow":["GET"]}}],"collection":[{"href":"https:\/\/www.europesays.com\/fr\/wp-json\/wp\/v2\/posts"}],"about":[{"href":"https:\/\/www.europesays.com\/fr\/wp-json\/wp\/v2\/types\/post"}],"author":[{"embeddable":true,"href":"https:\/\/www.europesays.com\/fr\/wp-json\/wp\/v2\/users\/2"}],"replies":[{"embeddable":true,"href":"https:\/\/www.europesays.com\/fr\/wp-json\/wp\/v2\/comments?post=274579"}],"version-history":[{"count":0,"href":"https:\/\/www.europesays.com\/fr\/wp-json\/wp\/v2\/posts\/274579\/revisions"}],"wp:featuredmedia":[{"embeddable":true,"href":"https:\/\/www.europesays.com\/fr\/wp-json\/wp\/v2\/media\/274580"}],"wp:attachment":[{"href":"https:\/\/www.europesays.com\/fr\/wp-json\/wp\/v2\/media?parent=274579"}],"wp:term":[{"taxonomy":"category","embeddable":true,"href":"https:\/\/www.europesays.com\/fr\/wp-json\/wp\/v2\/categories?post=274579"},{"taxonomy":"post_tag","embeddable":true,"href":"https:\/\/www.europesays.com\/fr\/wp-json\/wp\/v2\/tags?post=274579"}],"curies":[{"name":"wp","href":"https:\/\/api.w.org\/{rel}","templated":true}]}}