{"id":274581,"date":"2025-07-26T06:37:11","date_gmt":"2025-07-26T06:37:11","guid":{"rendered":"https:\/\/www.europesays.com\/fr\/274581\/"},"modified":"2025-07-26T06:37:11","modified_gmt":"2025-07-26T06:37:11","slug":"a-paris-nespresso-ouvre-un-nouveau-chapitre-avec-son-premier-coffee-shop-dans-le-marais","status":"publish","type":"post","link":"https:\/\/www.europesays.com\/fr\/274581\/","title":{"rendered":"\u00c0 Paris, Nespresso ouvre un nouveau chapitre avec son premier coffee shop dans le Marais"},"content":{"rendered":"<p>            Par<br \/>\n        <strong><br \/>\n            <a href=\"https:\/\/actu.fr\/auteur\/ines-cussac-actu-fr\" title=\"Consulter tous les articles de In\u00e8s Cussac\" target=\"_blank\" rel=\"noopener\">In\u00e8s Cussac<\/a><br \/>\n        <\/strong><\/p>\n<p>        Publi\u00e9 le<\/p>\n<p>            26 juil. 2025 \u00e0 7h52        <\/p>\n<p>Pour innover, faut-il d\u00e9truire et cr\u00e9er\u2009? La r\u00e9ponse est oui, selon Nespresso. Le cr\u00e9ateur de la dosette en aluminium a ouvert <a href=\"https:\/\/actu.fr\/ile-de-france\/paris_75056\/a-paris-un-coffee-shop-figure-parmi-les-meilleurs-au-monde-selon-un-celebre-classement_62317328.html\" target=\"_blank\" rel=\"noopener\">un coffee shop<\/a> en plein c\u0153ur du Marais, \u00e0 Paris, vendredi 18\u00a0juillet 2025. Ici, <strong>pas de machine ni de capsule\u2009:<\/strong> le caf\u00e9 y est pr\u00e9par\u00e9 \u00e0 la main par les baristas [sauf pour les d\u00e9caf\u00e9in\u00e9s, ndlr].<\/p>\n<p>Un virage strat\u00e9gique<\/p>\n<p class=\" wall-content\">\u00ab\u2009Exp\u00e9rience\u2009\u00bb et \u00ab\u2009proximit\u00e9\u2009\u00bb sont les nouvelles notions mises en avant par l\u2019entreprise suisse. \u00c0 travers ce \u00ab\u2009Caf\u00e9\u2009\u00bb, install\u00e9 au 47 rue Vieille-du-Temple (4e) dans l\u2019h\u00f4tel particulier des Ambassadeurs, Nespresso d\u00e9barque dans le milieu des n\u00e9ocaf\u00e9s. Une nouveaut\u00e9 dans la continuit\u00e9 du virage strat\u00e9gique impuls\u00e9 il y a six ans lors de <strong>la fermeture du vaisseau amiral des Champs-\u00c9lys\u00e9es<\/strong>.<\/p>\n<p>    <img   decoding=\"async\" loading=\"lazy\" src=\"https:\/\/www.europesays.com\/fr\/wp-content\/uploads\/2025\/07\/771f431c-430a-4d0a-a2fb-da6a190ce52e-960x640.jpg\" alt=\"Le caf\u00e9 est install\u00e9 dans l'h\u00f4tel particulier des Ambassadeurs, dans le Marais.\" width=\"960\" height=\"640\"\/><br \/>\n    Le caf\u00e9 est install\u00e9 dans l\u2019h\u00f4tel particulier des Ambassadeurs, dans le Marais. (\u00a9IC \/ actu Paris)<\/p>\n<p class=\" wall-content\">Fini les grands espaces feutr\u00e9s, place aux petites adresses o\u00f9 la vieille pierre c\u00f4toie un design r\u00e9tro et \u00e9pur\u00e9. L\u2019architecte d\u2019int\u00e9rieur et fondateur des restaurants PNY <strong>Rudy Guenaire<\/strong> a \u00e9t\u00e9 d\u00e9sign\u00e9 pour red\u00e9corer cet \u00e9crin m\u00ealant design italien des ann\u00e9es 1930 et lignes contemporaines. \u00ab\u2009Un clin d\u2019\u0153il \u00e0 l\u2019ADN de marque Nespresso, alliant origines italiennes et technologies de pointe\u2009\u00bb, souligne le communiqu\u00e9. \u00ab\u2009Quand Nespresso m\u2019a appel\u00e9, j\u2019\u00e9tais ravi. J\u2019ai imagin\u00e9 le Caf\u00e9 comme une capsule hors du temps, simple et po\u00e9tique, o\u00f9 le savoir-faire ancestral rencontre la technologie ultra-sophistiqu\u00e9e. Un lieu suspendu et lumineux, o\u00f9 chaque tasse est la promesse d\u2019une aube nouvelle\u2009\u00bb, s\u2019est r\u00e9joui l\u2019artiste qui a par ailleurs d\u00e9j\u00e0 collabor\u00e9 avec C\u00e9dric Grolet.<\/p>\n<p>D\u2019abord le Caf\u00e9, ensuite la Maison<\/p>\n<p class=\" wall-content\">Derri\u00e8re le comptoir, des graines de caf\u00e9 venues de 18 pays et terroirs sont expos\u00e9es. Sur la carte, des tasses de caf\u00e9 classique ou glac\u00e9 sont \u00e9galement propos\u00e9es ainsi qu\u2019une cr\u00e9ation signature\u2009: <strong>le Mocha Tonka<\/strong>. Pour compl\u00e9ter la d\u00e9gustation, des palmiers brioch\u00e9s en quatre saveurs sont servis \u00e0 emporter ou \u00e0 d\u00e9guster dans la cour de l\u2019h\u00f4tel particulier. D\u2019autres cr\u00e9ations sont pr\u00e9vues \u00e0 l\u2019automne 2025.<\/p>\n<p class=\" wall-content\">Avec cette adresse \u00ab\u2009pens\u00e9e pour les h\u00e9donistes d\u2019aujourd\u2019hui\u2009\u00bb, Nespresso tranche avec la recette de son succ\u00e8s. <a href=\"https:\/\/actu.fr\/ile-de-france\/creteil_94028\/deux-hommes-condamnes-pour-trafic-de-capsules-nespresso-dans-le-val-de-marne_55441302.html\" target=\"_blank\" rel=\"noopener\">Les capsules<\/a> longtemps r\u00e9serv\u00e9es au club de clients et la distribution s\u00e9lective en boutique sont d\u00e9sormais des concepts du pass\u00e9. Apr\u00e8s l\u2019entr\u00e9e dans les rayons des supermarch\u00e9s, un nouveau chapitre s\u2019\u00e9crit avec ce coffee shop. Mais <strong>il ne serait qu\u2019un pr\u00e9lude<\/strong> \u00e0 l\u2019ouverture d\u2019un premier coffee shop store baptis\u00e9 la \u00ab\u2009Maison Nespresso\u2009\u00bb, pr\u00e9vu pour le mois d\u2019octobre.<\/p>\n<p class=\" wall-content\">Suivez toute l\u2019actualit\u00e9 de vos villes et m\u00e9dias favoris en vous inscrivant \u00e0 <a href=\"https:\/\/moncompte.actu.fr\" title=\"D\u00e9couvez Mon Actu\" rel=\"nofollow noopener\" data-trk=\"{&quot;cta&quot;:{&quot;action&quot;:&quot;https:\\\/\\\/moncompte.actu.fr&quot;,&quot;category&quot;:&quot;mon compte&quot;,&quot;from&quot;:&quot;article footer&quot;,&quot;name&quot;:&quot;Mon actu&quot;,&quot;type&quot;:&quot;cta&quot;}}\" target=\"_blank\">Mon Actu<\/a>.<\/p>\n","protected":false},"excerpt":{"rendered":"Par In\u00e8s Cussac Publi\u00e9 le 26 juil. 2025 \u00e0 7h52 Pour innover, faut-il d\u00e9truire et cr\u00e9er\u2009? La r\u00e9ponse&hellip;\n","protected":false},"author":2,"featured_media":274582,"comment_status":"","ping_status":"","sticky":false,"template":"","format":"standard","meta":{"footnotes":""},"categories":[1888],"tags":[11,215,1777,674,1011,27,24797,12,626,25,104],"class_list":{"0":"post-274581","1":"post","2":"type-post","3":"status-publish","4":"format-standard","5":"has-post-thumbnail","7":"category-paris","8":"tag-actualites","9":"tag-commerce","10":"tag-eu","11":"tag-europe","12":"tag-fr","13":"tag-france","14":"tag-le-marais","15":"tag-news","16":"tag-paris","17":"tag-republique-francaise","18":"tag-societe"},"share_on_mastodon":{"url":"https:\/\/pubeurope.com\/@fr\/114918158801211975","error":""},"_links":{"self":[{"href":"https:\/\/www.europesays.com\/fr\/wp-json\/wp\/v2\/posts\/274581","targetHints":{"allow":["GET"]}}],"collection":[{"href":"https:\/\/www.europesays.com\/fr\/wp-json\/wp\/v2\/posts"}],"about":[{"href":"https:\/\/www.europesays.com\/fr\/wp-json\/wp\/v2\/types\/post"}],"author":[{"embeddable":true,"href":"https:\/\/www.europesays.com\/fr\/wp-json\/wp\/v2\/users\/2"}],"replies":[{"embeddable":true,"href":"https:\/\/www.europesays.com\/fr\/wp-json\/wp\/v2\/comments?post=274581"}],"version-history":[{"count":0,"href":"https:\/\/www.europesays.com\/fr\/wp-json\/wp\/v2\/posts\/274581\/revisions"}],"wp:featuredmedia":[{"embeddable":true,"href":"https:\/\/www.europesays.com\/fr\/wp-json\/wp\/v2\/media\/274582"}],"wp:attachment":[{"href":"https:\/\/www.europesays.com\/fr\/wp-json\/wp\/v2\/media?parent=274581"}],"wp:term":[{"taxonomy":"category","embeddable":true,"href":"https:\/\/www.europesays.com\/fr\/wp-json\/wp\/v2\/categories?post=274581"},{"taxonomy":"post_tag","embeddable":true,"href":"https:\/\/www.europesays.com\/fr\/wp-json\/wp\/v2\/tags?post=274581"}],"curies":[{"name":"wp","href":"https:\/\/api.w.org\/{rel}","templated":true}]}}