{"id":27459,"date":"2025-04-15T20:09:16","date_gmt":"2025-04-15T20:09:16","guid":{"rendered":"https:\/\/www.europesays.com\/fr\/27459\/"},"modified":"2025-04-15T20:09:16","modified_gmt":"2025-04-15T20:09:16","slug":"les-images-des-impacts-de-balles-et-des-voitures-brulees-a-toulon-et-villepinte","status":"publish","type":"post","link":"https:\/\/www.europesays.com\/fr\/27459\/","title":{"rendered":"les images des impacts de balles et des voitures br\u00fbl\u00e9es \u00e0 Toulon et Villepinte"},"content":{"rendered":"<p>\u00a0\u00bb<br \/>\n        data-script=\u00a0\u00bbhttps:\/\/static.lefigaro.fr\/widget-video\/short-ttl\/video\/index.js\u00a0\u00bb<br \/>\n    &gt;<\/p>\n<p><strong>VID\u00c9O &#8211; <\/strong>Plusieurs centres p\u00e9nitentiaires ont \u00e9t\u00e9 attaqu\u00e9s et victimes de d\u00e9gradations dans la nuit du 14 au 15 avril. La prison de Toulon-La Farl\u00e8de a \u00e9t\u00e9 vis\u00e9e par des tirs d\u2019arme lourde.<\/p>\n<p class=\"fig-paragraph\">Quinze impacts de balles tir\u00e9es par une arme de type kalachnikov ont \u00e9t\u00e9 constat\u00e9s sur plusieurs portes d\u2019entr\u00e9e du centre p\u00e9nitentiaire de Toulon-La Farl\u00e8de ce mardi 15 avril. La prison a \u00e9t\u00e9 attaqu\u00e9e au cours de la nuit, comme plusieurs autres\u00a0<a href=\"http:\/\/www.lefigaro.fr\/marseille\/marseille-toulon-nanterre-plusieurs-prisons-visees-par-des-incendies-et-des-tirs-cette-nuit-20250415\" data-fig-type=\"NewsFlash\" data-gtm-custom-categorie=\"navigation\" data-gtm-custom-action=\"crossclick\" data-gtm-custom-label=\"Contextuel\" data-gtm-event=\"customEventSPE\" data-fig-domain=\"LEFIGARO\" target=\"_blank\" rel=\"noopener\">\u00e9tablissements p\u00e9nitentiaires fran\u00e7ais<\/a>.<\/p>\n<p class=\"fig-paragraph\">Des images diffus\u00e9es par l\u2019AFP montrent \u00e9galement une vitre du centre varois endommag\u00e9e par un tir d\u2019arme automatique. Les lettres \u00abDDPF\u00bb ont \u00e9t\u00e9 trac\u00e9es en orange sur l\u2019une des portes de la prison. Elles pourraient signifier \u00abdroit des prisonniers fran\u00e7ais\u00bb.<\/p>\n<p>Trois v\u00e9hicules incendi\u00e9s \u00e0 Villepinte<\/p>\n<p class=\"fig-paragraph\">\u00c0 la maison d\u2019arr\u00eat de Villepinte, en r\u00e9gion parisienne, trois v\u00e9hicules, dont deux appartenant \u00e0 des agents p\u00e9nitentiaires, ont \u00e9t\u00e9 incendi\u00e9s. Des restes calcin\u00e9s \u00e9taient encore visibles ce mardi matin sur place.<\/p>\n<p class=\"fig-paragraph\">Parmi les autres \u00e9tablissements touch\u00e9s comptent notamment ceux de Nanterre (r\u00e9gion parisienne), Aix-Luynes (sud-est) et Valence (sud-est). Selon une source proche du dossier, \u00abtout cela semble coordonn\u00e9 et manifestement en lien avec la strat\u00e9gie contre le narcobanditisme\u00bb de G\u00e9rald Darmanin. Depuis sa nomination au minist\u00e8re de la Justice, le garde des Sceaux affiche sa volont\u00e9 de mettre \u00e0 l\u2019isolement les\u00a0<a href=\"http:\/\/www.lefigaro.fr\/actualite-france\/gerald-darmanin-au-figaro-mon-plan-pour-couper-du-monde-les-100-narcotrafiquants-les-plus-dangereux-20250220\" data-fig-type=\"Article\" data-gtm-custom-categorie=\"navigation\" data-gtm-custom-action=\"crossclick\" data-gtm-custom-label=\"Contextuel\" data-gtm-event=\"customEventSPE\" data-fig-domain=\"LEFIGARO\" target=\"_blank\" rel=\"noopener\">100 plus gros narcotrafiquants<\/a>\u00a0dans une prison de haute s\u00e9curit\u00e9.<\/p>\n","protected":false},"excerpt":{"rendered":"\u00a0\u00bb data-script=\u00a0\u00bbhttps:\/\/static.lefigaro.fr\/widget-video\/short-ttl\/video\/index.js\u00a0\u00bb &gt; VID\u00c9O &#8211; Plusieurs centres p\u00e9nitentiaires ont \u00e9t\u00e9 attaqu\u00e9s et victimes de d\u00e9gradations dans la nuit&hellip;\n","protected":false},"author":2,"featured_media":27460,"comment_status":"","ping_status":"","sticky":false,"template":"","format":"standard","meta":{"footnotes":""},"categories":[9619],"tags":[119,1111,11,3694,271,2951,3695,1777,674,3696,118,1011,27,2825,1253,303,12,1072,806,2694,882,25,2310,2949],"class_list":{"0":"post-27459","1":"post","2":"type-post","3":"status-publish","4":"format-standard","5":"has-post-thumbnail","7":"category-toulon","8":"tag-accident","9":"tag-actu","10":"tag-actualites","11":"tag-affaires","12":"tag-crime","13":"tag-criminalite","14":"tag-enquetes","15":"tag-eu","16":"tag-europe","17":"tag-evenements","18":"tag-faits-divers","19":"tag-fr","20":"tag-france","21":"tag-insecurite","22":"tag-islamisme","23":"tag-justice","24":"tag-news","25":"tag-police","26":"tag-prison","27":"tag-proces","28":"tag-provence-alpes-cote-dazur","29":"tag-republique-francaise","30":"tag-toulon","31":"tag-violences"},"share_on_mastodon":{"url":"https:\/\/pubeurope.com\/@fr\/114343796082183266","error":""},"_links":{"self":[{"href":"https:\/\/www.europesays.com\/fr\/wp-json\/wp\/v2\/posts\/27459","targetHints":{"allow":["GET"]}}],"collection":[{"href":"https:\/\/www.europesays.com\/fr\/wp-json\/wp\/v2\/posts"}],"about":[{"href":"https:\/\/www.europesays.com\/fr\/wp-json\/wp\/v2\/types\/post"}],"author":[{"embeddable":true,"href":"https:\/\/www.europesays.com\/fr\/wp-json\/wp\/v2\/users\/2"}],"replies":[{"embeddable":true,"href":"https:\/\/www.europesays.com\/fr\/wp-json\/wp\/v2\/comments?post=27459"}],"version-history":[{"count":0,"href":"https:\/\/www.europesays.com\/fr\/wp-json\/wp\/v2\/posts\/27459\/revisions"}],"wp:featuredmedia":[{"embeddable":true,"href":"https:\/\/www.europesays.com\/fr\/wp-json\/wp\/v2\/media\/27460"}],"wp:attachment":[{"href":"https:\/\/www.europesays.com\/fr\/wp-json\/wp\/v2\/media?parent=27459"}],"wp:term":[{"taxonomy":"category","embeddable":true,"href":"https:\/\/www.europesays.com\/fr\/wp-json\/wp\/v2\/categories?post=27459"},{"taxonomy":"post_tag","embeddable":true,"href":"https:\/\/www.europesays.com\/fr\/wp-json\/wp\/v2\/tags?post=27459"}],"curies":[{"name":"wp","href":"https:\/\/api.w.org\/{rel}","templated":true}]}}