{"id":274593,"date":"2025-07-26T06:43:17","date_gmt":"2025-07-26T06:43:17","guid":{"rendered":"https:\/\/www.europesays.com\/fr\/274593\/"},"modified":"2025-07-26T06:43:17","modified_gmt":"2025-07-26T06:43:17","slug":"reconnaissance-de-la-palestine-lallemagne-temporise-malgre-lannonce-de-la-france-linfo-re","status":"publish","type":"post","link":"https:\/\/www.europesays.com\/fr\/274593\/","title":{"rendered":"Reconnaissance de la Palestine : l\u2019Allemagne temporise malgr\u00e9 l\u2019annonce de la France &#8211; LINFO.re"},"content":{"rendered":"<p>Alors que la France s\u2019engage \u00e0 reconna\u00eetre un Etat palestinien \u00e0 l\u2019ONU en septembre, l\u2019Allemagne prend ses distances.<\/p>\n<p>\t\t\t\t\t\t<strong>L\u2019Allemagne adopte une position prudente<\/strong><\/p>\n<p style=\"text-align: justify;\">Au lendemain de l\u2019annonce d\u2019Emmanuel Macron, l\u2019Allemagne a r\u00e9agi. Dans un communiqu\u00e9 publi\u00e9 ce vendredi 25 juillet, Berlin indique \u00ab\u00a0ne pas envisager \u00e0 court terme\u00a0\u00bb une <a href=\"https:\/\/www.linfo.re\/monde\/asie\/la-france-et-la-reconnaissance-de-l-etat-de-palestine-un-debat-politique-anime\" target=\"_blank\" rel=\"noopener\"><strong>reconnaissance officielle de la Palestine<\/strong><\/a>.<\/p>\n<p style=\"text-align: justify;\">Selon le gouvernement allemand, cette reconnaissance doit constituer l\u2019aboutissement du processus de paix, et non une \u00e9tape pr\u00e9coce. La chancellerie insiste \u00e9galement sur le r\u00f4le central de la s\u00e9curit\u00e9 d\u2019Isra\u00ebl dans sa politique ext\u00e9rieure.<\/p>\n<p><strong>Emmanuel Macron veut agir \u00e0 l\u2019ONU en septembre<\/strong><\/p>\n<p style=\"text-align: justify;\">Jeudi, <a href=\"https:\/\/www.linfo.re\/tags\/emmanuel-macron\" target=\"_blank\" rel=\"noopener\">Emmanuel Macron<\/a> avait adress\u00e9 un message \u00e0 Mahmoud Abbas. Le pr\u00e9sident fran\u00e7ais souhaite relancer la solution \u00e0 deux Etats, qu\u2019il juge seule issue viable. Il \u00e9voque un objectif de paix durable dans la r\u00e9gion et un arr\u00eat des violences. <a href=\"https:\/\/www.linfo.re\/france\/\" target=\"_blank\" rel=\"noopener\">La France<\/a> pr\u00e9voit de porter officiellement cette reconnaissance lors de l\u2019Assembl\u00e9e g\u00e9n\u00e9rale des Nations unies en septembre.<\/p>\n<p><strong>Isra\u00ebl et les Etats-Unis s\u2019opposent \u00e0 la d\u00e9cision fran\u00e7aise<\/strong><\/p>\n<p style=\"text-align: justify;\">La d\u00e9cision fran\u00e7aise a imm\u00e9diatement provoqu\u00e9 des r\u00e9actions. <a href=\"https:\/\/www.linfo.re\/tags\/israel\" target=\"_blank\" rel=\"noopener\">Isra\u00ebl<\/a> l\u2019a vivement critiqu\u00e9e, par la voix du Premier ministre Benyamin Netanyahou, qui y voit une \u00ab\u00a0r\u00e9compense \u00e0 la terreur.\u00a0\u00bb De son c\u00f4t\u00e9, le Hamas salue une \u00ab\u00a0\u00e9tape positive.\u00a0\u00bb<\/p>\n<p style=\"text-align: justify;\">A Washington, le secr\u00e9taire d\u2019Etat Marco Rubio a d\u00e9plor\u00e9 une d\u00e9cision \u00ab\u00a0imprudente.\u00a0\u00bb Il estime qu\u2019elle alimente la propagande du Hamas et freine les chances de paix.<\/p>\n<p><strong>Une Europe divis\u00e9e sur la question<\/strong><\/p>\n<p style=\"text-align: justify;\">Actuellement, 147 pays reconnaissent officiellement l\u2019Etat palestinien. Parmi eux, l\u2019Espagne, la Norv\u00e8ge et l\u2019Irlande ont rejoint cette position en mai dernier. La France devient ainsi le premier membre du G7 \u00e0 s\u2019engager dans cette voie, alors que d\u2019autres capitales europ\u00e9ennes pr\u00e9f\u00e8rent attendre.<\/p>\n<p style=\"text-align: justify;\">Source\u00a0: Leparisien.fr<\/p>\n","protected":false},"excerpt":{"rendered":"Alors que la France s\u2019engage \u00e0 reconna\u00eetre un Etat palestinien \u00e0 l\u2019ONU en septembre, l\u2019Allemagne prend ses distances.&hellip;\n","protected":false},"author":2,"featured_media":274594,"comment_status":"","ping_status":"","sticky":false,"template":"","format":"standard","meta":{"footnotes":""},"categories":[1587],"tags":[47,11,672,4707,1804,3259,1805,1803,1777,674,27,1801,1922,74,12,1802],"class_list":{"0":"post-274593","1":"post","2":"type-post","3":"status-publish","4":"format-standard","5":"has-post-thumbnail","7":"category-allemagne","8":"tag-actualite","9":"tag-actualites","10":"tag-allemagne","11":"tag-amerique","12":"tag-bundesrepublik-deutschland","13":"tag-conflit-israelo-palestinien","14":"tag-de","15":"tag-deutschland","16":"tag-eu","17":"tag-europe","18":"tag-france","19":"tag-germany","20":"tag-info","21":"tag-monde","22":"tag-news","23":"tag-republique-federale-dallemagne"},"share_on_mastodon":{"url":"https:\/\/pubeurope.com\/@fr\/114918182344420604","error":""},"_links":{"self":[{"href":"https:\/\/www.europesays.com\/fr\/wp-json\/wp\/v2\/posts\/274593","targetHints":{"allow":["GET"]}}],"collection":[{"href":"https:\/\/www.europesays.com\/fr\/wp-json\/wp\/v2\/posts"}],"about":[{"href":"https:\/\/www.europesays.com\/fr\/wp-json\/wp\/v2\/types\/post"}],"author":[{"embeddable":true,"href":"https:\/\/www.europesays.com\/fr\/wp-json\/wp\/v2\/users\/2"}],"replies":[{"embeddable":true,"href":"https:\/\/www.europesays.com\/fr\/wp-json\/wp\/v2\/comments?post=274593"}],"version-history":[{"count":0,"href":"https:\/\/www.europesays.com\/fr\/wp-json\/wp\/v2\/posts\/274593\/revisions"}],"wp:featuredmedia":[{"embeddable":true,"href":"https:\/\/www.europesays.com\/fr\/wp-json\/wp\/v2\/media\/274594"}],"wp:attachment":[{"href":"https:\/\/www.europesays.com\/fr\/wp-json\/wp\/v2\/media?parent=274593"}],"wp:term":[{"taxonomy":"category","embeddable":true,"href":"https:\/\/www.europesays.com\/fr\/wp-json\/wp\/v2\/categories?post=274593"},{"taxonomy":"post_tag","embeddable":true,"href":"https:\/\/www.europesays.com\/fr\/wp-json\/wp\/v2\/tags?post=274593"}],"curies":[{"name":"wp","href":"https:\/\/api.w.org\/{rel}","templated":true}]}}