{"id":274599,"date":"2025-07-26T06:46:08","date_gmt":"2025-07-26T06:46:08","guid":{"rendered":"https:\/\/www.europesays.com\/fr\/274599\/"},"modified":"2025-07-26T06:46:08","modified_gmt":"2025-07-26T06:46:08","slug":"jo-paris-2024-vasque-olympique-grand-palais-esplanade-des-invalides-retour-sur-le-paris-iconique-le-figaro","status":"publish","type":"post","link":"https:\/\/www.europesays.com\/fr\/274599\/","title":{"rendered":"JO Paris 2024 : vasque olympique, Grand Palais, esplanade des Invalides&#8230;Retour sur le Paris \u00abiconique\u00bb &#8211; Le Figaro"},"content":{"rendered":"<ol>\n<li><a href=\"https:\/\/news.google.com\/rss\/articles\/CBMi5wFBVV95cUxOTHhFYlFDR09oUWp1VmZCZ0JFVUVaX1kyalNnNWljRDBTcEpZOUVxMHN6RkJWVi1sOVJZbDN2d0wwbXhVLWZFMDl6VkFEZW1vZ19mdG16MThLOFB4RjBodWJuR3RHUlV4VHZaOWdLZHFnamFqS0Q1ZF9Ld1dDZTBUSHZpVzA1Vkl0LXhJRWFNY2VjVzhnSDlZa19NeE1BNkFualJYZmNCUU02WmM1QWxSNVRYSUU3dFJ4S2h3a2tmSUtBWll5SDJ5TDdoTGFmc2t3cTNVQ0xmU1MxNnpjZTZPZkFaT2RGTDA?oc=5\" target=\"_blank\" rel=\"noopener\">JO Paris 2024 : vasque olympique, Grand Palais, esplanade des Invalides&#8230;Retour sur le Paris \u00abiconique\u00bb<\/a>&nbsp;&nbsp;Le Figaro<\/li>\n<li><a href=\"https:\/\/news.google.com\/rss\/articles\/CBMi5gFBVV95cUxNRHdyWGZCVnpsN0M4Sks0V0pEamZXSjJVU1hxZEprSkUwTks1WTRiUEc3TkJfTnRrOGwzdEttN0Vfb3A1X2FxYXZHa2Z6eGJJVjVPdmtmR2IzVWtIUmlaY01kVGNrMi0yQ0tDb1FrdmJBWXE2YU9hQlJHQW43bFhkVVpka0RVNGFTWkxLQVJyaHB5V09reXNhUVJpVVJTb1Brbmwxd282dk9CUm41MFllZ3ZmQTE2OGFPbEozMlIza0tzdEtZWmxWSE15SjFtb0toRzNrbUZBU0RobUFLQUF2U3lpekVBQQ?oc=5\" target=\"_blank\" rel=\"noopener\">Un an apr\u00e8s, que sont devenus les champions olympiques fran\u00e7ais des Jeux de Paris 2024 ?<\/a>&nbsp;&nbsp;Le Monde.fr<\/li>\n<li><a href=\"https:\/\/news.google.com\/rss\/articles\/CBMilgJBVV95cUxPZFNwS01wQUFJVmxZQzhlNHFpUTJvRHMtc2lURl9TY2MwaGE4am9nSmtkOEZYd1V2VXZnNXN5dGUtTV91NjI4ZXRnZWhCakVTN0tTSS0yc3NuS0N6UXhpVWV3dUtDbUIzSm9SNHNOZkRsVjVRVkFVLUM2LTFzWHF1d1NRYVJtWl84RXFRM3lTZ2Q0ckw0SnlILW8takVZQVlEbVlqRUV0MUp2Uzh6Z2hsRDBsTzd1TFFqTWhBcGNkQVZwOU0xUnE1N1l3MlhiblZ6eEd3ZlZfQzBFdE9haXMyZ0o1Y2tCREN3QzhKY2J2d2VkaDM1NkNtbVEtZW9pUVltZEY1R0t5R1IxMDZrVk5hREFMYThPdw?oc=5\" target=\"_blank\" rel=\"noopener\">Tony Estanguet, le patron de Paris 2024, sur une potentielle carri\u00e8re politique : \u00ab Je ne suis pas s\u00fbr d&rsquo;\u00eatre un bon ministre \u00bb<\/a>&nbsp;&nbsp;L&rsquo;\u00c9quipe<\/li>\n<li><a href=\"https:\/\/news.google.com\/rss\/articles\/CBMi0wFBVV95cUxNR0tLbjlUbFFrWGxhc05rdkVQa1hRX0JKN2R6TFVIRndodmotSWNoODNLVXRyLXAxNU5pSWtuU25mUGNRSUdVOXNlQmVZby10dEF1NjBjV1dzcnVtTG8wb2ZBNDhlaXlRSFNzaGQzOTMtelBDWTd2dUVLRXEzekJrQkxNWVZMMlB1Tzd3WTRzOWxsM0g2TWw0dDk5Rkw3VWU3TDJKMHFRNTdSMUxTWVNzbFYybThkRnJBcG1aeDBMRnlmVXlkb1B6TVBPQURrY2d5X1dj?oc=5\" target=\"_blank\" rel=\"noopener\">JO un an apr\u00e8s : les m\u00e9daill\u00e9s du Sud-Ouest sont descendus de leur nuage olympique<\/a>&nbsp;&nbsp;Sud Ouest<\/li>\n<li><a href=\"https:\/\/news.google.com\/rss\/articles\/CBMi-wFBVV95cUxQemk2TXdVSUxHNFFIYm45SEl0R0o3WW1lVlFicUkwTEIteUdjdDU0QzNndWNINUpFOVVDY2N3M0lSWFF2Ymw4UEQ1cVRzdEVjTHctUkMtdmtSd1lWQVI3UnhjbHBQTDdCWnBKRTQyZFhqZHlzTFh5WGNOXzRpQjB5YU9tanhGOVhWVU9oMnFWZExSbVJobU90X0VQamdNY0tZYlB6bmY5Z2VPRVBPc3RRZDVKRGs2OGd2eHI0bEJJdVhmSUFEc3BFSFZleGtMd3VOTHJiZFV3TVh0cmQzYTdQaEpCQnJlV3RrR1pvOFJIWWtqd29KRE5ZNGZ4aw?oc=5\" target=\"_blank\" rel=\"noopener\">Dupont, Lebrun, Marchand, Aubert\u2026 Un an apr\u00e8s les Jeux, que sont devenus les h\u00e9ros de Paris ?<\/a>&nbsp;&nbsp;Ouest-France<\/li>\n<\/ol>\n","protected":false},"excerpt":{"rendered":"JO Paris 2024 : vasque olympique, Grand Palais, esplanade des Invalides&#8230;Retour sur le Paris \u00abiconique\u00bb&nbsp;&nbsp;Le Figaro Un an&hellip;\n","protected":false},"author":2,"featured_media":274600,"comment_status":"","ping_status":"","sticky":false,"template":"","format":"standard","meta":{"footnotes":""},"categories":[2],"tags":[11,22154,1011,27,1398,41409,7941,7661,12,626,25,13527],"class_list":{"0":"post-274599","1":"post","2":"type-post","3":"status-publish","4":"format-standard","5":"has-post-thumbnail","7":"category-actualites","8":"tag-actualites","9":"tag-chateau-de-versailles","10":"tag-fr","11":"tag-france","12":"tag-grand-palais","13":"tag-invalides","14":"tag-jo-paris-2024","15":"tag-montmartre","16":"tag-news","17":"tag-paris","18":"tag-republique-francaise","19":"tag-seine"},"share_on_mastodon":{"url":"https:\/\/pubeurope.com\/@fr\/114918194094952231","error":""},"_links":{"self":[{"href":"https:\/\/www.europesays.com\/fr\/wp-json\/wp\/v2\/posts\/274599","targetHints":{"allow":["GET"]}}],"collection":[{"href":"https:\/\/www.europesays.com\/fr\/wp-json\/wp\/v2\/posts"}],"about":[{"href":"https:\/\/www.europesays.com\/fr\/wp-json\/wp\/v2\/types\/post"}],"author":[{"embeddable":true,"href":"https:\/\/www.europesays.com\/fr\/wp-json\/wp\/v2\/users\/2"}],"replies":[{"embeddable":true,"href":"https:\/\/www.europesays.com\/fr\/wp-json\/wp\/v2\/comments?post=274599"}],"version-history":[{"count":0,"href":"https:\/\/www.europesays.com\/fr\/wp-json\/wp\/v2\/posts\/274599\/revisions"}],"wp:featuredmedia":[{"embeddable":true,"href":"https:\/\/www.europesays.com\/fr\/wp-json\/wp\/v2\/media\/274600"}],"wp:attachment":[{"href":"https:\/\/www.europesays.com\/fr\/wp-json\/wp\/v2\/media?parent=274599"}],"wp:term":[{"taxonomy":"category","embeddable":true,"href":"https:\/\/www.europesays.com\/fr\/wp-json\/wp\/v2\/categories?post=274599"},{"taxonomy":"post_tag","embeddable":true,"href":"https:\/\/www.europesays.com\/fr\/wp-json\/wp\/v2\/tags?post=274599"}],"curies":[{"name":"wp","href":"https:\/\/api.w.org\/{rel}","templated":true}]}}