{"id":274604,"date":"2025-07-26T06:51:12","date_gmt":"2025-07-26T06:51:12","guid":{"rendered":"https:\/\/www.europesays.com\/fr\/274604\/"},"modified":"2025-07-26T06:51:12","modified_gmt":"2025-07-26T06:51:12","slug":"les-all-blacks-verrouillent-un-cadre-jusquen-2028","status":"publish","type":"post","link":"https:\/\/www.europesays.com\/fr\/274604\/","title":{"rendered":"les All Blacks verrouillent un cadre jusqu\u2019en 2028"},"content":{"rendered":"<p>Une bonne nouvelle pour le rugby n\u00e9o-z\u00e9landais. Les All Blacks ont entam\u00e9 leur saison internationale par trois victoires face \u00e0 un XV de France remani\u00e9. D\u00e9sormais, tous les regards sont tourn\u00e9s vers le Rugby Championship, o\u00f9 les hommes de Scott Robertson auront \u00e0 c\u0153ur de faire tomber l\u2019Afrique du Sud.<\/p>\n<p>Un nouveau bail jusqu\u2019en 2028 pour Lienert-Brown<\/p>\n<p>Une fois encore, le s\u00e9lectionneur devrait s\u2019appuyer sur Anton Lienert-Brown. Le centre de 30 ans arrivait en fin de contrat avec la F\u00e9d\u00e9ration. S\u2019il disposait de courtisans, le joueur des Chiefs a d\u00e9cid\u00e9 de prolonger son contrat jusqu\u2019en 2028. Cap\u00e9 \u00e0 83 reprises et auteur d\u2019un essai face aux Bleus, Lienert-Brown va continuer de repr\u00e9senter son pays, avec la Coupe du monde 2027 dans le viseur.<\/p>\n<p>\u00a0<\/p>\n<p>\u00a0<\/p>\n<p>\u00a0<\/p>\n<p>Partagez cette info avec vos amis et vos proches en cliquant ici<br \/>Pour r\u00e9sumer<\/p>\n<p>La f\u00e9d\u00e9ration n\u00e9o-z\u00e9landaise de rugby a d\u00e9cid\u00e9 de prolonger le contrat d\u2019un cadre de la s\u00e9lection. Cet All Black aux 83 s\u00e9lections a sign\u00e9 un nouveau bail jusqu\u2019en 2028. Anton Lienert-Brown s&rsquo;est impos\u00e9 comme un \u00e9l\u00e9ment important de l&rsquo;\u00e9quipe.<\/p>\n<p> <img decoding=\"async\" width=\"76\" height=\"76\" loading=\"lazy\" src=\"https:\/\/www.europesays.com\/fr\/wp-content\/uploads\/2025\/04\/avatar-quinze.png\" alt=\"Arnaud D\u00e9chelotte\"\/><\/p>\n","protected":false},"excerpt":{"rendered":"Une bonne nouvelle pour le rugby n\u00e9o-z\u00e9landais. Les All Blacks ont entam\u00e9 leur saison internationale par trois victoires&hellip;\n","protected":false},"author":2,"featured_media":274605,"comment_status":"","ping_status":"","sticky":false,"template":"","format":"standard","meta":{"footnotes":""},"categories":[1416],"tags":[1011,27,479,1468,60],"class_list":{"0":"post-274604","1":"post","2":"type-post","3":"status-publish","4":"format-standard","5":"has-post-thumbnail","7":"category-rugby","8":"tag-fr","9":"tag-france","10":"tag-rugby","11":"tag-rugby-football","12":"tag-sports"},"share_on_mastodon":{"url":"https:\/\/pubeurope.com\/@fr\/114918213783814245","error":""},"_links":{"self":[{"href":"https:\/\/www.europesays.com\/fr\/wp-json\/wp\/v2\/posts\/274604","targetHints":{"allow":["GET"]}}],"collection":[{"href":"https:\/\/www.europesays.com\/fr\/wp-json\/wp\/v2\/posts"}],"about":[{"href":"https:\/\/www.europesays.com\/fr\/wp-json\/wp\/v2\/types\/post"}],"author":[{"embeddable":true,"href":"https:\/\/www.europesays.com\/fr\/wp-json\/wp\/v2\/users\/2"}],"replies":[{"embeddable":true,"href":"https:\/\/www.europesays.com\/fr\/wp-json\/wp\/v2\/comments?post=274604"}],"version-history":[{"count":0,"href":"https:\/\/www.europesays.com\/fr\/wp-json\/wp\/v2\/posts\/274604\/revisions"}],"wp:featuredmedia":[{"embeddable":true,"href":"https:\/\/www.europesays.com\/fr\/wp-json\/wp\/v2\/media\/274605"}],"wp:attachment":[{"href":"https:\/\/www.europesays.com\/fr\/wp-json\/wp\/v2\/media?parent=274604"}],"wp:term":[{"taxonomy":"category","embeddable":true,"href":"https:\/\/www.europesays.com\/fr\/wp-json\/wp\/v2\/categories?post=274604"},{"taxonomy":"post_tag","embeddable":true,"href":"https:\/\/www.europesays.com\/fr\/wp-json\/wp\/v2\/tags?post=274604"}],"curies":[{"name":"wp","href":"https:\/\/api.w.org\/{rel}","templated":true}]}}