{"id":274606,"date":"2025-07-26T06:52:10","date_gmt":"2025-07-26T06:52:10","guid":{"rendered":"https:\/\/www.europesays.com\/fr\/274606\/"},"modified":"2025-07-26T06:52:10","modified_gmt":"2025-07-26T06:52:10","slug":"cest-un-choix-courageux-de-la-part-de-jannik-nargiso-ancien-joueur-italien-evoque-le-retour-de-ferrara-dans-lequipe-de-sinner","status":"publish","type":"post","link":"https:\/\/www.europesays.com\/fr\/274606\/","title":{"rendered":"\u00ab C\u2019est un choix courageux de la part de Jannik \u00bb, Nargiso, ancien joueur italien, \u00e9voque le retour de Ferrara dans l\u2019\u00e9quipe de Sinner"},"content":{"rendered":"<p>                <img decoding=\"async\" src=\"https:\/\/www.europesays.com\/fr\/wp-content\/uploads\/2025\/07\/Yv2L.jpg\" alt=\"\u00ab C\u2019est un choix courageux de la part de Jannik \u00bb, Nargiso, ancien joueur italien, \u00e9voque le retour de Ferrara dans l\u2019\u00e9quipe de Sinner\"\/><\/p>\n<p>Jannik Sinner reprendra la comp\u00e9tition \u00e0 Cincinnati d\u00e9but ao\u00fbt. En attendant, le n\u00b01 mondial a surpris la plan\u00e8te tennis en r\u00e9engageant dans son staff Umberto Ferrara.<\/p>\n<p>Le pr\u00e9parateur physique, remerci\u00e9 par Sinner suite \u00e0 l\u2019affaire de dopage qui avait \u00e9clat\u00e9, a donc repris sa place moins d\u2019un an apr\u00e8s les r\u00e9v\u00e9lations.<\/p>\n<p>Dans des propos relay\u00e9s par Tennis World Italia, Diego Nargiso, ancien joueur professionnel italien, a comment\u00e9 cette d\u00e9cision prise par le quadruple vainqueur en Grand Chelem :<\/p>\n<p>\u00ab J\u2019ai \u00e9t\u00e9 tr\u00e8s surpris par son retour dans l\u2019\u00e9quipe. C\u2019est un choix courageux de la part de Jannik et cela confirme sa d\u00e9termination : il sait comment travaille Umberto et il veut continuer dans cette voie. Son remerciement \u00e9tait une d\u00e9cision n\u00e9cessaire plus qu\u2019intentionnelle.<\/p>\n<p>Peut-\u00eatre que quelqu\u2019un a \u00e9t\u00e9 n\u00e9gligent, mais je connais Umberto. C\u2019est une personne tr\u00e8s attentive et scrupuleuse, un grand professionnel. Jannik voulait le r\u00e9cup\u00e9rer et surmonter les rumeurs et les pol\u00e9miques de certains envieux. \u00bb<\/p>\n","protected":false},"excerpt":{"rendered":"Jannik Sinner reprendra la comp\u00e9tition \u00e0 Cincinnati d\u00e9but ao\u00fbt. En attendant, le n\u00b01 mondial a surpris la plan\u00e8te&hellip;\n","protected":false},"author":2,"featured_media":274607,"comment_status":"","ping_status":"","sticky":false,"template":"","format":"standard","meta":{"footnotes":""},"categories":[1415],"tags":[1011,27,60,1467],"class_list":{"0":"post-274606","1":"post","2":"type-post","3":"status-publish","4":"format-standard","5":"has-post-thumbnail","7":"category-tennis","8":"tag-fr","9":"tag-france","10":"tag-sports","11":"tag-tennis"},"share_on_mastodon":{"url":"https:\/\/pubeurope.com\/@fr\/114918217724979250","error":""},"_links":{"self":[{"href":"https:\/\/www.europesays.com\/fr\/wp-json\/wp\/v2\/posts\/274606","targetHints":{"allow":["GET"]}}],"collection":[{"href":"https:\/\/www.europesays.com\/fr\/wp-json\/wp\/v2\/posts"}],"about":[{"href":"https:\/\/www.europesays.com\/fr\/wp-json\/wp\/v2\/types\/post"}],"author":[{"embeddable":true,"href":"https:\/\/www.europesays.com\/fr\/wp-json\/wp\/v2\/users\/2"}],"replies":[{"embeddable":true,"href":"https:\/\/www.europesays.com\/fr\/wp-json\/wp\/v2\/comments?post=274606"}],"version-history":[{"count":0,"href":"https:\/\/www.europesays.com\/fr\/wp-json\/wp\/v2\/posts\/274606\/revisions"}],"wp:featuredmedia":[{"embeddable":true,"href":"https:\/\/www.europesays.com\/fr\/wp-json\/wp\/v2\/media\/274607"}],"wp:attachment":[{"href":"https:\/\/www.europesays.com\/fr\/wp-json\/wp\/v2\/media?parent=274606"}],"wp:term":[{"taxonomy":"category","embeddable":true,"href":"https:\/\/www.europesays.com\/fr\/wp-json\/wp\/v2\/categories?post=274606"},{"taxonomy":"post_tag","embeddable":true,"href":"https:\/\/www.europesays.com\/fr\/wp-json\/wp\/v2\/tags?post=274606"}],"curies":[{"name":"wp","href":"https:\/\/api.w.org\/{rel}","templated":true}]}}