{"id":274608,"date":"2025-07-26T06:53:41","date_gmt":"2025-07-26T06:53:41","guid":{"rendered":"https:\/\/www.europesays.com\/fr\/274608\/"},"modified":"2025-07-26T06:53:41","modified_gmt":"2025-07-26T06:53:41","slug":"ffbb-jean-pierre-hunckler-sur-la-voie-royale","status":"publish","type":"post","link":"https:\/\/www.europesays.com\/fr\/274608\/","title":{"rendered":"FFBB. Jean-Pierre Hunckler sur la voie royale"},"content":{"rendered":"<p>Alors que <a href=\"https:\/\/www.leprogres.fr\/p\/gilles-moretton\" target=\"_blank\" rel=\"noopener\">Gilles Moretton<\/a> dirige aujourd\u2019hui la F\u00e9d\u00e9ration Fran\u00e7aise de tennis, qui compte plus de 1,15\u00a0million de licenci\u00e9s, un autre dirigeant issu de l\u2019ancienne ligue du Lyonnais devrait bient\u00f4t \u00eatre promu \u00e0 la t\u00eate d\u2019un des plus grands sports Fran\u00e7ais. En l\u2019occurrence le basket, qui comptait 725\u00a0909 licenci\u00e9s \u00e0 la fin de la saison 2023-2024. Dont 37\u00a0% de f\u00e9minines.<\/p>\n<p>\u00ab\u00a0Nous sommes le premier sport collectif f\u00e9minin\u00a0\u00bb se r\u00e9jouit Jean-Pierre Hunckler, qui devrait succ\u00e9der, le 14\u00a0d\u00e9cembre prochain, \u00e0 Jean-Pierre Siutat, qui avait lui succ\u00e9d\u00e9 \u00e0 Yvan Mainini en 2010 et ne peut se repr\u00e9senter.<\/p>\n<p>\u00ab\u00a0Personne ne s\u2019est d\u00e9clar\u00e9, m\u00eame moi. J\u2019ai \u00e9t\u00e9 sollicit\u00e9 par Jean-Pierre et beaucoup de personnes, dans les territoires, souhaitent que je prenne la suite\u00a0\u00bb explique ce jeune retrait\u00e9 de 64&#8230;<\/p>\n","protected":false},"excerpt":{"rendered":"Alors que Gilles Moretton dirige aujourd\u2019hui la F\u00e9d\u00e9ration Fran\u00e7aise de tennis, qui compte plus de 1,15\u00a0million de licenci\u00e9s,&hellip;\n","protected":false},"author":2,"featured_media":274609,"comment_status":"","ping_status":"","sticky":false,"template":"","format":"standard","meta":{"footnotes":""},"categories":[1414],"tags":[36719,1465,1791,1464,41315,16734,1011,27,517,60],"class_list":{"0":"post-274608","1":"post","2":"type-post","3":"status-publish","4":"format-standard","5":"has-post-thumbnail","7":"category-basket","8":"tag-asvel-asvel-lyon-villeurbanne-basket","9":"tag-basket","10":"tag-basket-ball","11":"tag-basketball","12":"tag-chorale-de-roanne-basket","13":"tag-edition-loire-nord","14":"tag-fr","15":"tag-france","16":"tag-sport","17":"tag-sports"},"share_on_mastodon":{"url":"https:\/\/pubeurope.com\/@fr\/114918221739155312","error":""},"_links":{"self":[{"href":"https:\/\/www.europesays.com\/fr\/wp-json\/wp\/v2\/posts\/274608","targetHints":{"allow":["GET"]}}],"collection":[{"href":"https:\/\/www.europesays.com\/fr\/wp-json\/wp\/v2\/posts"}],"about":[{"href":"https:\/\/www.europesays.com\/fr\/wp-json\/wp\/v2\/types\/post"}],"author":[{"embeddable":true,"href":"https:\/\/www.europesays.com\/fr\/wp-json\/wp\/v2\/users\/2"}],"replies":[{"embeddable":true,"href":"https:\/\/www.europesays.com\/fr\/wp-json\/wp\/v2\/comments?post=274608"}],"version-history":[{"count":0,"href":"https:\/\/www.europesays.com\/fr\/wp-json\/wp\/v2\/posts\/274608\/revisions"}],"wp:featuredmedia":[{"embeddable":true,"href":"https:\/\/www.europesays.com\/fr\/wp-json\/wp\/v2\/media\/274609"}],"wp:attachment":[{"href":"https:\/\/www.europesays.com\/fr\/wp-json\/wp\/v2\/media?parent=274608"}],"wp:term":[{"taxonomy":"category","embeddable":true,"href":"https:\/\/www.europesays.com\/fr\/wp-json\/wp\/v2\/categories?post=274608"},{"taxonomy":"post_tag","embeddable":true,"href":"https:\/\/www.europesays.com\/fr\/wp-json\/wp\/v2\/tags?post=274608"}],"curies":[{"name":"wp","href":"https:\/\/api.w.org\/{rel}","templated":true}]}}