{"id":274610,"date":"2025-07-26T06:54:11","date_gmt":"2025-07-26T06:54:11","guid":{"rendered":"https:\/\/www.europesays.com\/fr\/274610\/"},"modified":"2025-07-26T06:54:11","modified_gmt":"2025-07-26T06:54:11","slug":"motogp-revolution-en-coulisses-les-constructeurs-sunissent-pour-reclamer-un-nouvel-accord-commercial-a-dorna","status":"publish","type":"post","link":"https:\/\/www.europesays.com\/fr\/274610\/","title":{"rendered":"MotoGP, R\u00e9volution en coulisses : les constructeurs s\u2019unissent pour r\u00e9clamer un nouvel accord commercial \u00e0 Dorna"},"content":{"rendered":"<p><strong>Le paddock du MotoGP vient peut-\u00eatre de vivre un<br \/>\ntournant majeur, non pas sur la piste\u2026 mais dans les salons de<br \/>\nn\u00e9gociation. Les cinq constructeurs MotoGP (Ducati, Honda, Yamaha,<br \/>\nKTM et Aprilia) ont uni leurs forces pour exiger une refonte de la<br \/>\nr\u00e9partition des revenus commerciaux g\u00e9n\u00e9r\u00e9s par le championnat, \u00e0<br \/>\nla mani\u00e8re de la Formule 1.<\/strong><\/p>\n<p>R\u00e9unis discr\u00e8tement lors du Grand Prix de R\u00e9publique tch\u00e8que \u00e0<br \/>\n<strong>Brno<\/strong>, les constructeurs ont sign\u00e9 un accord<br \/>\nd\u2019engagement historique, et d\u00e9sign\u00e9 <strong>Lin Jarvis<\/strong>,<br \/>\nancien patron embl\u00e9matique de <strong>Yamaha<\/strong>, comme leur<br \/>\nporte-parole officiel, aux c\u00f4t\u00e9s de <a href=\"https:\/\/www.paddock-gp.com\/motogp-massimo-rivola-jubile-a-brno-deux-coqs-dans-le-meme-poulailler-un-defi-quaprilia-est-pret-a-relever\/\" rel=\"nofollow noopener\" target=\"_blank\"><br \/>\n<strong>Massimo Rivola<\/strong><\/a>, pr\u00e9sident de la MSMA<br \/>\n(l\u2019association des fabricants).<\/p>\n<p>Mission\u00a0? Discuter avec <a href=\"https:\/\/www.paddock-gp.com\/motogp-carmelo-ezpeleta-quand-14-pilotes-differents-gagnaient-on-me-disait-quil-nous-manquait-une-star-et-maintenant-que-marc-marquez-domine-cest-linverse\/\" rel=\"nofollow noopener\" target=\"_blank\"><br \/>\n<strong>Carmelo Ezpeleta<\/strong><\/a>, PDG de<br \/>\n<strong>Dorna<\/strong>, pour ouvrir une n\u00e9gociation ferme sur la<br \/>\nredistribution financi\u00e8re et la propri\u00e9t\u00e9 des grilles de<br \/>\nd\u00e9part.<\/p>\n<p>Les constructeurs s\u2019inspirent directement de la <strong>Formule<br \/>\n1<\/strong> et de son fameux \u00ab\u00a0<strong>Concorde<br \/>\nAgreement<\/strong>\u00ab\u00a0, qui <strong>garantit aux \u00e9curies une<br \/>\npart fixe et proportionnelle des b\u00e9n\u00e9fices, selon les r\u00e9sultats<br \/>\nsportifs<\/strong>. En F1, l\u2019\u00e9cart entre la 4e et la 5e place au<br \/>\nclassement peut d\u00e9passer 10 millions d\u2019euros, et environ 50 % des<br \/>\nrevenus sont redistribu\u00e9s aux \u00e9quipes.<\/p>\n<p>En MotoGP, le foss\u00e9 est criant : les \u00e9quipes satellites<br \/>\nper\u00e7oivent 2,5 millions d\u2019euros par moto, sans lien direct avec les<br \/>\nrevenus globaux de la s\u00e9rie. Les constructeurs officiels, eux, ne<br \/>\ntouchent rien directement des droits commerciaux, malgr\u00e9 leur r\u00f4le<br \/>\ncentral dans le spectacle.<\/p>\n<p><img loading=\"lazy\" decoding=\"async\" class=\"aligncenter size-full wp-image-1170411\" src=\"https:\/\/www.europesays.com\/fr\/wp-content\/uploads\/2025\/07\/Carmelo.jpg\" alt=\"Carlo Pernat constructeurs\" width=\"838\" height=\"475\"  \/><\/p>\n<p><strong>Les deux revendications<br \/>\nmajeures des constructeurs<\/strong> <strong>premi\u00e8re et une<br \/>\nr\u00e9action glaciale d\u2019Ezpeleta<\/strong><\/p>\n<p>Les deux revendications majeures des constructeurs sont d\u2019une<br \/>\npart <strong>un partage plus \u00e9quitable des revenus<\/strong> g\u00e9n\u00e9r\u00e9s<br \/>\npar le championnat, proportionnel aux r\u00e9sultats, \u00e0 l\u2019implication et<br \/>\n\u00e0 l\u2019impact marketing de chaque constructeur.<\/p>\n<p>Et d\u2019autre part, <strong>une red\u00e9finition de la propri\u00e9t\u00e9 des<br \/>\nplaces de d\u00e9part<\/strong>, actuellement d\u00e9tenues par <a href=\"https:\/\/www.paddock-gp.com\/motogp-jorge-martin-reste-chez-aprilia-en-2026-le-role-cle-de-dorna-et-les-consequences-pour-honda\/\" rel=\"nofollow noopener\" target=\"_blank\"><br \/>\n<strong>Dorna<\/strong><\/a>. Les \u00e9quipes veulent soit une propri\u00e9t\u00e9<br \/>\nl\u00e9gale, soit des garanties solides pour leur avenir dans le<br \/>\nchampionnat au-del\u00e0 de 2026.<\/p>\n<p>Le patron de <strong>Dorna<\/strong> n\u2019aurait pas accueilli la<br \/>\nd\u00e9marche avec enthousiasme, mais les constructeurs s\u2019y attendaient.<br \/>\n<strong>Les vraies n\u00e9gociations reprendront en Autriche, d\u00e9but<br \/>\nao\u00fbt, et s\u2019annoncent tendues<\/strong>. Le contexte est br\u00fblant,<br \/>\npuisque Liberty Media entre dans la danse<\/p>\n<p>Cette d\u00e9marche intervient en effet juste apr\u00e8s le rachat de<br \/>\n<strong>Dorna<\/strong> par <a href=\"https:\/\/www.paddock-gp.com\/motogp-allemagne-lennuyeux-sachsenring-etait-le-premier-grand-prix-sous-pavillon-liberty-media-un-mauvais-presage\/\" rel=\"nofollow noopener\" target=\"_blank\"><br \/>\n<strong>Liberty Media<\/strong><\/a>, d\u00e9j\u00e0 propri\u00e9taire de la Formule<br \/>\n1. Avec une \u00e9valuation de \u00a0<strong>4,3 milliards<br \/>\nd\u2019euros<\/strong>, le MotoGP est d\u00e9sormais per\u00e7u comme une<br \/>\nplateforme commerciale majeure. Le rachat a attis\u00e9 l\u2019app\u00e9tit des<br \/>\ninvestisseurs et renforc\u00e9 la volont\u00e9 des constructeurs d\u2019obtenir<br \/>\nplus de contr\u00f4le et de visibilit\u00e9 sur les flux financiers.<\/p>\n<p>Tant que <strong>Dorna<\/strong> poss\u00e8de les grilles, chaque<br \/>\n\u00e9quipe reste d\u00e9pendante ce qui r\u00e9sume l\u2019enjeu central. Si<br \/>\nl\u2019initiative aboutit, le <a href=\"https:\/\/www.motogp.com\/en\" rel=\"nofollow noopener\" target=\"_blank\">MotoGP<\/a> pourrait entrer dans une<br \/>\nnouvelle \u00e8re de gouvernance plus \u00e9quilibr\u00e9e, inspir\u00e9e de la Formule<br \/>\n1 post-Ecclestone. Cela pourrait renforcer l\u2019attractivit\u00e9 du<br \/>\nchampionnat aupr\u00e8s des sponsors et investisseurs. Les constructeurs<br \/>\nont lanc\u00e9 la balle. \u00c0 <strong>Dorna<\/strong> (et Liberty) de<br \/>\njouer.<\/p>\n<p><img decoding=\"async\" class=\"aligncenter\" src=\"https:\/\/www.europesays.com\/fr\/wp-content\/uploads\/2025\/07\/kziVepTv\"\/><\/p>\n","protected":false},"excerpt":{"rendered":"Le paddock du MotoGP vient peut-\u00eatre de vivre un tournant majeur, non pas sur la piste\u2026 mais dans&hellip;\n","protected":false},"author":2,"featured_media":274611,"comment_status":"","ping_status":"","sticky":false,"template":"","format":"standard","meta":{"footnotes":""},"categories":[1413],"tags":[1011,27,1457,1456,60],"class_list":{"0":"post-274610","1":"post","2":"type-post","3":"status-publish","4":"format-standard","5":"has-post-thumbnail","7":"category-moto","8":"tag-fr","9":"tag-france","10":"tag-moto","11":"tag-motocycle","12":"tag-sports"},"share_on_mastodon":{"url":"https:\/\/pubeurope.com\/@fr\/114918225655142738","error":""},"_links":{"self":[{"href":"https:\/\/www.europesays.com\/fr\/wp-json\/wp\/v2\/posts\/274610","targetHints":{"allow":["GET"]}}],"collection":[{"href":"https:\/\/www.europesays.com\/fr\/wp-json\/wp\/v2\/posts"}],"about":[{"href":"https:\/\/www.europesays.com\/fr\/wp-json\/wp\/v2\/types\/post"}],"author":[{"embeddable":true,"href":"https:\/\/www.europesays.com\/fr\/wp-json\/wp\/v2\/users\/2"}],"replies":[{"embeddable":true,"href":"https:\/\/www.europesays.com\/fr\/wp-json\/wp\/v2\/comments?post=274610"}],"version-history":[{"count":0,"href":"https:\/\/www.europesays.com\/fr\/wp-json\/wp\/v2\/posts\/274610\/revisions"}],"wp:featuredmedia":[{"embeddable":true,"href":"https:\/\/www.europesays.com\/fr\/wp-json\/wp\/v2\/media\/274611"}],"wp:attachment":[{"href":"https:\/\/www.europesays.com\/fr\/wp-json\/wp\/v2\/media?parent=274610"}],"wp:term":[{"taxonomy":"category","embeddable":true,"href":"https:\/\/www.europesays.com\/fr\/wp-json\/wp\/v2\/categories?post=274610"},{"taxonomy":"post_tag","embeddable":true,"href":"https:\/\/www.europesays.com\/fr\/wp-json\/wp\/v2\/tags?post=274610"}],"curies":[{"name":"wp","href":"https:\/\/api.w.org\/{rel}","templated":true}]}}