{"id":274612,"date":"2025-07-26T06:55:12","date_gmt":"2025-07-26T06:55:12","guid":{"rendered":"https:\/\/www.europesays.com\/fr\/274612\/"},"modified":"2025-07-26T06:55:12","modified_gmt":"2025-07-26T06:55:12","slug":"sentiments-partages-chez-ferrari-apres-la-qualification-sprint","status":"publish","type":"post","link":"https:\/\/www.europesays.com\/fr\/274612\/","title":{"rendered":"Sentiments partag\u00e9s chez Ferrari apr\u00e8s la qualification Sprint"},"content":{"rendered":"<p>Il faisait beau et chaud sur le circuit de Spa-Francorchamps vendredi. Un temps id\u00e9al pour profiter du spectacle propos\u00e9 par les 20 pilotes de Formule 1 et pour voir briller le rouge \u00e9clatant des monoplaces de Charles Leclerc et Lewis Hamilton.<\/p>\n<p>Malheureusement pour les fans du septuple champion du monde, la Ferrari num\u00e9ro 44 n&rsquo;aura fait qu&rsquo;une br\u00e8ve apparition en piste vendredi apr\u00e8s-midi. Auteur d&rsquo;un t\u00eate-\u00e0-queue dans la chicane de l&rsquo;arr\u00eat de bus pendant sa derni\u00e8re tentative de tour rapide, Hamilton ne s&rsquo;est class\u00e9 que 18e pour la course Sprint.<\/p>\n<p>\u00ab La journ\u00e9e \u00e9tait un vrai challenge avec peu de temps pour \u00e9valuer les \u00e9volutions avant les qualifications. J&rsquo;\u00e9tais dans un tour rapide lorsque j&rsquo;ai soudainement perdu l&rsquo;arri\u00e8re, ce qui m&rsquo;a pris au d\u00e9pourvu. Nous ne savons pas exactement ce qui a provoqu\u00e9 cela mais nous allons analyser les data avec l&rsquo;\u00e9quipe pour que \u00e7a aille mieux pour la course. \u00bb<\/p>\n<p>Avec seulement 15 tours au programme de la course Sprint, Hamilton aura fort \u00e0 faire pour remonter dans le Top 8 synonyme de points.<\/p>\n<p>De l&rsquo;autre c\u00f4t\u00e9 du garage, Charles Leclerc a eu plus de r\u00e9ussite en se qualifiant 4e derri\u00e8re les trois premiers du championnat, m\u00eame s&rsquo;il consid\u00e8re que l&rsquo;\u00e9cart est encore plus grand que d&rsquo;habitude avec les McLaren.<\/p>\n<p>\u00ab Sentiments mitig\u00e9s aujourd&rsquo;hui. D&rsquo;un c\u00f4t\u00e9, je suis content car la voiture se sent bien sur la piste, ce qui signifie que nous avons r\u00e9alis\u00e9 un bon pas en avant et valid\u00e9 les \u00e9volutions. De l&rsquo;autre c\u00f4t\u00e9, nous sommes encore \u00e0 sept dixi\u00e8mes de la pole et McLaren semble plus rapide que d&rsquo;habitude sur ce circuit. Quatri\u00e8me pour la course Sprint, il n&rsquo;y avait rien de plus \u00e0 extraire de la voiture aujourd&rsquo;hui. \u00bb<\/p>\n<p>Rendez-vous \u00e0 12h ce samedi pour la course Sprint.<\/p>\n","protected":false},"excerpt":{"rendered":"Il faisait beau et chaud sur le circuit de Spa-Francorchamps vendredi. Un temps id\u00e9al pour profiter du spectacle&hellip;\n","protected":false},"author":2,"featured_media":274613,"comment_status":"","ping_status":"","sticky":false,"template":"","format":"standard","meta":{"footnotes":""},"categories":[1412],"tags":[1451,1452,1453,1454,1455,1011,27,60],"class_list":{"0":"post-274612","1":"post","2":"type-post","3":"status-publish","4":"format-standard","5":"has-post-thumbnail","7":"category-f1","8":"tag-f1","9":"tag-formula-1","10":"tag-formula1","11":"tag-formule-1","12":"tag-formule1","13":"tag-fr","14":"tag-france","15":"tag-sports"},"share_on_mastodon":{"url":"https:\/\/pubeurope.com\/@fr\/114918229457928131","error":""},"_links":{"self":[{"href":"https:\/\/www.europesays.com\/fr\/wp-json\/wp\/v2\/posts\/274612","targetHints":{"allow":["GET"]}}],"collection":[{"href":"https:\/\/www.europesays.com\/fr\/wp-json\/wp\/v2\/posts"}],"about":[{"href":"https:\/\/www.europesays.com\/fr\/wp-json\/wp\/v2\/types\/post"}],"author":[{"embeddable":true,"href":"https:\/\/www.europesays.com\/fr\/wp-json\/wp\/v2\/users\/2"}],"replies":[{"embeddable":true,"href":"https:\/\/www.europesays.com\/fr\/wp-json\/wp\/v2\/comments?post=274612"}],"version-history":[{"count":0,"href":"https:\/\/www.europesays.com\/fr\/wp-json\/wp\/v2\/posts\/274612\/revisions"}],"wp:featuredmedia":[{"embeddable":true,"href":"https:\/\/www.europesays.com\/fr\/wp-json\/wp\/v2\/media\/274613"}],"wp:attachment":[{"href":"https:\/\/www.europesays.com\/fr\/wp-json\/wp\/v2\/media?parent=274612"}],"wp:term":[{"taxonomy":"category","embeddable":true,"href":"https:\/\/www.europesays.com\/fr\/wp-json\/wp\/v2\/categories?post=274612"},{"taxonomy":"post_tag","embeddable":true,"href":"https:\/\/www.europesays.com\/fr\/wp-json\/wp\/v2\/tags?post=274612"}],"curies":[{"name":"wp","href":"https:\/\/api.w.org\/{rel}","templated":true}]}}