{"id":274618,"date":"2025-07-26T06:58:10","date_gmt":"2025-07-26T06:58:10","guid":{"rendered":"https:\/\/www.europesays.com\/fr\/274618\/"},"modified":"2025-07-26T06:58:10","modified_gmt":"2025-07-26T06:58:10","slug":"isabelle-morini-bosc-annonce-la-mort-de-sa-maman-quatre-mois-apre","status":"publish","type":"post","link":"https:\/\/www.europesays.com\/fr\/274618\/","title":{"rendered":"Isabelle Morini-Bosc annonce la mort de sa maman quatre mois apr\u00e8 &#8230;"},"content":{"rendered":"<p>EN BREF<\/p>\n<ul class=\"bloc_resume_post_list\">\n<li>En 2025, Isabelle Morini-Bosc perd son mari Alain Morini<br \/>\nle 7 mars apr\u00e8s des complications cardiaques.<\/li>\n<li>Quatre mois plus tard, elle annonce la disparition de sa<br \/>\nm\u00e8re le 25 juillet, rendant hommage sur les r\u00e9seaux<br \/>\nsociaux.<\/li>\n<li>La chroniqueuse traverse une ann\u00e9e difficile avec<br \/>\nplusieurs pertes familiales, recevant de nombreux soutiens<br \/>\npublics.<\/li>\n<\/ul>\n<p class=\"p1\">L\u2019ann\u00e9e 2025 est particuli\u00e8rement rude pour Isabelle<br \/>\nMorini-Bosc. Le vendredi 7 mars dernier, la journaliste a<br \/>\neffectivement <strong>perdu son mari<\/strong>, Alain Morini. Le<br \/>\nchimiste a succomb\u00e9 \u00e0 une <a href=\"https:\/\/www.telestar.fr\/people\/isabelle-morini-bosc-de-quoi-est-mort-brutalement-son-mari-alain-1720754\" target=\"_blank\" rel=\"noopener\"><br \/>\nd\u00e9faillance cardiaque<\/a> apr\u00e8s <strong>deux op\u00e9rations \u00e0 c\u0153ur<br \/>\nouvert<\/strong> infructueuses.<\/p>\n<p class=\"p1\">Sur les r\u00e9seaux sociaux, l\u2019ancienne chroniqueuse de<br \/>\nTPMP avait <strong>r\u00e9v\u00e9l\u00e9 la triste nouvelle<\/strong> en l\u00e9gende de<br \/>\n<a href=\"https:\/\/www.closermag.fr\/people\/isabelle-morini-bosc-devastee-son-mari-gravement-malade-est-mort-elle-partage-deux-cliches-poignants-3525711\" target=\"_blank\" rel=\"noopener\"><br \/>\ndeux photos<\/a> avec son mari. \u201cIl devait \u00eatre le copain d\u2019une<br \/>\nnuit, il a \u00e9t\u00e9 l\u2019homme de ma vie. Mon homme. Alain est parti<br \/>\nvendredi, il aimait Dieu, les n\u00f4tres, la vie, ses amis, les miens<br \/>\naussi, je vais d\u00e9sormais les aimer pour nous deux\u201d, avait-elle<br \/>\n\u00e9crit.<\/p>\n<p>Isabelle Morini-Bosc annonce la mort de sa m\u00e8re<\/p>\n<p class=\"p1\">Quatre mois apr\u00e8s la disparition d\u2019Alain Morini,<br \/>\n<a href=\"https:\/\/www.telestar.fr\/actu_tv\/les-auditeurs-nont-pas-aime-du-tout-isabelle-morini-bosc-balance-sur-un-derapage-de-nagui-1729860\" target=\"_blank\" rel=\"noopener\"><br \/>\nIsabelle Morini-Bosc<\/a> est une nouvelle fois touch\u00e9e par un<br \/>\ndrame. En effet, le vendredi 25 juillet, elle a annonc\u00e9 <strong>la<br \/>\nr\u00e9cente perte de sa m\u00e8re<\/strong>. \u201cMaman, tu nous as insuffl\u00e9<br \/>\n\u00e0 Manu, Faby et moi, l\u2019amour de l\u2019humour, de la nature, de<br \/>\nl\u2019histoire, des arts, des arbres, des clochers, des sentiers, des<br \/>\nintelligences humbles. Cela fait une semaine que tu es<br \/>\nd\u00e9finitivement partie. Je t\u2019aime, ma Maman. Tellement\u201d,<br \/>\na-t-elle indiqu\u00e9 sur les r\u00e9seaux sociaux.<\/p>\n<p class=\"p1\">Pour accompagner son message, <a href=\"https:\/\/www.telestar.fr\/people\/isabelle-morini-bosc-en-deuil-a-t-elle-eu-des-enfants-avec-son-regrette-mari-alain-1713047\" target=\"_blank\" rel=\"noopener\"><br \/>\nla m\u00e8re de Guillaume<\/a> a d\u00e9voil\u00e9 deux photos de la d\u00e9funte. Sur<br \/>\nles clich\u00e9s, la femme appara\u00eet tr\u00e8s \u00e9l\u00e9gante et arbore <strong>le<br \/>\nm\u00eame sourire espi\u00e8gle<\/strong> que sa fille. Un magnifique<br \/>\nhommage.<\/p>\n<blockquote class=\"twitter-tweet\"><p><a class=\"twitter-link\" rel=\"noindex, nofollow noopener\" href=\"https:\/\/twitter.com\/isamorinibosc\/status\/1948754258033008767\" target=\"_blank\"><\/p><\/blockquote>\n<p>La chroniqueuse a perdu plusieurs<br \/>\nmembres de sa famille<\/p>\n<p class=\"p1\">Apr\u00e8s l\u2019officialisation de la mort de sa m\u00e8re,<br \/>\nIsabelle Morini-Bosc a re\u00e7u de <strong>nombreux messages de<br \/>\nsoutien<\/strong>. Parmi eux, <a href=\"https:\/\/www.closermag.fr\/tv_tele_realite\/isabelle-morini-bosc-apres-la-mort-de-son-mari-geraldine-maillet-loue-son-audace-avec-des-mots-choisis-3528671\" target=\"_blank\" rel=\"noopener\">G\u00e9raldine Maillet<\/a> lui a<br \/>\nnotamment indiqu\u00e9 : \u201cPlein de force, ch\u00e8re Isa\u201d. Il faut<br \/>\ndire que la femme de 68 ans n\u2019est pas \u00e9pargn\u00e9e cette ann\u00e9e.<\/p>\n<p class=\"p1\">En plus de la mort de sa m\u00e8re et de son mari, l\u2019amie<br \/>\nde Cyril Hanouna a perdu <a href=\"https:\/\/www.telestar.fr\/people\/isabelle-morini-bosc-en-deuil-ce-double-familial-devastateur-vecu-avant-la-mort-de-son-mari-1720776\" target=\"_blank\" rel=\"noopener\"><br \/>\nd\u2019autres membres de sa famille<\/a>. Au mois d\u2019avril, elle avait<br \/>\nainsi confi\u00e9 \u00e0 T\u00e9l\u00e9-Loisirs : \u201cJ\u2019ai perdu beaucoup de<br \/>\npersonnes cette ann\u00e9e. Mon beau-fr\u00e8re est parti 15 jours avant le<br \/>\nd\u00e9c\u00e8s de mon mari et l\u00e0 mon neveu\u2026 Ce n\u2019est pas la meilleure<br \/>\np\u00e9riode, mais on fait avec\u201d. Une <strong>\u00e9preuve<br \/>\ndouloureuse<\/strong> que la journaliste affronte avec courage et<br \/>\npudeur.<\/p>\n<p><script async src=\"https:\/\/platform.twitter.com\/widgets.js\" charset=\"utf-8\"><\/script><\/p>\n","protected":false},"excerpt":{"rendered":"EN BREF En 2025, Isabelle Morini-Bosc perd son mari Alain Morini le 7 mars apr\u00e8s des complications cardiaques.&hellip;\n","protected":false},"author":2,"featured_media":274619,"comment_status":"","ping_status":"","sticky":false,"template":"","format":"standard","meta":{"footnotes":""},"categories":[1359],"tags":[548,58,59,1011,27,16182,973],"class_list":{"0":"post-274618","1":"post","2":"type-post","3":"status-publish","4":"format-standard","5":"has-post-thumbnail","7":"category-people","8":"tag-article-simple","9":"tag-divertissement","10":"tag-entertainment","11":"tag-fr","12":"tag-france","13":"tag-isabelle-morini-bosc","14":"tag-people"},"share_on_mastodon":{"url":"https:\/\/pubeurope.com\/@fr\/114918241313049123","error":""},"_links":{"self":[{"href":"https:\/\/www.europesays.com\/fr\/wp-json\/wp\/v2\/posts\/274618","targetHints":{"allow":["GET"]}}],"collection":[{"href":"https:\/\/www.europesays.com\/fr\/wp-json\/wp\/v2\/posts"}],"about":[{"href":"https:\/\/www.europesays.com\/fr\/wp-json\/wp\/v2\/types\/post"}],"author":[{"embeddable":true,"href":"https:\/\/www.europesays.com\/fr\/wp-json\/wp\/v2\/users\/2"}],"replies":[{"embeddable":true,"href":"https:\/\/www.europesays.com\/fr\/wp-json\/wp\/v2\/comments?post=274618"}],"version-history":[{"count":0,"href":"https:\/\/www.europesays.com\/fr\/wp-json\/wp\/v2\/posts\/274618\/revisions"}],"wp:featuredmedia":[{"embeddable":true,"href":"https:\/\/www.europesays.com\/fr\/wp-json\/wp\/v2\/media\/274619"}],"wp:attachment":[{"href":"https:\/\/www.europesays.com\/fr\/wp-json\/wp\/v2\/media?parent=274618"}],"wp:term":[{"taxonomy":"category","embeddable":true,"href":"https:\/\/www.europesays.com\/fr\/wp-json\/wp\/v2\/categories?post=274618"},{"taxonomy":"post_tag","embeddable":true,"href":"https:\/\/www.europesays.com\/fr\/wp-json\/wp\/v2\/tags?post=274618"}],"curies":[{"name":"wp","href":"https:\/\/api.w.org\/{rel}","templated":true}]}}