{"id":274620,"date":"2025-07-26T06:59:10","date_gmt":"2025-07-26T06:59:10","guid":{"rendered":"https:\/\/www.europesays.com\/fr\/274620\/"},"modified":"2025-07-26T06:59:10","modified_gmt":"2025-07-26T06:59:10","slug":"a-intervilles-comment-bruno-retailleau-a-dupe-du-bout-des-doigts-liberation","status":"publish","type":"post","link":"https:\/\/www.europesays.com\/fr\/274620\/","title":{"rendered":"A \u00abIntervilles\u00bb, comment Bruno Retailleau a dup\u00e9 du bout des doigts \u2013 Lib\u00e9ration"},"content":{"rendered":"<p class=\"sc-ksZaOG ehjQrN text-element\"><b>Tricheries, bluff, impostures et dissimulations\u2026 De Maradona \u00e0 Retailleau, de Marie-Antoinette \u00e0 Stanley Kubrick, tout l\u2019\u00e9t\u00e9, <\/b><b>Lib\u00e9<\/b><b> brille de mille faux. Tous les \u00e9pisodes de notre s\u00e9rie \u00ab100<\/b> <b>% pur leurre\u00bb <\/b><a href=\"https:\/\/www.liberation.fr\/dossier\/100-pur-leurre\/\" target=\"_blank\" rel=\"nofollow noopener\"><b>\u00e0 retrouver ici<\/b><\/a><b>.<\/b><\/p>\n<p class=\"sc-ksZaOG ehjQrN text-element\">Nous sommes le 2 juillet 1997, le temps est frais sur la Vend\u00e9e. En cette fin de soir\u00e9e, Jean-Pierre Foucault a boutonn\u00e9 son blouson bleu marine. Pr\u00e8s de lui, Jean-Marie Delahaye, qui pr\u00e9side l\u2019association du Puy du Fou, ajuste son trench vert olive. Les vachettes ont rejoint leur enclos, les candidats tremp\u00e9s sont rentr\u00e9s se mettre au chaud. Apr\u00e8s les \u00e9preuves physiques, le relais est pass\u00e9 \u00e0 la comp\u00e9tition des \u00abcerveaux\u00bb. Car dans Intervilles, l\u2019intellect s\u2019est fait un peu de place aux c\u00f4t\u00e9s des toboggans et autres planches savonneuses. M\u00eame si l\u2019\u00e9preuve de culture g\u00e9n\u00e9rale qui vient conclure l\u2019\u00e9mission reste modeste : en tout et pour tout, deux questions pos\u00e9es \u00e0 chacune des \u00e9quipes.<\/p>\n<p class=\"sc-ksZaOG ehjQrN text-element\">Si l\u2019on se fie aux scores d\u2019audience r\u00e9alis\u00e9s par le jeu cette saison-l\u00e0, ce sont plus de 6 millions de Fran\u00e7ais qui sont alors assis devant leur petit \u00e9cran. Face \u00e0 Foucault, s\u2019alignent deux trios d\u2019\u00abintellos\u00bb. Celui du Pays d\u2019Ancenis, une communaut\u00e9 de communes de Loire-Atlantique, et celui du <a href=\"https:\/\/www.liberation.fr\/politique\/en-ligne-et-dans-la-bollosphere-la-grande-offensive-de-lextreme-droite&lt;\/p&gt;&lt;\/div&gt;&lt;\/article&gt;&lt;\/div&gt;&lt;div data-fusion-lazy-id=\" f0f8vgvlad832fw=\"\" rel=\"nofollow noopener\" target=\"_blank\"><\/p>\n","protected":false},"excerpt":{"rendered":"Tricheries, bluff, impostures et dissimulations\u2026 De Maradona \u00e0 Retailleau, de Marie-Antoinette \u00e0 Stanley Kubrick, tout l\u2019\u00e9t\u00e9, Lib\u00e9 brille&hellip;\n","protected":false},"author":2,"featured_media":274621,"comment_status":"","ping_status":"","sticky":false,"template":"","format":"standard","meta":{"footnotes":""},"categories":[1358],"tags":[40682,1348,1384,1385,1013,1386,58,59,1011,27,41410],"class_list":{"0":"post-274620","1":"post","2":"type-post","3":"status-publish","4":"format-standard","5":"has-post-thumbnail","7":"category-arts-et-design","8":"tag-100-pur-leurre","9":"tag-arts","10":"tag-arts-and-design","11":"tag-arts-et-design","12":"tag-bruno-retailleau","13":"tag-design","14":"tag-divertissement","15":"tag-entertainment","16":"tag-fr","17":"tag-france","18":"tag-philippe-de-villiers"},"share_on_mastodon":{"url":"https:\/\/pubeurope.com\/@fr\/114918245569033008","error":""},"_links":{"self":[{"href":"https:\/\/www.europesays.com\/fr\/wp-json\/wp\/v2\/posts\/274620","targetHints":{"allow":["GET"]}}],"collection":[{"href":"https:\/\/www.europesays.com\/fr\/wp-json\/wp\/v2\/posts"}],"about":[{"href":"https:\/\/www.europesays.com\/fr\/wp-json\/wp\/v2\/types\/post"}],"author":[{"embeddable":true,"href":"https:\/\/www.europesays.com\/fr\/wp-json\/wp\/v2\/users\/2"}],"replies":[{"embeddable":true,"href":"https:\/\/www.europesays.com\/fr\/wp-json\/wp\/v2\/comments?post=274620"}],"version-history":[{"count":0,"href":"https:\/\/www.europesays.com\/fr\/wp-json\/wp\/v2\/posts\/274620\/revisions"}],"wp:featuredmedia":[{"embeddable":true,"href":"https:\/\/www.europesays.com\/fr\/wp-json\/wp\/v2\/media\/274621"}],"wp:attachment":[{"href":"https:\/\/www.europesays.com\/fr\/wp-json\/wp\/v2\/media?parent=274620"}],"wp:term":[{"taxonomy":"category","embeddable":true,"href":"https:\/\/www.europesays.com\/fr\/wp-json\/wp\/v2\/categories?post=274620"},{"taxonomy":"post_tag","embeddable":true,"href":"https:\/\/www.europesays.com\/fr\/wp-json\/wp\/v2\/tags?post=274620"}],"curies":[{"name":"wp","href":"https:\/\/api.w.org\/{rel}","templated":true}]}}