{"id":274626,"date":"2025-07-26T07:02:17","date_gmt":"2025-07-26T07:02:17","guid":{"rendered":"https:\/\/www.europesays.com\/fr\/274626\/"},"modified":"2025-07-26T07:02:17","modified_gmt":"2025-07-26T07:02:17","slug":"le-chanteur-herve-vilard-79-ans-desagreable-les-confidences-dun-maire-desabuse","status":"publish","type":"post","link":"https:\/\/www.europesays.com\/fr\/274626\/","title":{"rendered":"le chanteur Herv\u00e9 Vilard (79 ans) \u00ab\u00a0d\u00e9sagr\u00e9able\u00a0\u00bb ? Les confidences d&rsquo;un maire d\u00e9sabus\u00e9"},"content":{"rendered":"<p>La venue d&rsquo;Herv\u00e9 Vilard dans cette commune de Lorraine n&rsquo;a pas laiss\u00e9 de bons souvenirs au public. Apr\u00e8s un concert, municipalit\u00e9 et spectateurs d\u00e9voilent un portrait peu flatteur du chanteur. <\/p>\n<p>Cens\u00e9 \u00eatre un moment de f\u00eate, le concert d\u2019Herv\u00e9 Vilard \u00e0 Vand\u0153uvre a tourn\u00e9 \u00e0 la d\u00e9ception g\u00e9n\u00e9rale ! T\u00e9moignages accablants, critique du public, mise au point du chanteur\u2026 <strong>Le 24 juillet<\/strong>, jour de ses 79 ans, Herv\u00e9 Vilard aurait pu c\u00e9l\u00e9brer son parcours en musique mais la f\u00eate a tourn\u00e9 au fiasco. Mais \u00e0 Vand\u0153uvre-l\u00e8s-Nancy (Lorraine), o\u00f9 il s&rsquo;est produit deux mois plus t\u00f4t, les souvenirs laiss\u00e9s sont amers. Sur sc\u00e8ne comme en coulisses, l&rsquo;interpr\u00e8te de Capri c\u2019est fini a fortement contrari\u00e9 ses fans et les \u00e9lus locaux, qui n\u2019ont pas m\u00e2ch\u00e9 leurs mots.<\/p>\n<p> \t\t\t  Herv\u00e9 Vilard : un concert attendu et une immense d\u00e9ception   Un rendez-vous manqu\u00e9 et rat\u00e9  <\/p>\n<p>Le concert d&rsquo;Herv\u00e9 Vilard, organis\u00e9 au Parc des Expositions de Vand\u0153uvre-l\u00e8s-Nancy, avait tout pour plaire. Sauf que la soir\u00e9e a vite vir\u00e9 \u00e0 la tension. Plusieurs spectateurs \u00e9voquent un artiste \u00ab\u00a0arrogant\u00a0\u00bb, \u00ab\u00a0irrespectueux\u00a0\u00bb, \u00ab\u00a0froid avec son public\u00a0\u00bb. Mais ce sont surtout les propos du <strong>maire de la ville<\/strong>, St\u00e9phane Donati, qui enfoncent le clou : \u00ab\u00a0On esp\u00e9rait \u00e9videmment que le concert se d\u00e9roule autrement, mais on a trouv\u00e9 un monsieur qui, je dirais, n\u2019\u00e9tait pas tr\u00e8s content de vieillir hein\u00a0\u00bb, a-t-il confi\u00e9 dans les colonnes d&rsquo;<a href=\"https:\/\/actu.fr\/grand-est\/vandoeuvre-les-nancy_54547\/j-ai-mange-avec-lui-il-a-ete-desagreable-apres-le-concert-d-herve-vilard-ce-maire-se-lache-sur-l-artiste_62948441.html\" rel=\"nofollow noopener\" target=\"_blank\">Actu.fr Lorraine<\/a>. Son agacement est visible : \u00ab\u00a0Il a critiqu\u00e9 tout le temps. Le soir, j\u2019ai mang\u00e9 avec lui, il a \u00e9t\u00e9 d\u00e9sagr\u00e9able. Il faut dire les choses\u2009!\u00a0\u00bb<\/p>\n<p>    Herv\u00e9 Vilard \u00ab\u00a0d\u00e9sagr\u00e9able\u00a0\u00bb durant un concert : pourquoi a-t-il refus\u00e9 d\u2019\u00eatre film\u00e9 ?  <\/p>\n<p>Autre \u00e9l\u00e9ment de discorde :<strong> le refus du chanteur<\/strong> d\u2019appara\u00eetre sur les \u00e9crans g\u00e9ants. Un oubli dans le contrat, selon les \u00e9lus : \u00ab\u00a0On n\u2019avait pas pris la pr\u00e9caution de l\u2019indiquer, c\u2019est notre faute. Et, il n\u2019a pas fait de faute qui nous aurait permis de ne pas le payer\u00a0\u00bb. Face au torrent de critiques, Herv\u00e9 Vilard a donn\u00e9 sa version des faits\u202f: \u00ab\u00a0Il \u00e9tait pr\u00e9vu par contrat que je donne un tour de chansons po\u00e9tiques, et non de pr\u00e9senter un spectacle de vari\u00e9t\u00e9s avec une acoustique.\u00a0\u00bb\u00a0Et de conclure\u202f: \u00ab\u00a0Je reconnais que je n\u2019aurais pas d\u00fb accepter ce repli en un lieu sans \u00e2me pour chanter Aragon, Jean Genet et Capri, c\u2019est fini. C\u2019\u00e9tait inaudible.\u00a0\u00bb Des paroles qui n&rsquo;ont pas plu aux \u00e9lus et aux habitants de la petite commune&#8230;<\/p>\n<p>Pour rappel, ce n&rsquo;est pas la premi\u00e8re fois que le chanteur Herv\u00e9 Vilard est virulent dans ses propos. En 2023, lors d&rsquo;une interview avec Jordan de Luxe, le septuag\u00e9naire n&rsquo;a pas \u00e9t\u00e9 tr\u00e8s sympathique avec le jeune pr\u00e9sentateur. Comme \u00e0 son habitude, Jordan de Luxe est all\u00e9 sur son terrain favori : <a href=\"https:\/\/www.pleinevie.fr\/loisirs\/tele-radio\/fort-boyard-je-ne-suis-pas-riche-passe-partout-devoile-son-maigre-salaire-pour-le-jeu-culte-163744.html\" rel=\"nofollow noopener\" target=\"_blank\">celui de l&rsquo;argent<\/a> et plus pr\u00e9cis\u00e9ment le montant de la pension de retraite de son invit\u00e9. Il a pos\u00e9 des questions d&rsquo;ordre financier \u00e0 son invit\u00e9, qui ne s&rsquo;est pas laiss\u00e9 faire, c&rsquo;est le moins que l&rsquo;on puisse dire. \u00ab\u00a0Effectivement monsieur oui, je trouve lamentable que des gens brillants se pr\u00eatent \u00e0 votre jeu d\u00e9bile. L&rsquo;aigreur moi, connais pas. Je dis ce que je veux face de rat\u00a0\u00bb, avait-il r\u00e9pondu.<\/p>\n","protected":false},"excerpt":{"rendered":"La venue d&rsquo;Herv\u00e9 Vilard dans cette commune de Lorraine n&rsquo;a pas laiss\u00e9 de bons souvenirs au public. Apr\u00e8s&hellip;\n","protected":false},"author":2,"featured_media":274627,"comment_status":"","ping_status":"","sticky":false,"template":"","format":"standard","meta":{"footnotes":""},"categories":[1355],"tags":[10281,58,59,1011,27,1361,873],"class_list":{"0":"post-274626","1":"post","2":"type-post","3":"status-publish","4":"format-standard","5":"has-post-thumbnail","7":"category-musique","8":"tag-buzz-nonli","9":"tag-divertissement","10":"tag-entertainment","11":"tag-fr","12":"tag-france","13":"tag-music","14":"tag-musique"},"share_on_mastodon":{"url":"https:\/\/pubeurope.com\/@fr\/114918257043386554","error":""},"_links":{"self":[{"href":"https:\/\/www.europesays.com\/fr\/wp-json\/wp\/v2\/posts\/274626","targetHints":{"allow":["GET"]}}],"collection":[{"href":"https:\/\/www.europesays.com\/fr\/wp-json\/wp\/v2\/posts"}],"about":[{"href":"https:\/\/www.europesays.com\/fr\/wp-json\/wp\/v2\/types\/post"}],"author":[{"embeddable":true,"href":"https:\/\/www.europesays.com\/fr\/wp-json\/wp\/v2\/users\/2"}],"replies":[{"embeddable":true,"href":"https:\/\/www.europesays.com\/fr\/wp-json\/wp\/v2\/comments?post=274626"}],"version-history":[{"count":0,"href":"https:\/\/www.europesays.com\/fr\/wp-json\/wp\/v2\/posts\/274626\/revisions"}],"wp:featuredmedia":[{"embeddable":true,"href":"https:\/\/www.europesays.com\/fr\/wp-json\/wp\/v2\/media\/274627"}],"wp:attachment":[{"href":"https:\/\/www.europesays.com\/fr\/wp-json\/wp\/v2\/media?parent=274626"}],"wp:term":[{"taxonomy":"category","embeddable":true,"href":"https:\/\/www.europesays.com\/fr\/wp-json\/wp\/v2\/categories?post=274626"},{"taxonomy":"post_tag","embeddable":true,"href":"https:\/\/www.europesays.com\/fr\/wp-json\/wp\/v2\/tags?post=274626"}],"curies":[{"name":"wp","href":"https:\/\/api.w.org\/{rel}","templated":true}]}}