{"id":274628,"date":"2025-07-26T07:03:14","date_gmt":"2025-07-26T07:03:14","guid":{"rendered":"https:\/\/www.europesays.com\/fr\/274628\/"},"modified":"2025-07-26T07:03:14","modified_gmt":"2025-07-26T07:03:14","slug":"le-film-a-du-etre-reecrit-apres-la-mort-dun-acteur","status":"publish","type":"post","link":"https:\/\/www.europesays.com\/fr\/274628\/","title":{"rendered":"Le film a d\u00fb \u00eatre r\u00e9\u00e9crit apr\u00e8s la mort d&rsquo;un acteur"},"content":{"rendered":"<p>Ce vendredi 25 juillet 2025, Happy Gilmore 2 a \u00e9t\u00e9 ajout\u00e9 au catalogue Netflix. Vingt-sept ans apr\u00e8s le premier volet, Adam Sandler fait donc son grand retour sur un terrain de golf. Mais suite \u00e0 la mort de l&rsquo;un des acteurs phares du premier film, l&rsquo;histoire a d\u00fb \u00eatre r\u00e9\u00e9crite.<\/p>\n<p>S&rsquo;il y a un acteur qui collabore tr\u00e8s bien avec Netflix, c&rsquo;est Adam Sandler.<b> <\/b>Depuis bien des ann\u00e9es, l&rsquo;acteur de 58 ans encha\u00eene les com\u00e9dies telles que <a href=\"https:\/\/www.programme-tv.net\/news\/cinema\/334472-un-petit-bonbon-drole-et-touchante-cette-comedie-dejantee-avec-adam-sandler-et-sa-famille-remporte-tous-les-suffrages-sur-netflix\/\" data-api-deeplink=\"teleloisirs:\/\/news\/334472\" target=\"_blank\" rel=\"noopener\">Tu peux oublier ma bat-mitsva ! qui a fait un carton<\/a> sur la plateforme de streaming. <a href=\"https:\/\/www.programme-tv.net\/news\/cinema\/335569-adam-sandler-son-dernier-film-sur-netflix-fait-polemique-pour-une-raison-improbable\/\" data-api-deeplink=\"teleloisirs:\/\/news\/335569\" target=\"_blank\" rel=\"noopener\">Un film qui a tout de m\u00eame fait une petite pol\u00e9mique<\/a>. Autre film dans lequel joue Adam Sandler ? Murder Mystery, dans lequel il donne la r\u00e9plique \u00e0 <a href=\"https:\/\/www.programme-tv.net\/biographie\/261-aniston-jennifer\/\" data-link-people=\"8362be5b-054f-483f-b971-46636ae2c07d\" target=\"_blank\" rel=\"noopener\">Jennifer Aniston<\/a>. L\u00e0 encore, <a href=\"https:\/\/www.programme-tv.net\/news\/cinema\/323767-murder-mystery-2-netflix-adam-sandler-et-jennifer-aniston-rempilent-dans-une-suite-drole-et-rocambolesque\/\" data-api-deeplink=\"teleloisirs:\/\/news\/323767\" target=\"_blank\" rel=\"noopener\">cette com\u00e9die a tr\u00e8s bien march\u00e9 sur Netflix<\/a>, que ce soit le premier ou le deuxi\u00e8me volet d&rsquo;ailleurs.<\/p>\n<p>Happy Gilmore 2 : le d\u00e9c\u00e8s de cet acteur a modifi\u00e9 le film<\/p>\n<p>Ce vendredi 25 juillet 2025, Adam Sandler fait son retour sur Netflix dans le film Happy Gilmore 2.<b> <\/b>Vingt-sept ans apr\u00e8s le premier volet, le com\u00e9dien revient donc pour reprendre son r\u00f4le d&rsquo;Happy Gilmore. Un film qui a d\u00fb \u00eatre r\u00e9\u00e9crit apr\u00e8s <a href=\"https:\/\/www.programme-tv.net\/news\/cinema\/346146-mort-de-carl-weathers-la-star-de-rocky-et-de-mandalorian-disparait-a-lage-de-76-ans\/\" data-api-deeplink=\"teleloisirs:\/\/news\/346146\" target=\"_blank\" rel=\"noopener\">la mort de Carl Weathers en 2024<\/a>. Ce dernier aurait succomb\u00e9 \u00e0 un arr\u00eat cardiaque d\u00fb \u00e0 une maladie cardiovasculaire, l&rsquo;ath\u00e9roscl\u00e9rose, \u00e0 l&rsquo;\u00e2ge de 76 ans. Initialement, il \u00e9tait pr\u00e9vu qu&rsquo;il reprenne son r\u00f4le de Chubbs Peterson, entra\u00eeneur de golf et mentor de Happy. Dans une interview accord\u00e9e \u00e0 <a href=\"https:\/\/collider.com\/happy-gilmore-2-rewrites-carl-weathers-death-adam-sandler\/\" target=\"_blank\" rel=\"noopener\">Collider<\/a>, Adam Sandler a d\u00e9clar\u00e9 : \u00ab\u00a0On a v\u00e9cu un changement douloureux. Carl Weathers avait un r\u00f4le majeur. Je discutais avec Carl, et on \u00e9tait enthousiastes, puis Carl est d\u00e9c\u00e9d\u00e9. On a d\u00fb r\u00e9\u00e9crire beaucoup de choses, et m\u00eame l&rsquo;histoire. On a fait de nombreuses r\u00e9f\u00e9rences sympathiques \u00e0 la grandeur de Chubbs dans le film. C&rsquo;\u00e9tait le changement le plus important.\u00a0\u00bb<\/p>\n<p>                        Adam Sandler d\u00e9voile la premi\u00e8re version du film avant la mort de Carl Weathers<\/p>\n<p>Dans le premier volet du film, Chubbs Peterson est mort apr\u00e8s \u00eatre tomb\u00e9 d&rsquo;une fen\u00eatre. Dans cette suite, un sc\u00e9nario \u00e9tait bien ficel\u00e9 pour ce personnage. \u00ab\u00a0Dans la premi\u00e8re version que nous avons imagin\u00e9e, il avait un fils\u00a0\u00bb, a r\u00e9v\u00e9l\u00e9 Adam Sandler lors de cette interview avant de r\u00e9v\u00e9ler : \u00ab\u00a0Il revenait souvent dans mes r\u00eaves, et il avait un fils qui en voulait \u00e0 Happy d&rsquo;avoir caus\u00e9 la mort de son p\u00e8re.\u00a0\u00bb<\/p>\n<p>Article \u00e9crit avec la collaboration de 6m\u00e9dias.<\/p>\n","protected":false},"excerpt":{"rendered":"Ce vendredi 25 juillet 2025, Happy Gilmore 2 a \u00e9t\u00e9 ajout\u00e9 au catalogue Netflix. Vingt-sept ans apr\u00e8s le&hellip;\n","protected":false},"author":2,"featured_media":274629,"comment_status":"","ping_status":"","sticky":false,"template":"","format":"standard","meta":{"footnotes":""},"categories":[1354],"tags":[2508,244,58,59,6214,1346,1011,27,41411,1360,127,1722,129],"class_list":{"0":"post-274628","1":"post","2":"type-post","3":"status-publish","4":"format-standard","5":"has-post-thumbnail","7":"category-films","8":"tag-adam-sandler","9":"tag-commentaire","10":"tag-divertissement","11":"tag-entertainment","12":"tag-film-netflix","13":"tag-films","14":"tag-fr","15":"tag-france","16":"tag-happy-gilmore-2","17":"tag-movies","18":"tag-netflix","19":"tag-pub-streaming-netflix","20":"tag-svod"},"share_on_mastodon":{"url":"https:\/\/pubeurope.com\/@fr\/114918260962620834","error":""},"_links":{"self":[{"href":"https:\/\/www.europesays.com\/fr\/wp-json\/wp\/v2\/posts\/274628","targetHints":{"allow":["GET"]}}],"collection":[{"href":"https:\/\/www.europesays.com\/fr\/wp-json\/wp\/v2\/posts"}],"about":[{"href":"https:\/\/www.europesays.com\/fr\/wp-json\/wp\/v2\/types\/post"}],"author":[{"embeddable":true,"href":"https:\/\/www.europesays.com\/fr\/wp-json\/wp\/v2\/users\/2"}],"replies":[{"embeddable":true,"href":"https:\/\/www.europesays.com\/fr\/wp-json\/wp\/v2\/comments?post=274628"}],"version-history":[{"count":0,"href":"https:\/\/www.europesays.com\/fr\/wp-json\/wp\/v2\/posts\/274628\/revisions"}],"wp:featuredmedia":[{"embeddable":true,"href":"https:\/\/www.europesays.com\/fr\/wp-json\/wp\/v2\/media\/274629"}],"wp:attachment":[{"href":"https:\/\/www.europesays.com\/fr\/wp-json\/wp\/v2\/media?parent=274628"}],"wp:term":[{"taxonomy":"category","embeddable":true,"href":"https:\/\/www.europesays.com\/fr\/wp-json\/wp\/v2\/categories?post=274628"},{"taxonomy":"post_tag","embeddable":true,"href":"https:\/\/www.europesays.com\/fr\/wp-json\/wp\/v2\/tags?post=274628"}],"curies":[{"name":"wp","href":"https:\/\/api.w.org\/{rel}","templated":true}]}}