{"id":274640,"date":"2025-07-26T07:09:15","date_gmt":"2025-07-26T07:09:15","guid":{"rendered":"https:\/\/www.europesays.com\/fr\/274640\/"},"modified":"2025-07-26T07:09:15","modified_gmt":"2025-07-26T07:09:15","slug":"je-ne-comprends-pas-en-israel-la-douleur-dune-victime-du-hamas-face-aux-annonces-de-macron","status":"publish","type":"post","link":"https:\/\/www.europesays.com\/fr\/274640\/","title":{"rendered":"\u00ab\u00a0Je ne comprends pas\u00a0\u00bb\u00a0: en Isra\u00ebl, la douleur d\u2019une victime du Hamas face aux annonces de Macron"},"content":{"rendered":"<p class=\"paragraph text_align_left lp-f-body-02\">Galit Dan-Jaoui<b> <\/b>r\u00eave de paix. Cette Franco-Isra\u00e9lienne \u00e9crit tous les jours sur son mur Facebook qu\u2019il faut arr\u00eater <a href=\"https:\/\/www.leparisien.fr\/international\/israel\/\" target=\"_blank\" rel=\"noreferrer noopener\">la guerre dans la bande de Gaza<\/a>, que la haine appelle la haine et qu\u2019aucune maman, palestinienne comme isra\u00e9lienne, ne devrait souffrir ce qu\u2019elle a souffert. Jeudi soir, elle a d\u00e9couvert aux infos qu\u2019en France, Emmanuel Macron voudrait <a href=\"https:\/\/www.leparisien.fr\/international\/la-france-va-reconnaitre-letat-de-palestine-annonce-emmanuel-macron-24-07-2025-YVFZFDN7R5DOHNLBLHXNNU2AG4.php\" target=\"_self\" rel=\"noopener\">reconna\u00eetre, en septembre, un \u00c9tat Palestinien<\/a>. \u00ab Je ne comprends pas, s\u2019arr\u00eate-t-elle. Pourquoi maintenant ? \u00bb<\/p>\n<p class=\"paragraph text_align_left lp-f-body-02\">Cette enseignante de 55 ans a rencontr\u00e9 le pr\u00e9sident fran\u00e7ais au plus fort de son drame. Le 7 octobre 2023, les terroristes du Hamas ont ex\u00e9cut\u00e9 sa m\u00e8re et sa fille, \u00e2g\u00e9e de 12 ans. Les secours retrouvent Carmela et Noya <a href=\"https:\/\/www.leparisien.fr\/international\/israel\/les-images-les-plus-affreuses-de-nos-vies-heure-par-heure-ils-racontent-lhorreur-du-7-octobre-07-10-2024-WNZPT4QAR5ES7B5FOXALA2RXWE.php\" target=\"_self\" rel=\"noopener\">mortes dans les bras l\u2019une de l\u2019autre<\/a>, r\u00e9fugi\u00e9es au creux d\u2019une chambre forte du kibboutz de Nir Oz.<\/p>\n","protected":false},"excerpt":{"rendered":"Galit Dan-Jaoui r\u00eave de paix. Cette Franco-Isra\u00e9lienne \u00e9crit tous les jours sur son mur Facebook qu\u2019il faut arr\u00eater&hellip;\n","protected":false},"author":2,"featured_media":274641,"comment_status":"","ping_status":"","sticky":false,"template":"","format":"standard","meta":{"footnotes":""},"categories":[5],"tags":[11,1011,27,14,664,12,28],"class_list":{"0":"post-274640","1":"post","2":"type-post","3":"status-publish","4":"format-standard","5":"has-post-thumbnail","7":"category-international","8":"tag-actualites","9":"tag-fr","10":"tag-france","11":"tag-international","12":"tag-israel","13":"tag-news","14":"tag-world"},"share_on_mastodon":{"url":"https:\/\/pubeurope.com\/@fr\/114918284601865769","error":""},"_links":{"self":[{"href":"https:\/\/www.europesays.com\/fr\/wp-json\/wp\/v2\/posts\/274640","targetHints":{"allow":["GET"]}}],"collection":[{"href":"https:\/\/www.europesays.com\/fr\/wp-json\/wp\/v2\/posts"}],"about":[{"href":"https:\/\/www.europesays.com\/fr\/wp-json\/wp\/v2\/types\/post"}],"author":[{"embeddable":true,"href":"https:\/\/www.europesays.com\/fr\/wp-json\/wp\/v2\/users\/2"}],"replies":[{"embeddable":true,"href":"https:\/\/www.europesays.com\/fr\/wp-json\/wp\/v2\/comments?post=274640"}],"version-history":[{"count":0,"href":"https:\/\/www.europesays.com\/fr\/wp-json\/wp\/v2\/posts\/274640\/revisions"}],"wp:featuredmedia":[{"embeddable":true,"href":"https:\/\/www.europesays.com\/fr\/wp-json\/wp\/v2\/media\/274641"}],"wp:attachment":[{"href":"https:\/\/www.europesays.com\/fr\/wp-json\/wp\/v2\/media?parent=274640"}],"wp:term":[{"taxonomy":"category","embeddable":true,"href":"https:\/\/www.europesays.com\/fr\/wp-json\/wp\/v2\/categories?post=274640"},{"taxonomy":"post_tag","embeddable":true,"href":"https:\/\/www.europesays.com\/fr\/wp-json\/wp\/v2\/tags?post=274640"}],"curies":[{"name":"wp","href":"https:\/\/api.w.org\/{rel}","templated":true}]}}