{"id":274659,"date":"2025-07-26T07:23:49","date_gmt":"2025-07-26T07:23:49","guid":{"rendered":"https:\/\/www.europesays.com\/fr\/274659\/"},"modified":"2025-07-26T07:23:49","modified_gmt":"2025-07-26T07:23:49","slug":"grenoble-loqtf-prononcee-contre-linfluenceur-imad-tintin-annulee-3","status":"publish","type":"post","link":"https:\/\/www.europesays.com\/fr\/274659\/","title":{"rendered":"Grenoble : l\u2019OQTF prononc\u00e9e contre l\u2019influenceur \u00ab Imad Tintin \u00bb annul\u00e9e"},"content":{"rendered":"<p>Dans une d\u00e9cision en date du lundi 21\u00a0juillet 2025, les juges administratifs de Grenoble (Is\u00e8re) annulent l\u2019obligation de quitter le territoire fran\u00e7ais (OQTF) qui avait \u00e9t\u00e9 d\u00e9livr\u00e9e \u00e0 <a href=\"https:\/\/nimes.maville.com\/actu\/actudet_-info-ouest-france.-l-influenceur-algerien-imad-tintin-de-nouveau-place-en-garde-a-vue-_54135-6863505_actu.Htm\" target=\"_self\" rel=\"nofollow noopener\">Imad Ould Brahim<\/a>, le 5\u00a0janvier 2025, avec une interdiction de retour sur le territoire fran\u00e7ais pendant trois ans.<\/p>\n<p>Les magistrats rappellent que l\u2019homme est le p\u00e8re d\u2019une enfant n\u00e9e le 14\u00a0d\u00e9cembre 2024 et qu\u2019il avait de ce fait, pr\u00e9sent\u00e9 une demande de titre de s\u00e9jour le 29\u00a0d\u00e9cembre 2024. Or, selon un accord conclu entre les gouvernements fran\u00e7ais et alg\u00e9rien cit\u00e9 dans la d\u00e9cision prononc\u00e9e, <strong>\u00ab\u00a0le certificat de r\u00e9sidence d\u2019un an portant la mention \u201cvie priv\u00e9e et familiale\u201d est d\u00e9livr\u00e9 de plein droit au ressortissant alg\u00e9rien, ascendant direct d\u2019un enfant fran\u00e7ais mineur r\u00e9sident en France, \u00e0 la condition qu\u2019il exerce m\u00eame partiellement l\u2019autorit\u00e9 parentale \u00e0 l\u2019\u00e9gard de cet enfant ou qu\u2019il subvienne effectivement \u00e0 ses besoins.\u00a0\u00bb<\/strong><\/p>\n<p>Les juges reprochent \u00e0 la pr\u00e9f\u00e8te de ne pas avoir fait ces v\u00e9rifications et annulent ainsi l\u2019OQTF d\u00e9livr\u00e9e. La pr\u00e9f\u00e8te a, maintenant, trois mois pour statuer de nouveau sur la situation d<a href=\"https:\/\/nimes.maville.com\/actu\/actudet_-l-influenceur-algerien-imad-tintin-condamne-a-450-e-d-amende-pour-menaces-de-violences-_54135-6847277_actu.Htm\" target=\"_self\" rel=\"nofollow noopener\">\u2019Imad Ould Brahim<\/a>. Elle doit, en plus, dans les huit jours, lui d\u00e9livrer une autorisation provisoire de s\u00e9jour lui permettant de travailler. Tout cela a un co\u00fbt\u00a0: en plus de la mobilisation de ses diff\u00e9rents agents sur ce dossier, l\u2019\u00c9tat devra verser 800\u00a0\u20ac \u00e0 Imad Ould Brahim. Et le feuilleton n\u2019est pas termin\u00e9.<\/p>\n<p>\u00a0<\/p>\n","protected":false},"excerpt":{"rendered":"Dans une d\u00e9cision en date du lundi 21\u00a0juillet 2025, les juges administratifs de Grenoble (Is\u00e8re) annulent l\u2019obligation de&hellip;\n","protected":false},"author":2,"featured_media":266879,"comment_status":"","ping_status":"","sticky":false,"template":"","format":"standard","meta":{"footnotes":""},"categories":[9566],"tags":[1111,11,40649,2430,1777,674,1011,27,2731,9958,30440,2438,12,4347,40648,25,29148],"class_list":{"0":"post-274659","1":"post","2":"type-post","3":"status-publish","4":"format-standard","5":"has-post-thumbnail","7":"category-grenoble","8":"tag-actu","9":"tag-actualites","10":"tag-annulee","11":"tag-auvergne-rhone-alpes","12":"tag-eu","13":"tag-europe","14":"tag-fr","15":"tag-france","16":"tag-grenoble","17":"tag-hyeres","18":"tag-imad","19":"tag-influenceur","20":"tag-news","21":"tag-oqtf","22":"tag-prononcee","23":"tag-republique-francaise","24":"tag-tintin"},"share_on_mastodon":{"url":"https:\/\/pubeurope.com\/@fr\/114918343507885594","error":""},"_links":{"self":[{"href":"https:\/\/www.europesays.com\/fr\/wp-json\/wp\/v2\/posts\/274659","targetHints":{"allow":["GET"]}}],"collection":[{"href":"https:\/\/www.europesays.com\/fr\/wp-json\/wp\/v2\/posts"}],"about":[{"href":"https:\/\/www.europesays.com\/fr\/wp-json\/wp\/v2\/types\/post"}],"author":[{"embeddable":true,"href":"https:\/\/www.europesays.com\/fr\/wp-json\/wp\/v2\/users\/2"}],"replies":[{"embeddable":true,"href":"https:\/\/www.europesays.com\/fr\/wp-json\/wp\/v2\/comments?post=274659"}],"version-history":[{"count":0,"href":"https:\/\/www.europesays.com\/fr\/wp-json\/wp\/v2\/posts\/274659\/revisions"}],"wp:featuredmedia":[{"embeddable":true,"href":"https:\/\/www.europesays.com\/fr\/wp-json\/wp\/v2\/media\/266879"}],"wp:attachment":[{"href":"https:\/\/www.europesays.com\/fr\/wp-json\/wp\/v2\/media?parent=274659"}],"wp:term":[{"taxonomy":"category","embeddable":true,"href":"https:\/\/www.europesays.com\/fr\/wp-json\/wp\/v2\/categories?post=274659"},{"taxonomy":"post_tag","embeddable":true,"href":"https:\/\/www.europesays.com\/fr\/wp-json\/wp\/v2\/tags?post=274659"}],"curies":[{"name":"wp","href":"https:\/\/api.w.org\/{rel}","templated":true}]}}