{"id":274660,"date":"2025-07-26T07:24:18","date_gmt":"2025-07-26T07:24:18","guid":{"rendered":"https:\/\/www.europesays.com\/fr\/274660\/"},"modified":"2025-07-26T07:24:18","modified_gmt":"2025-07-26T07:24:18","slug":"amical-grenoble-simpose-face-a-rodez-troyes-se-contente-dun-nul","status":"publish","type":"post","link":"https:\/\/www.europesays.com\/fr\/274660\/","title":{"rendered":"Amical &#8211; Grenoble s&rsquo;impose face \u00e0 Rodez, Troyes se contente d&rsquo;un nul"},"content":{"rendered":"<p style=\"text-align: justify;\">Deux clubs \u00ab amis \u00bb se retrouvaient ce vendredi au Chambon-sur-Lignon (Haute-Loire) pour poursuivre leur pr\u00e9paration estivale. Une future affiche de <strong>Ligue 2<\/strong> entre <strong>Grenoble<\/strong> et <strong>Rodez\u00a0<\/strong>a vu s\u2019imposer les Is\u00e9rois (1-0) sur un but sign\u00e9 par Th\u00e9o Valls. Franck Rizzetto et Didier Santini ont eu tout le loisir de passer en revue leurs effectifs, lors d\u2019une rencontre qui se d\u00e9roulait en quatre fois 30 minutes.<\/p>\n<p style=\"text-align: justify;\">\u00c0 lire aussi &gt;&gt;\u00a0<a href=\"https:\/\/maligue2.fr\/2025\/07\/21\/gf38-theo-valls-actionnaire-du-nimes-olympique-lopportunite-daider-le-club-sest-presente-donc-on-a-fait-un-petit-geste\/\" target=\"_blank\" rel=\"noopener\">GF38 \u2013 Th\u00e9o Valls actionnaire du N\u00eemes Olympique : \u00ab L\u2019opportunit\u00e9 d\u2019aider le club s\u2019est pr\u00e9sent\u00e9 donc on a fait un petit geste \u00bb<\/a><\/p>\n<p>Grenoble 1-0 Rodez<\/p>\n<p style=\"text-align: justify;\">Buteurs : Valls (40e) pour le GF38 \/<\/p>\n<p style=\"text-align: justify;\"><strong>GF38<\/strong> : Diop \u2013 Zahui, Mouyokolo, Mambo, Paquiez, Xantippe, Valls, Benet, Mouazan, Diaby, Elphege<\/p>\n<p style=\"text-align: justify;\"><strong>RAF<\/strong> : Braat \u2013 Lipinski, Magnin, Bouchouari, Laurent, Galves, Mendes, Trouillet, Mazou-Sacko, Nkada, Bald\u00e9<\/p>\n<p>Un peu plus tard en d\u00e9but de soir\u00e9e, l\u2019ESTAC Troyes se frottait \u00e0 Dijon, pensionnaire de National. Les hommes de St\u00e9phane Dumont ont \u00e9t\u00e9 tenu en \u00e9chec<\/p>\n<p>Troyes 0-0 Dijon<\/p>\n<p><strong>ESTAC<\/strong> : Lema\u00eetre \u2013 Maronnier, Monfray\u00a9, Gozzi, Boura, Phliponeau, Diop, Adeline, Assoumou, El Idrissy, Detourbet<\/p>\n<p style=\"text-align: justify;\">Photo \u00a9Alex Martin\/FEP\/Icon Sport<\/p>\n","protected":false},"excerpt":{"rendered":"Deux clubs \u00ab amis \u00bb se retrouvaient ce vendredi au Chambon-sur-Lignon (Haute-Loire) pour poursuivre leur pr\u00e9paration estivale. Une&hellip;\n","protected":false},"author":2,"featured_media":274661,"comment_status":"","ping_status":"","sticky":false,"template":"","format":"standard","meta":{"footnotes":""},"categories":[9566],"tags":[1962,1111,11,2430,1777,674,1011,27,2731,12,25,26119,1964],"class_list":{"0":"post-274660","1":"post","2":"type-post","3":"status-publish","4":"format-standard","5":"has-post-thumbnail","7":"category-grenoble","8":"tag-alaune5","9":"tag-actu","10":"tag-actualites","11":"tag-auvergne-rhone-alpes","12":"tag-eu","13":"tag-europe","14":"tag-fr","15":"tag-france","16":"tag-grenoble","17":"tag-news","18":"tag-republique-francaise","19":"tag-rodez","20":"tag-troyes"},"share_on_mastodon":{"url":"https:\/\/pubeurope.com\/@fr\/114918343579523523","error":""},"_links":{"self":[{"href":"https:\/\/www.europesays.com\/fr\/wp-json\/wp\/v2\/posts\/274660","targetHints":{"allow":["GET"]}}],"collection":[{"href":"https:\/\/www.europesays.com\/fr\/wp-json\/wp\/v2\/posts"}],"about":[{"href":"https:\/\/www.europesays.com\/fr\/wp-json\/wp\/v2\/types\/post"}],"author":[{"embeddable":true,"href":"https:\/\/www.europesays.com\/fr\/wp-json\/wp\/v2\/users\/2"}],"replies":[{"embeddable":true,"href":"https:\/\/www.europesays.com\/fr\/wp-json\/wp\/v2\/comments?post=274660"}],"version-history":[{"count":0,"href":"https:\/\/www.europesays.com\/fr\/wp-json\/wp\/v2\/posts\/274660\/revisions"}],"wp:featuredmedia":[{"embeddable":true,"href":"https:\/\/www.europesays.com\/fr\/wp-json\/wp\/v2\/media\/274661"}],"wp:attachment":[{"href":"https:\/\/www.europesays.com\/fr\/wp-json\/wp\/v2\/media?parent=274660"}],"wp:term":[{"taxonomy":"category","embeddable":true,"href":"https:\/\/www.europesays.com\/fr\/wp-json\/wp\/v2\/categories?post=274660"},{"taxonomy":"post_tag","embeddable":true,"href":"https:\/\/www.europesays.com\/fr\/wp-json\/wp\/v2\/tags?post=274660"}],"curies":[{"name":"wp","href":"https:\/\/api.w.org\/{rel}","templated":true}]}}