{"id":274662,"date":"2025-07-26T07:25:24","date_gmt":"2025-07-26T07:25:24","guid":{"rendered":"https:\/\/www.europesays.com\/fr\/274662\/"},"modified":"2025-07-26T07:25:24","modified_gmt":"2025-07-26T07:25:24","slug":"la-chapelle-de-brain-une-organisation-adaptee-cette-annee-pour-le-pardon-de-saint-melaine","status":"publish","type":"post","link":"https:\/\/www.europesays.com\/fr\/274662\/","title":{"rendered":"La Chapelle-de-Brain. Une organisation adapt\u00e9e cette ann\u00e9e pour le pardon de Saint-Melaine"},"content":{"rendered":"<p>Il est 10\u00a0heures, dimanche 20\u00a0juillet, quand, au c\u0153ur du bourg, une foule de tous \u00e2ges se rassemble avec solennit\u00e9. Elle vient c\u00e9l\u00e9brer le pardon annuel de la chapelle Saint-Melaine. C\u2019est au son du biniou que les paroissiens entament la marche. Le musicien pr\u00e9c\u00e8de les reliques de celui qui se distingua pour son \u00e9l\u00e9vation spirituelle. Deux jeunes femmes les transportent sur un brancard. Le cort\u00e8ge se prolonge avec les banni\u00e8res processionnelles, les pr\u00eatres (dont le p\u00e8re Romain Guelbe, du dioc\u00e8se de N\u2019Djam\u00e9na, au Tchad), les enfants de ch\u0153ur\u2026 Apr\u00e8s la travers\u00e9e du bourg, tous se regroupent dans la petite \u00e9glise.<\/p>\n<p>\u00a0D\u2019habitude on se retrouve tous sur le terrain qui s\u2019\u00e9tend le long du lavoir et de la chapelle Saint-Melaine. C\u2019est m\u00eame l\u00e0 que se d\u00e9roule la messe. Cette ann\u00e9e le temps est trop incertain\u00a0! Nous partagerons un repas, bien \u00e0 l\u2019abri, dans la salle des f\u00eates\u00a0\u00bb, explique Annie Lollivier, pr\u00e9sidente de l\u2019association Saint-Melaine.<\/p>\n<p>Les convives ont donc rejoint l\u2019endroit indiqu\u00e9, o\u00f9 les attendaient de nombreux b\u00e9n\u00e9voles, sans lesquels rien ne pourrait se faire. Aux fourneaux, Manuel Greyo et Franck Ducloyer, qui ont cuisin\u00e9 100\u00a0kg de moules et 70\u00a0kg de frites pour 180\u00a0personnes. Sur sc\u00e8ne, un chauffeur de salle, S\u00e9bastien Ferr\u00e9, et deux musiciens, Soazig Greyo (accord\u00e9on) et Francesco Cordaro (saxo).<\/p>\n<p><strong>\u00ab\u00a0J\u2019esp\u00e8re que le public n\u2019a pas \u00e9t\u00e9 d\u00e9\u00e7u\u2026 Nous n\u2019avons pas pu proposer les jeux habituels de plein air, mais nous avons essay\u00e9 de distraire tous les participants \u00e0 cette journ\u00e9e. L\u2019ann\u00e9e prochaine, nous reviendrons sur le site habituel. Le temps ne nous jouera pas encore un mauvais tour, j\u2019en suis certaine\u00a0\u00bb,<\/strong> conclut Annie Lollivier.<\/p>\n<p>\u00a0<\/p>\n","protected":false},"excerpt":{"rendered":"Il est 10\u00a0heures, dimanche 20\u00a0juillet, quand, au c\u0153ur du bourg, une foule de tous \u00e2ges se rassemble avec&hellip;\n","protected":false},"author":2,"featured_media":274663,"comment_status":"","ping_status":"","sticky":false,"template":"","format":"standard","meta":{"footnotes":""},"categories":[2821],"tags":[1111,11,18596,5648,829,41414,1777,674,1011,27,12,9640,41415,584,25,41416],"class_list":{"0":"post-274662","1":"post","2":"type-post","3":"status-publish","4":"format-standard","5":"has-post-thumbnail","7":"category-rennes","8":"tag-actu","9":"tag-actualites","10":"tag-adaptee","11":"tag-annee","12":"tag-bretagne","13":"tag-chapelle-de-brain","14":"tag-eu","15":"tag-europe","16":"tag-fr","17":"tag-france","18":"tag-news","19":"tag-organisation","20":"tag-pardon","21":"tag-rennes","22":"tag-republique-francaise","23":"tag-saint-melaine"},"share_on_mastodon":{"url":"https:\/\/pubeurope.com\/@fr\/114918347414704188","error":""},"_links":{"self":[{"href":"https:\/\/www.europesays.com\/fr\/wp-json\/wp\/v2\/posts\/274662","targetHints":{"allow":["GET"]}}],"collection":[{"href":"https:\/\/www.europesays.com\/fr\/wp-json\/wp\/v2\/posts"}],"about":[{"href":"https:\/\/www.europesays.com\/fr\/wp-json\/wp\/v2\/types\/post"}],"author":[{"embeddable":true,"href":"https:\/\/www.europesays.com\/fr\/wp-json\/wp\/v2\/users\/2"}],"replies":[{"embeddable":true,"href":"https:\/\/www.europesays.com\/fr\/wp-json\/wp\/v2\/comments?post=274662"}],"version-history":[{"count":0,"href":"https:\/\/www.europesays.com\/fr\/wp-json\/wp\/v2\/posts\/274662\/revisions"}],"wp:featuredmedia":[{"embeddable":true,"href":"https:\/\/www.europesays.com\/fr\/wp-json\/wp\/v2\/media\/274663"}],"wp:attachment":[{"href":"https:\/\/www.europesays.com\/fr\/wp-json\/wp\/v2\/media?parent=274662"}],"wp:term":[{"taxonomy":"category","embeddable":true,"href":"https:\/\/www.europesays.com\/fr\/wp-json\/wp\/v2\/categories?post=274662"},{"taxonomy":"post_tag","embeddable":true,"href":"https:\/\/www.europesays.com\/fr\/wp-json\/wp\/v2\/tags?post=274662"}],"curies":[{"name":"wp","href":"https:\/\/api.w.org\/{rel}","templated":true}]}}