{"id":274666,"date":"2025-07-26T07:27:15","date_gmt":"2025-07-26T07:27:15","guid":{"rendered":"https:\/\/www.europesays.com\/fr\/274666\/"},"modified":"2025-07-26T07:27:15","modified_gmt":"2025-07-26T07:27:15","slug":"themes-du-concours-commun-de-sciences-po-en-2026","status":"publish","type":"post","link":"https:\/\/www.europesays.com\/fr\/274666\/","title":{"rendered":"th\u00e8mes du concours commun de Sciences Po en 2026"},"content":{"rendered":"<p>Alors que la phase principale d\u2019admission en premi\u00e8re ann\u00e9e dans les sept Sciences Po du r\u00e9seau, dont Sciences Po Strasbourg, est achev\u00e9e, la pr\u00e9paration du concours commun 2026 est lanc\u00e9e.<\/p>\n<p>Les \u00e9preuves \u00e9crites se d\u00e9rouleront samedi 25\u00a0avril 2026. Les questions contemporaines auront pour th\u00e8mes g\u00e9n\u00e9raux\u00a0: \u201cSolidarit\u00e9s\u201d et \u201cLe vivant\u201d.<\/p>\n<p>L\u2019\u00e9preuve d\u2019histoire aura pour th\u00e8mes\u00a0: \u201cLes relations entre les puissances et les mod\u00e8les politiques des ann\u00e9es 1930 \u00e0 nos jours. Histoire politique, sociale et culturelle de la France depuis les ann\u00e9es 1930\u201d.<\/p>\n<p>En langue vivante, l\u2019\u00e9preuve reposera sur des questions de compr\u00e9hension et un essai. Les modalit\u00e9s compl\u00e8tes du concours commun, qui rassemble chaque ann\u00e9e plus de 10\u00a0000 candidats dont plus de 1\u00a0300 \u00e0 Strasbourg, seront en ligne fin septembre, sur le site\u00a0: <a href=\"https:\/\/www.reseau-scpo.fr\/\" target=\"_blank\" rel=\"nofollow noopener\">www.reseau-scpo.fr<\/a><\/p>\n","protected":false},"excerpt":{"rendered":"Alors que la phase principale d\u2019admission en premi\u00e8re ann\u00e9e dans les sept Sciences Po du r\u00e9seau, dont Sciences&hellip;\n","protected":false},"author":2,"featured_media":274667,"comment_status":"","ping_status":"","sticky":false,"template":"","format":"standard","meta":{"footnotes":""},"categories":[2820],"tags":[1111,11,2389,1057,4854,1777,674,107,1011,27,775,12,25,640],"class_list":{"0":"post-274666","1":"post","2":"type-post","3":"status-publish","4":"format-standard","5":"has-post-thumbnail","7":"category-strasbourg","8":"tag-actu","9":"tag-actualites","10":"tag-alsace","11":"tag-education","12":"tag-enseignement-superieur","13":"tag-eu","14":"tag-europe","15":"tag-fil-info","16":"tag-fr","17":"tag-france","18":"tag-grand-est","19":"tag-news","20":"tag-republique-francaise","21":"tag-strasbourg"},"share_on_mastodon":{"url":"https:\/\/pubeurope.com\/@fr\/114918355705144663","error":""},"_links":{"self":[{"href":"https:\/\/www.europesays.com\/fr\/wp-json\/wp\/v2\/posts\/274666","targetHints":{"allow":["GET"]}}],"collection":[{"href":"https:\/\/www.europesays.com\/fr\/wp-json\/wp\/v2\/posts"}],"about":[{"href":"https:\/\/www.europesays.com\/fr\/wp-json\/wp\/v2\/types\/post"}],"author":[{"embeddable":true,"href":"https:\/\/www.europesays.com\/fr\/wp-json\/wp\/v2\/users\/2"}],"replies":[{"embeddable":true,"href":"https:\/\/www.europesays.com\/fr\/wp-json\/wp\/v2\/comments?post=274666"}],"version-history":[{"count":0,"href":"https:\/\/www.europesays.com\/fr\/wp-json\/wp\/v2\/posts\/274666\/revisions"}],"wp:featuredmedia":[{"embeddable":true,"href":"https:\/\/www.europesays.com\/fr\/wp-json\/wp\/v2\/media\/274667"}],"wp:attachment":[{"href":"https:\/\/www.europesays.com\/fr\/wp-json\/wp\/v2\/media?parent=274666"}],"wp:term":[{"taxonomy":"category","embeddable":true,"href":"https:\/\/www.europesays.com\/fr\/wp-json\/wp\/v2\/categories?post=274666"},{"taxonomy":"post_tag","embeddable":true,"href":"https:\/\/www.europesays.com\/fr\/wp-json\/wp\/v2\/tags?post=274666"}],"curies":[{"name":"wp","href":"https:\/\/api.w.org\/{rel}","templated":true}]}}