{"id":274668,"date":"2025-07-26T07:28:27","date_gmt":"2025-07-26T07:28:27","guid":{"rendered":"https:\/\/www.europesays.com\/fr\/274668\/"},"modified":"2025-07-26T07:28:27","modified_gmt":"2025-07-26T07:28:27","slug":"a-strasbourg-et-alentours-un-mois-daout-plein-de-musique-et-de-cinema","status":"publish","type":"post","link":"https:\/\/www.europesays.com\/fr\/274668\/","title":{"rendered":"\u00c0 Strasbourg et alentours, un mois d&rsquo;ao\u00fbt plein de musique et de cin\u00e9ma"},"content":{"rendered":"<p class=\"wp-block-post-excerpt__excerpt\">Le mois d\u2019ao\u00fbt sera marqu\u00e9 par le retour de plusieurs \u00e9v\u00e8nements culturels phares de l\u2019\u00e9t\u00e9 alsacien\u00a0:\u00a0Au gr\u00e8s du jazz, le FaRse, Fluctuations\u2026 C\u2019est aussi l\u2019occasion de s\u2019\u00e9loigner de Strasbourg le temps d\u2019un concert ou d\u2019un film et de s\u2019ouvrir \u00e0 des \u00e9v\u00e8nements moins institutionnels. <\/p>\n<p class=\"font-sans\">\n\t\t\tCet article est en acc\u00e8s libre. Pour soutenir Rue89 Strasbourg,<br \/>\n\t\t\t<a class=\"underline\" href=\"https:\/\/www.rue89strasbourg.com\/abonnement\" rel=\"nofollow noopener\" target=\"_blank\">abonnez-vous<\/a>.\n\t\t<\/p>\n<p>Roni Gocer et Camille Curnier<\/p>\n<p>Publi\u00e9 le 26 juillet 2025\u00a0\u00a0\u00b7\u00a0\u00a0<\/p>\n<p>Imprim\u00e9 le 26 juillet 2025 \u00e0 08h53\u00a0\u00a0\u00b7\u00a0\u00a0<\/p>\n<p>\t\t\t\t\t5\u00a0minutes\n<\/p>\n<p class=\"has-drop-cap\">Quand les corps crament sous le soleil d\u2019ao\u00fbt, la meilleure option reste la fuite. Dans la musique, le cin\u00e9ma, la danse, le cirque\u2026 Et puis avec ses jambes aussi, filer loin de Strasbourg, pour d\u2019autres lieux artistiques moins connus. Petit tour d\u2019horizon de nos recommandations de l\u2019\u00e9t\u00e9, tr\u00e8s marqu\u00e9es par les \u00e9v\u00e8nements musicaux.<\/p>\n<p><a href=\"https:\/\/www.rue89strasbourg.com\/abonnement\/paiement?sub=3&amp;discount=ete2025\" rel=\"nofollow noopener\" target=\"_blank\"><img loading=\"lazy\" decoding=\"async\" width=\"970\" height=\"250\" src=\"https:\/\/www.europesays.com\/fr\/wp-content\/uploads\/2025\/07\/bannie\u0300re-site-desktop-anime\u0301e.gif\" alt=\"\" class=\"wp-image-350811\" style=\"width:792px;height:auto\"\/><\/a><\/p>\n<p><a href=\"https:\/\/www.rue89strasbourg.com\/abonnement\/paiement?sub=3&amp;discount=ete2025\" rel=\"nofollow noopener\" target=\"_blank\"><img loading=\"lazy\" decoding=\"async\" width=\"300\" height=\"300\" src=\"https:\/\/www.europesays.com\/fr\/wp-content\/uploads\/2025\/07\/bannie\u0300re-pub-mobile-anime\u0301e.gif\" alt=\"\" class=\"wp-image-350815\"\/><\/a><\/p>\n<p>Entre la M\u00e9diterran\u00e9e et le Rhin, Fluctuations ne choisit pas<\/p>\n<p>S\u2019invitant du Rhin \u00e0 la Seine, jusqu\u2019au Danube, le festival itin\u00e9rant Fluctuations s\u2019arr\u00eate \u00e0 Strasbourg du 22 au 24 ao\u00fbt, au Phare Citadelle. Articul\u00e9e autour de diff\u00e9rentes variantes de house, la programmation s\u2019ouvre \u00e0 des explorations larges, donnant notamment \u00e0 entendre des artistes issues de la sc\u00e8ne allemande, comme la chanteuse iranienne install\u00e9e \u00e0 Berlin Faravaz, dont les paroles, m\u00e9langeant allemand, iranien et anglais, donnent \u00e0 entendre son exil.<\/p>\n<p>Certains artistes s\u2019ouvrent \u00e9galement \u00e0 des sonorit\u00e9s plus m\u00e9diterran\u00e9ennes que rh\u00e9nanes, comme le producteur et DJ KasbaH avec son album Musiques de f\u00eates, qui r\u00e9unit plusieurs artistes autour de musiques orientales et \u00e9lectroniques. Ses propres compositions s\u2019inscrivent \u00e9galement dans cette veine musicale, en usant d\u2019instruments orientaux.<\/p>\n<\/p>\n<p>L\u2019on retrouve \u00e9galement des influences de l\u2019autre c\u00f4t\u00e9 de la M\u00e9diterran\u00e9e, avec les sets italo-disco de l\u2019artiste fran\u00e7aise Seiun. Jouant principalement \u00e0 Berlin et affili\u00e9e au label Nein Records, sa musique pioche all\u00e8grement dans les registres r\u00e9tro, usant de synth\u00e9s quasi antiques.<\/p>\n<p>Y <strong>aller<\/strong><\/p>\n<p><strong>Festival Fluctuations<\/strong>, du vendredi 22 au dimanche 24 ao\u00fbt, billetterie accessible <a href=\"https:\/\/shotgun.live\/fr\/festivals\/fluctuations-strasbourg\" target=\"_blank\" rel=\"noreferrer noopener nofollow\">ici<\/a> (10 \u00e0 20 euros la journ\u00e9e\/soir\u00e9e), au phare Citadelle, au 13 rue de Nantes, Strasbourg \u2013 Citadelle.<\/p>\n<p>\t\tDu jazz dans les Vosges du Nord<\/p>\n<p>Comme chaque mois d\u2019ao\u00fbt, le festival Au gr\u00e8s du jazz revient \u00e0 La Petite-Pierre, dans les Vosges du Nord. Ancr\u00e9 dans la r\u00e9gion depuis 2012, l\u2019\u00e9v\u00e8nement est depuis devenu un rendez-vous institutionnel des amateurs de jazz en Alsace.<\/p>\n<p>Son programme donne \u00e0 entendre une trentaine de concerts gratuits, dont le groupe strasbourgeois Las Baklavas, qui puise dans le r\u00e9pertoire musical des Balkans ou de l\u2019Am\u00e9rique du Sud. On y retrouve \u00e9galement le groupe local FUZ4TET, qui s\u2019inspire notamment d\u2019influences \u00ab\u00a0traditionnelles ukrainiennes\u00a0\u00bb. Deux jeunes groupes plein d\u2019\u00e9nergie communicative dans leurs prestations sur sc\u00e8ne. Du c\u00f4t\u00e9 des concerts payants, on retrouve de nombreux noms c\u00e9l\u00e8bres de la sc\u00e8ne jazz, dont Gabi Hartmann, qui <a href=\"https:\/\/www.humanite.fr\/culture-et-savoir\/chanson-francaise\/gabi-hartmann-chanteuse-depuis-petite-dans-ma-famille-on-sest-battus-pour-les-droits-des-sans-papiers\" target=\"_blank\" rel=\"noreferrer noopener nofollow\">a r\u00e9cemment sortie un nouvel album narratif<\/a> \u00ab\u00a0La femme aux yeux de sel\u00a0\u00bb.<\/p>\n<\/p>\n<p>Le groupe strasbourgeois Las Baklavas. <\/p>\n<p>Du cin\u00e9ma en ext\u00e9rieur tout l\u2019\u00e9t\u00e9<\/p>\n<p>Couverture, glaci\u00e8re, packs de bi\u00e8re\u2026 Tout ce qui peut servir \u00e0 se mettre \u00e0 l\u2019aise sur un coin d\u2019herbe est bon \u00e0 prendre. Plut\u00f4t qu\u2019\u00eatre calfeutr\u00e9 dans une salle sombre, deux festivals nous invitent \u00e0 passer nos soir\u00e9es cin\u00e9ma sous les \u00e9toiles, le regard tourn\u00e9 vers l\u2019\u00e9cran.<\/p>\n<p>La <a href=\"https:\/\/cinepleinair.eu\/archive\/edition-2025\/\" rel=\"nofollow noopener\" target=\"_blank\">5\u00e8me \u00e9dition du festival \u00ab Cin\u00e9 Plein Air ! \u00bb<\/a>, imagin\u00e9e par l\u2019\u00e9quipe du collectif Troisi\u00e8me Souffle, continue de nous proposer ses s\u00e9ances en plein air \u00e0 Strasbourg et aux alentours.<\/p>\n<p>Au programme du mois d\u2019ao\u00fbt\u00a0:\u00a0des sorties r\u00e9centes comme Le Grand Bain de Gilles Lellouche ou Le Comte de Monte-Cristo de Matthieu Delaporte, ainsi que des classiques du grand \u00e9cran avec L\u2019Homme qui en savait trop d\u2019Alfred Hitchcock, Big Fish de Tim Burton ou encore Les Blues Brothers de John Landis. Pas moins de douze s\u00e9ances sont pr\u00e9vues entre Strasbourg et ses alentours.<\/p>\n<p>Y <strong>aller<\/strong><\/p>\n<p><strong>\u00ab\u00a0Cin\u00e9ma en plein air\u00a0\u00bb<\/strong>, entr\u00e9e libre\u00a0:<\/p>\n<ul class=\"wp-block-list\">\n<li><strong>Le Magnifique<\/strong>, vendredi 1er ao\u00fbt, place Henri Will \u00e0 Neudorf \u2013 Strasbourg<\/li>\n<li><strong>La M\u00e9thode Williams<\/strong>, vendredi 8 ao\u00fbt, parc des Sports, Hautepierre \u2013 Strasbourg<\/li>\n<li><strong>Le G\u00e9ant de fer<\/strong>, vendredi 8 ao\u00fbt, parking du Hall des Sports, Holtzheim<\/li>\n<li><strong>Belle et S\u00e9bastien<\/strong>, samedi 9 ao\u00fbt, parc Zimmer, Lingolsheim<\/li>\n<li><strong>L\u2019homme qui en savait trop<\/strong>, vendredi 15 ao\u00fbt, au jardin des Deux Rives, Port du Rhin \u2013 Strasbourg<\/li>\n<li><strong>Qui veut la peau de Roger Rabbit<\/strong>, samedi 16 ao\u00fbt, parvis salle socioculturelle, Kolbsheim<\/li>\n<li><strong>Le Comte de Monte-Cristo<\/strong>, vendredi 22 ao\u00fbt, au parc Albert Schweitzer, Koenigshoffen \u2013 Strasbourg<\/li>\n<li><strong>Le Grand Bain<\/strong>, vendredi 22 ao\u00fbt, square du Tilleul, Lipsheim<\/li>\n<li><strong>The Blues Brothers<\/strong>, samedi 23 ao\u00fbt, centre sportif et culturel, Lampertheim<\/li>\n<li><strong>Big Fish<\/strong>, vendredi 29 ao\u00fbt, au parc du Heyritz, Centre \u2013 Strabourg<\/li>\n<li><strong>LOL (Laughing out loud)<\/strong>, vendredi 29 ao\u00fbt, espace Alphonse Daudet, Mittelhausbergen<\/li>\n<li><strong>L\u2019\u00c2ge de glace<\/strong>, samedi 30 ao\u00fbt, parc Naturel Urbain, Eckbolsheim<\/li>\n<\/ul>\n<p>Une autre soir\u00e9e cin\u00e9, intitul\u00e9e \u00ab\u00a0Cin\u00e9ma Voyageur\u00a0\u00bb, prendra place le 3 ao\u00fbt \u00e0 Wildersbach, pour une projection sous son chapiteau itin\u00e9rant. Port\u00e9 par le collectif parisien Synaps, ce projet nomade met en lumi\u00e8re des films libres de droits, souvent issus de d\u00e9marches ind\u00e9pendantes, cr\u00e9atives et engag\u00e9es. \u00c0 travers sa tourn\u00e9e estivale, l\u2019association d\u00e9fend un cin\u00e9ma en marge des circuits classiques de production et de diffusion.<\/p>\n<p>Le film projet\u00e9 ne sera choisi qu\u2019au dernier moment, parmi une s\u00e9lection de coups de c\u0153ur ou de cr\u00e9ations produites par le collectif lui-m\u00eame. Une s\u00e9ance unique, \u00e0 prix libre, pour une exp\u00e9rience de cin\u00e9ma rare, conviviale et participative.<\/p>\n<p>Y <strong>aller<\/strong><\/p>\n<p><strong>Festival Cin\u00e9ma Voyageur <\/strong>: le 3 ao\u00fbt \u00e0 partir de 18h, participation \u00e0 prix libre, \u00e0 la ferme auberge de la Perheux \u00e0 Wildersbach<\/p>\n<p>Un \u00e9t\u00e9 au vert avec Alsace Nature <\/p>\n<p><a href=\"https:\/\/www.sortiesnature.org\/?filter_zone=1&amp;filter_date_type=other&amp;filter_date_start=2025-08-01&amp;filter_date_end=2025-08-31\" rel=\"nofollow noopener\" target=\"_blank\">Alsace Nature et son r\u00e9seau d\u2019associations<\/a> invitent tout au long de l\u2019ann\u00e9e \u00e0 d\u00e9couvrir la faune et la flore locale \u00e0 travers une s\u00e9rie d\u2019\u00e9v\u00e9nements immersifs. Balades cont\u00e9es en for\u00eat, sorties nocturnes \u00e0 la rencontre des chauves-souris ou encore parcours inspir\u00e9s de contes et l\u00e9gendes rythment cette programmation nature, accessible sur l\u2019ensemble du territoire.<\/p>\n<p>Parmi les rendez-vous propos\u00e9s cet \u00e9t\u00e9 : une sortie \u00e0 la tomb\u00e9e de la nuit avec le Groupe d\u2019\u00e9tudes et de protection des mammif\u00e8res d\u2019Alsace (Gepma) pour <a href=\"https:\/\/www.sortiesnature.org\/evenement\/show\/1835\" target=\"_blank\" rel=\"noreferrer noopener nofollow\">observer les chauves-souris autour du fort Kl\u00e9ber<\/a>, une <a href=\"https:\/\/www.sortiesnature.org\/evenement\/show\/1969\" target=\"_blank\" rel=\"noreferrer noopener nofollow\">exploration sonore sur la colline du Bastberg<\/a> \u00e0 Bouxwiller men\u00e9e par l\u2019association Les Piverts, ou encore une <a href=\"https:\/\/www.sortiesnature.org\/evenement\/show\/1762\" target=\"_blank\" rel=\"noreferrer noopener nofollow\">balade ornithologique au parc de l\u2019Orangerie<\/a> \u00e0 Strasbourg, accompagn\u00e9e par la LPO Alsace.<\/p>\n<p>Y <strong>aller<\/strong><\/p>\n<p><strong>Sorties avec Alsace Nature<\/strong>, l\u2019agenda des diff\u00e9rents \u00e9v\u00e8nements propos\u00e9s est disponible sur <a href=\"https:\/\/www.sortiesnature.org\/\" target=\"_blank\" rel=\"noreferrer noopener nofollow\">sortienature.org<\/a>. Certains \u00e9v\u00e8nements sont gratuits, d\u2019autres n\u00e9cessitent une petite participation.<\/p>\n<p>Le FARSe souffle ses dix bougies<\/p>\n<p>Dix ans que le FARSe transforme la ville en sc\u00e8ne \u00e0 ciel ouvert, dix \u00e9t\u00e9s \u00e0 faire tanguer le bitume sous les pieds des acrobates, des jongleurs, des clowns et des po\u00e8tes de passage. Pour cette \u00e9dition anniversaire, du 29 au 31 ao\u00fbt, le festival des arts de la rue d\u00e9ploiera une vingtaine de compagnies dans l\u2019espace public strasbourgeois.<\/p>\n<\/p>\n<p>Le Village du FARSe retrouvera cette ann\u00e9e la Manufacture des Tabacs, transform\u00e9e pour l\u2019occasion en point de ralliement entre le public et les artistes. On y viendra pour fl\u00e2ner, \u00e9changer, mais aussi pour mettre la main \u00e0 l\u2019encre lors d\u2019un atelier de s\u00e9rigraphie sur v\u00eatements. Pour ses dix ans, le festival inaugurera \u00e9galement des temps de rencontre en bord de sc\u00e8ne ou au village, histoire de prolonger les \u00e9changes une fois le spectacle termin\u00e9. En toile de fond, une exposition photo reviendra sur une d\u00e9cennie de moments suspendus, saisis par trois regards fid\u00e8les : ceux d\u2019Alban, Elyxandro et Abdesslam.<\/p>\n<p>Y <strong>aller<\/strong><\/p>\n<p><strong>Le FARSe<\/strong>, divers spectacles de rue accessibles gratuitement, les 29, 30 et 31 ao\u00fbt \u00e0 Strasbourg. Programmation \u00e0 retrouver <a href=\"https:\/\/ete.strasbourg.eu\/espace-ressources\" target=\"_blank\" rel=\"noreferrer noopener nofollow\">ici<\/a>.<\/p>\n","protected":false},"excerpt":{"rendered":"Le mois d\u2019ao\u00fbt sera marqu\u00e9 par le retour de plusieurs \u00e9v\u00e8nements culturels phares de l\u2019\u00e9t\u00e9 alsacien\u00a0:\u00a0Au gr\u00e8s du&hellip;\n","protected":false},"author":2,"featured_media":274669,"comment_status":"","ping_status":"","sticky":false,"template":"","format":"standard","meta":{"footnotes":""},"categories":[2820],"tags":[1111,11,650,251,1777,674,1011,27,775,873,12,25,640],"class_list":{"0":"post-274668","1":"post","2":"type-post","3":"status-publish","4":"format-standard","5":"has-post-thumbnail","7":"category-strasbourg","8":"tag-actu","9":"tag-actualites","10":"tag-cinema","11":"tag-culture","12":"tag-eu","13":"tag-europe","14":"tag-fr","15":"tag-france","16":"tag-grand-est","17":"tag-musique","18":"tag-news","19":"tag-republique-francaise","20":"tag-strasbourg"},"share_on_mastodon":{"url":"https:\/\/pubeurope.com\/@fr\/114918359656057032","error":""},"_links":{"self":[{"href":"https:\/\/www.europesays.com\/fr\/wp-json\/wp\/v2\/posts\/274668","targetHints":{"allow":["GET"]}}],"collection":[{"href":"https:\/\/www.europesays.com\/fr\/wp-json\/wp\/v2\/posts"}],"about":[{"href":"https:\/\/www.europesays.com\/fr\/wp-json\/wp\/v2\/types\/post"}],"author":[{"embeddable":true,"href":"https:\/\/www.europesays.com\/fr\/wp-json\/wp\/v2\/users\/2"}],"replies":[{"embeddable":true,"href":"https:\/\/www.europesays.com\/fr\/wp-json\/wp\/v2\/comments?post=274668"}],"version-history":[{"count":0,"href":"https:\/\/www.europesays.com\/fr\/wp-json\/wp\/v2\/posts\/274668\/revisions"}],"wp:featuredmedia":[{"embeddable":true,"href":"https:\/\/www.europesays.com\/fr\/wp-json\/wp\/v2\/media\/274669"}],"wp:attachment":[{"href":"https:\/\/www.europesays.com\/fr\/wp-json\/wp\/v2\/media?parent=274668"}],"wp:term":[{"taxonomy":"category","embeddable":true,"href":"https:\/\/www.europesays.com\/fr\/wp-json\/wp\/v2\/categories?post=274668"},{"taxonomy":"post_tag","embeddable":true,"href":"https:\/\/www.europesays.com\/fr\/wp-json\/wp\/v2\/tags?post=274668"}],"curies":[{"name":"wp","href":"https:\/\/api.w.org\/{rel}","templated":true}]}}