{"id":274670,"date":"2025-07-26T07:29:12","date_gmt":"2025-07-26T07:29:12","guid":{"rendered":"https:\/\/www.europesays.com\/fr\/274670\/"},"modified":"2025-07-26T07:29:12","modified_gmt":"2025-07-26T07:29:12","slug":"laffaire-de-la-brasserie-fermee-pour-hygiene-fait-jaser-a-cagnes-un-coup-monte-pour-un-projet-immobilier","status":"publish","type":"post","link":"https:\/\/www.europesays.com\/fr\/274670\/","title":{"rendered":"L\u2019affaire de La Brasserie ferm\u00e9e pour hygi\u00e8ne fait jaser \u00e0 Cagnes: un coup mont\u00e9 pour un projet immobilier?"},"content":{"rendered":"<p>\u00c0 Cagnes-sur-mer, tout le monde en parle. \u00c0 part peut-\u00eatre les rares consommateurs qui viennent encore prendre un caf\u00e9 sur la terrasse de La Brasserie, l\u2019\u00e9tablissement de la rue des Oliviers, dont <a href=\"https:\/\/www.nicematin.com\/faits-divers\/crottes-de-rat-cuisine-fermee-et-bataille-politique-autour-d-un-etablissement-ferme-pour-hygiene-a-cagnes-sur-mer-995617\" rel=\"nofollow noopener\" target=\"_blank\">la cuisine a \u00e9t\u00e9 ferm\u00e9e par arr\u00eat\u00e9 municipal<\/a>, apr\u00e8s un contr\u00f4le d\u2019hygi\u00e8ne, mardi 22 juillet.<\/p>\n<p>Coup mont\u00e9?<\/p>\n<p>Il y a d\u2019un c\u00f4t\u00e9, le camp de ceux qui sont persuad\u00e9s qu\u2019il s\u2019agit d\u2019un \u00ab\u00a0coup mont\u00e9 par la mairie\u00a0\u00bb&#8230; Et, en face, ceux qui ne voient rien de louche derri\u00e8re la fermeture impos\u00e9e de l\u2019activit\u00e9 restauration de cette brasserie cagnoise o\u00f9 12 points sur 12 ont \u00e9t\u00e9 jug\u00e9s non conformes aux r\u00e8gles d\u2019hygi\u00e8ne: crottes de souris, salet\u00e9 exceptionnelle, date limite de consommation inexistante, absence de tra\u00e7abilit\u00e9 de certaines denr\u00e9es, etc.<\/p>\n<p>La Brasserie ne pourra rouvrir sa cuisine que lorsque toutes les anomalies notifi\u00e9es par le service hygi\u00e8ne et sant\u00e9 de la Ville de Cagnes seront lev\u00e9es.<\/p>\n<p>\u00ab\u00a0Non\u00a0\u00bb assure la Ville, l\u2019\u00e9tablissement ne fait pas partie d\u2019un projet immobilier<\/p>\n<p>Depuis, les rumeurs les plus folles courent encore plus vite qu\u2019un pur-sang \u00e0 l\u2019hippodrome. L\u2019affaire est louche, jurent de nombreux Cagnois. Un point de vue aliment\u00e9 par des \u00e9lus ou ex-\u00e9lus, opposants \u00e0 Louis N\u00e8gre. \u00ab\u00a0Le compromis est sous couvert de faire un Kebab! Est-ce un moyen pour la Ville d\u2019emp\u00eacher cela plut\u00f4t que de pr\u00e9empter?\u00a0\u00bb, imagine, par exemple, sur ses r\u00e9seaux sociaux, Pierre Piacentini, candidat de l\u2019\u00c9cologie au centre aux municipales en 2026. Un dossier relatif \u00e0 un projet de vente, \u00ab\u00a0une d\u00e9claration d\u2019intention d\u2019ali\u00e9ner\u00a0\u00bb, est bien arriv\u00e9 en mairie, ce vendredi 25 juillet. Les services municipaux ont d\u00e9sormais deux mois pour l\u2019instruire.<\/p>\n<p>Le candidat Piacentini, ex-adjoint au maire en 2008, n\u2019a pas que cette hypoth\u00e8se dans sa besace \u00e9lectorale. \u00ab\u00a0Vous avez le projet des villas fleuries qui bat de l\u2019aile, est-ce aussi un moyen de reprendre cet espace immobilier pour construire?\u00a0\u00bb, gamberge-t-il encore sur sa page Facebook.<\/p>\n<p>Il s\u2019agit de ce complexe immobilier port\u00e9 par Erilia qui fait couler beaucoup d\u2019encre&#8230; et enrager de nombreux Cagnois: ces maisons modernes qui doivent sortir de terre en face des habitations class\u00e9es des villas fleuries.<\/p>\n<p>Mais \u00ab\u00a0non\u00a0\u00bb, promet la Ville. \u00ab\u00a0La Brasserie ne fait pas partie de ce projet immobilier\u00a0\u00bb. La confusion vient peut-\u00eatre du fait qu\u2019Erilia a achet\u00e9 un appartement qui se situe au-dessus de La Brasserie dans le but de le r\u00e9nover.<\/p>\n","protected":false},"excerpt":{"rendered":"\u00c0 Cagnes-sur-mer, tout le monde en parle. \u00c0 part peut-\u00eatre les rares consommateurs qui viennent encore prendre un&hellip;\n","protected":false},"author":2,"featured_media":274671,"comment_status":"","ping_status":"","sticky":false,"template":"","format":"standard","meta":{"footnotes":""},"categories":[2819],"tags":[1111,11,1777,674,1011,27,12,2401,882,25,3366],"class_list":{"0":"post-274670","1":"post","2":"type-post","3":"status-publish","4":"format-standard","5":"has-post-thumbnail","7":"category-nice","8":"tag-actu","9":"tag-actualites","10":"tag-eu","11":"tag-europe","12":"tag-fr","13":"tag-france","14":"tag-news","15":"tag-nice","16":"tag-provence-alpes-cote-dazur","17":"tag-republique-francaise","18":"tag-vie-locale"},"share_on_mastodon":{"url":"https:\/\/pubeurope.com\/@fr\/114918363260599486","error":""},"_links":{"self":[{"href":"https:\/\/www.europesays.com\/fr\/wp-json\/wp\/v2\/posts\/274670","targetHints":{"allow":["GET"]}}],"collection":[{"href":"https:\/\/www.europesays.com\/fr\/wp-json\/wp\/v2\/posts"}],"about":[{"href":"https:\/\/www.europesays.com\/fr\/wp-json\/wp\/v2\/types\/post"}],"author":[{"embeddable":true,"href":"https:\/\/www.europesays.com\/fr\/wp-json\/wp\/v2\/users\/2"}],"replies":[{"embeddable":true,"href":"https:\/\/www.europesays.com\/fr\/wp-json\/wp\/v2\/comments?post=274670"}],"version-history":[{"count":0,"href":"https:\/\/www.europesays.com\/fr\/wp-json\/wp\/v2\/posts\/274670\/revisions"}],"wp:featuredmedia":[{"embeddable":true,"href":"https:\/\/www.europesays.com\/fr\/wp-json\/wp\/v2\/media\/274671"}],"wp:attachment":[{"href":"https:\/\/www.europesays.com\/fr\/wp-json\/wp\/v2\/media?parent=274670"}],"wp:term":[{"taxonomy":"category","embeddable":true,"href":"https:\/\/www.europesays.com\/fr\/wp-json\/wp\/v2\/categories?post=274670"},{"taxonomy":"post_tag","embeddable":true,"href":"https:\/\/www.europesays.com\/fr\/wp-json\/wp\/v2\/tags?post=274670"}],"curies":[{"name":"wp","href":"https:\/\/api.w.org\/{rel}","templated":true}]}}