{"id":274680,"date":"2025-07-26T07:34:10","date_gmt":"2025-07-26T07:34:10","guid":{"rendered":"https:\/\/www.europesays.com\/fr\/274680\/"},"modified":"2025-07-26T07:34:10","modified_gmt":"2025-07-26T07:34:10","slug":"plusieurs-generateurs-chimiques-doxygene-prennent-feu-dans-une-entreprise-pres-de-bordeaux","status":"publish","type":"post","link":"https:\/\/www.europesays.com\/fr\/274680\/","title":{"rendered":"Plusieurs g\u00e9n\u00e9rateurs chimiques d&rsquo;oxyg\u00e8ne prennent feu dans une entreprise pr\u00e8s de Bordeaux"},"content":{"rendered":"<p>            Par<br \/>\n        <strong><br \/>\n            <a href=\"https:\/\/actu.fr\/auteur\/redaction-bordeaux\" title=\"Consulter tous les articles de R\u00e9daction Bordeaux\" rel=\"nofollow noopener\" target=\"_blank\">R\u00e9daction Bordeaux<\/a><br \/>\n        <\/strong><\/p>\n<p>        Publi\u00e9 le<\/p>\n<p>            26 juil. 2025 \u00e0 9h28        <\/p>\n<p>Les <strong>pompiers<\/strong> de la Gironde sont intervenus dans une <a href=\"https:\/\/actu.fr\/nouvelle-aquitaine\/eysines_33162\" rel=\"nofollow noopener\" target=\"_blank\">entreprise d\u2019Eysines,<\/a> pr\u00e8s de Bordeaux, vendredi 25 juillet 2025.\u00a0<\/p>\n<p class=\" wall-content\">Aux alentours de 9 heures du matin, <a href=\"https:\/\/actu.fr\/tag\/incendie\" rel=\"nofollow noopener\" target=\"_blank\">l\u2019incendie<\/a> s\u2019est d\u00e9clar\u00e9 dans les ateliers Bigata. Plusieurs g\u00e9n\u00e9rateurs chimiques d\u2019oxyg\u00e8ne ont pris feu.<\/p>\n<p class=\" wall-content\">Gr\u00e2ce \u00e0 l\u2019intervention <a href=\"https:\/\/actu.fr\/tag\/pompiers\" rel=\"nofollow noopener\" target=\"_blank\">des pompiers,<\/a> les flammes ont pu \u00eatre ma\u00eetris\u00e9es. Aucun bless\u00e9 n\u2019est \u00e0 d\u00e9plorer. La <strong>vingtaine d\u2019employ\u00e9s<\/strong> pr\u00e9sents sur les lieux a \u00e9t\u00e9 \u00e9vacu\u00e9e. Ils ont pu r\u00e9int\u00e9grer les ateliers dans la journ\u00e9e.\u00a0<\/p>\n<p class=\" wall-content\">Suivez toute l\u2019actualit\u00e9 de vos villes et m\u00e9dias favoris en vous inscrivant \u00e0 <a href=\"https:\/\/moncompte.actu.fr\" title=\"D\u00e9couvez Mon Actu\" rel=\"nofollow noopener\" data-trk=\"{&quot;cta&quot;:{&quot;action&quot;:&quot;https:\\\/\\\/moncompte.actu.fr&quot;,&quot;category&quot;:&quot;mon compte&quot;,&quot;from&quot;:&quot;article footer&quot;,&quot;name&quot;:&quot;Mon actu&quot;,&quot;type&quot;:&quot;cta&quot;}}\" target=\"_blank\">Mon Actu<\/a>.<\/p>\n","protected":false},"excerpt":{"rendered":"Par R\u00e9daction Bordeaux Publi\u00e9 le 26 juil. 2025 \u00e0 9h28 Les pompiers de la Gironde sont intervenus dans&hellip;\n","protected":false},"author":2,"featured_media":274681,"comment_status":"","ping_status":"","sticky":false,"template":"","format":"standard","meta":{"footnotes":""},"categories":[2817],"tags":[1111,11,1997,1777,674,118,1011,27,1310,12,2219,1311,25],"class_list":{"0":"post-274680","1":"post","2":"type-post","3":"status-publish","4":"format-standard","5":"has-post-thumbnail","7":"category-bordeaux","8":"tag-actu","9":"tag-actualites","10":"tag-bordeaux","11":"tag-eu","12":"tag-europe","13":"tag-faits-divers","14":"tag-fr","15":"tag-france","16":"tag-incendie","17":"tag-news","18":"tag-nouvelle-aquitaine","19":"tag-pompiers","20":"tag-republique-francaise"},"share_on_mastodon":{"url":"https:\/\/pubeurope.com\/@fr\/114918382901929823","error":""},"_links":{"self":[{"href":"https:\/\/www.europesays.com\/fr\/wp-json\/wp\/v2\/posts\/274680","targetHints":{"allow":["GET"]}}],"collection":[{"href":"https:\/\/www.europesays.com\/fr\/wp-json\/wp\/v2\/posts"}],"about":[{"href":"https:\/\/www.europesays.com\/fr\/wp-json\/wp\/v2\/types\/post"}],"author":[{"embeddable":true,"href":"https:\/\/www.europesays.com\/fr\/wp-json\/wp\/v2\/users\/2"}],"replies":[{"embeddable":true,"href":"https:\/\/www.europesays.com\/fr\/wp-json\/wp\/v2\/comments?post=274680"}],"version-history":[{"count":0,"href":"https:\/\/www.europesays.com\/fr\/wp-json\/wp\/v2\/posts\/274680\/revisions"}],"wp:featuredmedia":[{"embeddable":true,"href":"https:\/\/www.europesays.com\/fr\/wp-json\/wp\/v2\/media\/274681"}],"wp:attachment":[{"href":"https:\/\/www.europesays.com\/fr\/wp-json\/wp\/v2\/media?parent=274680"}],"wp:term":[{"taxonomy":"category","embeddable":true,"href":"https:\/\/www.europesays.com\/fr\/wp-json\/wp\/v2\/categories?post=274680"},{"taxonomy":"post_tag","embeddable":true,"href":"https:\/\/www.europesays.com\/fr\/wp-json\/wp\/v2\/tags?post=274680"}],"curies":[{"name":"wp","href":"https:\/\/api.w.org\/{rel}","templated":true}]}}