{"id":274688,"date":"2025-07-26T07:39:12","date_gmt":"2025-07-26T07:39:12","guid":{"rendered":"https:\/\/www.europesays.com\/fr\/274688\/"},"modified":"2025-07-26T07:39:12","modified_gmt":"2025-07-26T07:39:12","slug":"immobilier-marseille-la-meilleure-ville-de-france-pour-investir-sur-le-littoral","status":"publish","type":"post","link":"https:\/\/www.europesays.com\/fr\/274688\/","title":{"rendered":"Immobilier. Marseille, la meilleure ville de France pour investir sur le littoral"},"content":{"rendered":"<p>            Par<br \/>\n        <strong><br \/>\n            <a href=\"https:\/\/actu.fr\/auteur\/thomas-blanc\" title=\"Consulter tous les articles de Thomas Blanc\" rel=\"nofollow noopener\" target=\"_blank\">Thomas Blanc<\/a><br \/>\n        <\/strong><\/p>\n<p>        Publi\u00e9 le<\/p>\n<p>            26 juil. 2025 \u00e0 6h06        <\/p>\n<p>Seuls <strong>12\u2009%<\/strong> des Fran\u00e7ais ont la chance d\u2019habiter sur le littoral, pourtant presque tous ont cette attirance pour la <a href=\"https:\/\/actu.fr\/tag\/mer\" rel=\"nofollow noopener\" target=\"_blank\">mer<\/a> ou l\u2019oc\u00e9an. C\u2019est s\u00fbrement cette raison qui a pouss\u00e9 l\u2019observatoire des agences immobili\u00e8res Guy Hocquet \u00e0 r\u00e9aliser une \u00e9tude sur les villes <strong>o\u00f9 acheter<\/strong> un bien <a href=\"https:\/\/actu.fr\/tag\/immobilier\" rel=\"nofollow noopener\" target=\"_blank\">immobilier<\/a> en bord de mer \u00e0 l\u2019\u00e9chelle du pays.<\/p>\n<p class=\" wall-content\">Un autre r\u00e9cent classement r\u00e9v\u00e9lait que <a href=\"https:\/\/actu.fr\/marseille\/\" rel=\"nofollow noopener\" target=\"_blank\">Marseille<\/a> \u00e9tait <a href=\"https:\/\/actu.fr\/provence-alpes-cote-d-azur\/marseille_13055\/marseille-un-classement-revele-s-il-faut-y-acheter-sa-residence-secondaire_62889625.html\" rel=\"nofollow noopener\" target=\"_blank\">la meilleure ville de la r\u00e9gion Provence-Alpes-C\u00f4te d\u2019Azur pour acheter sa r\u00e9sidence secondaire<\/a>. La cit\u00e9 phoc\u00e9enne se classe de nouveau tr\u00e8s bien dans l\u2019\u00e9tude Guy Hocquet.<\/p>\n<p>\u00ab\u2009Un march\u00e9 dynamique et s\u00e9curis\u00e9\u2009\u00bb<\/p>\n<p class=\" wall-content\">C\u2019est en se basant sur <a href=\"https:\/\/actu.fr\/tag\/immobilier\" rel=\"nofollow noopener\" target=\"_blank\">trois crit\u00e8res<\/a>, le volume d\u2019offre, le prix\/m2 et le rendement locatif que l\u2019observatoire Guy Hocquet attribue une note sur 100 aux villes \u00e9tudi\u00e9es.<\/p>\n<p class=\" wall-content\">C\u2019est bel et bien la capitale de la r\u00e9gion Paca qui est d\u00e9sign\u00e9e comme la meilleure ville c\u00f4ti\u00e8re o\u00f9 investir avec un score de <a href=\"https:\/\/actu.fr\/tag\/immobilier\" rel=\"nofollow noopener\" target=\"_blank\">81\/100<\/a>. D\u2019apr\u00e8s l\u2019observatoire, \u00ab\u2009Marseille offre un march\u00e9 dynamique et s\u00e9curis\u00e9.\u2009\u00bb<\/p>\n<p class=\" wall-content\">Et cela se justifie en chiffre, la ville jouit d\u2019un <strong>nombre de biens disponibles \u00e9lev\u00e9<\/strong>\u2009: 19\u2009109. La deuxi\u00e8me ville de ce classement sur ce crit\u00e8re est <a href=\"https:\/\/actu.fr\/nice\/\" rel=\"nofollow noopener\" target=\"_blank\">Nice<\/a> avec 10\u2009000 biens sur le march\u00e9 et la troisi\u00e8me est aussi une ville du sud, <a href=\"https:\/\/actu.fr\/provence-alpes-cote-d-azur\/cannes_06029\" rel=\"nofollow noopener\" target=\"_blank\">Cannes<\/a> avec 5\u2009000 biens. Marseille les surclasse donc largement.<\/p>\n<p>De nombreuses villes de Paca dans le top\u00a025<\/p>\n<p class=\" wall-content\">Le relativement <strong>faible prix\/m\u00b2<\/strong> (4\u2009225 \u20ac) est aussi un argument faisant grimper la note de Marseille. \u00c9galement, une plus mauvaise nouvelle pour les locataires en recherche de logement mais une bonne pour les investisseurs\u2009: \u00ab\u2009une hausse soutenue des loyers\/m\u00b2 (+5,5\u2009%)\u2009\u00bb accompagn\u00e9e \u00ab\u2009d\u2019<strong>une rentabilit\u00e9 stable<\/strong> (4,84\u2009%)\u2009\u00bb font \u00e9galement le succ\u00e8s de la ville compar\u00e9 aux autres villes c\u00f4ti\u00e8res de France.<\/p>\n<p class=\" wall-content\">Le top\u00a03 se compose, de la ville de <a href=\"https:\/\/actu.fr\/perpignan\/\" rel=\"nofollow noopener\" target=\"_blank\">Perpignan<\/a> que le prix moyen au m\u00b2 de 2\u2009204\u00a0euros a propuls\u00e9 en haut du classement. Elle fait partie du \u00ab\u2009<strong>march\u00e9 \u00e9mergent<\/strong>\u2009\u00bb o\u00f9 \u00ab\u2009il faut acheter avant qu\u2019il ne soit trop tard\u2009\u00bb d\u2019apr\u00e8s les autres de l\u2019\u00e9tude.<\/p>\n<p class=\" wall-content\">Et sur la troisi\u00e8me marche du podium, <a href=\"https:\/\/actu.fr\/hauts-de-france\/calais_62193\" rel=\"nofollow noopener\" target=\"_blank\">Calais<\/a> dont la rentabilit\u00e9 la plus \u00e9lev\u00e9e du classement repr\u00e9sente un fort atout.<\/p>\n<p class=\" wall-content\"><a href=\"https:\/\/actu.fr\/provence-alpes-cote-d-azur\/toulon_83137\" rel=\"nofollow noopener\" target=\"_blank\">Toulon<\/a>, Nice, La Seyne-sur-Mer, Fr\u00e9jus, Cagnes-sur-Mer, Hy\u00e8res, Cannes et Antibes sont les villes pr\u00e8s de Marseille, du <a href=\"https:\/\/actu.fr\/var\/\" rel=\"nofollow noopener\" target=\"_blank\">Var<\/a> et des <a href=\"https:\/\/actu.fr\/provence-alpes-cote-d-azur\/alpes-maritimes_06\" rel=\"nofollow noopener\" target=\"_blank\">Alpes-Maritimes<\/a>, dans le <strong>top\u00a025<\/strong>.<\/p>\n<p class=\" wall-content\">Suivez toute l\u2019actualit\u00e9 de vos villes et m\u00e9dias favoris en vous inscrivant \u00e0 <a href=\"https:\/\/moncompte.actu.fr\" title=\"D\u00e9couvez Mon Actu\" rel=\"nofollow noopener\" data-trk=\"{&quot;cta&quot;:{&quot;action&quot;:&quot;https:\\\/\\\/moncompte.actu.fr&quot;,&quot;category&quot;:&quot;mon compte&quot;,&quot;from&quot;:&quot;article footer&quot;,&quot;name&quot;:&quot;Mon actu&quot;,&quot;type&quot;:&quot;cta&quot;}}\" target=\"_blank\">Mon Actu<\/a>.<\/p>\n","protected":false},"excerpt":{"rendered":"Par Thomas Blanc Publi\u00e9 le 26 juil. 2025 \u00e0 6h06 Seuls 12\u2009% des Fran\u00e7ais ont la chance d\u2019habiter&hellip;\n","protected":false},"author":2,"featured_media":274689,"comment_status":"","ping_status":"","sticky":false,"template":"","format":"standard","meta":{"footnotes":""},"categories":[2814],"tags":[1111,11,33,1777,674,1011,27,1116,884,6127,12,882,25],"class_list":{"0":"post-274688","1":"post","2":"type-post","3":"status-publish","4":"format-standard","5":"has-post-thumbnail","7":"category-marseille","8":"tag-actu","9":"tag-actualites","10":"tag-economie","11":"tag-eu","12":"tag-europe","13":"tag-fr","14":"tag-france","15":"tag-immobilier","16":"tag-marseille","17":"tag-mer","18":"tag-news","19":"tag-provence-alpes-cote-dazur","20":"tag-republique-francaise"},"share_on_mastodon":{"url":"https:\/\/pubeurope.com\/@fr\/114918402499408094","error":""},"_links":{"self":[{"href":"https:\/\/www.europesays.com\/fr\/wp-json\/wp\/v2\/posts\/274688","targetHints":{"allow":["GET"]}}],"collection":[{"href":"https:\/\/www.europesays.com\/fr\/wp-json\/wp\/v2\/posts"}],"about":[{"href":"https:\/\/www.europesays.com\/fr\/wp-json\/wp\/v2\/types\/post"}],"author":[{"embeddable":true,"href":"https:\/\/www.europesays.com\/fr\/wp-json\/wp\/v2\/users\/2"}],"replies":[{"embeddable":true,"href":"https:\/\/www.europesays.com\/fr\/wp-json\/wp\/v2\/comments?post=274688"}],"version-history":[{"count":0,"href":"https:\/\/www.europesays.com\/fr\/wp-json\/wp\/v2\/posts\/274688\/revisions"}],"wp:featuredmedia":[{"embeddable":true,"href":"https:\/\/www.europesays.com\/fr\/wp-json\/wp\/v2\/media\/274689"}],"wp:attachment":[{"href":"https:\/\/www.europesays.com\/fr\/wp-json\/wp\/v2\/media?parent=274688"}],"wp:term":[{"taxonomy":"category","embeddable":true,"href":"https:\/\/www.europesays.com\/fr\/wp-json\/wp\/v2\/categories?post=274688"},{"taxonomy":"post_tag","embeddable":true,"href":"https:\/\/www.europesays.com\/fr\/wp-json\/wp\/v2\/tags?post=274688"}],"curies":[{"name":"wp","href":"https:\/\/api.w.org\/{rel}","templated":true}]}}