{"id":274700,"date":"2025-07-26T07:46:11","date_gmt":"2025-07-26T07:46:11","guid":{"rendered":"https:\/\/www.europesays.com\/fr\/274700\/"},"modified":"2025-07-26T07:46:11","modified_gmt":"2025-07-26T07:46:11","slug":"parade-retour-des-anneaux-olympiques-concert-gratuit-le-programme-de-lanniversaire-des-jo-ce-samedi","status":"publish","type":"post","link":"https:\/\/www.europesays.com\/fr\/274700\/","title":{"rendered":"parade, retour des anneaux olympiques, concert gratuit\u2026 le programme de l&rsquo;anniversaire des JO ce samedi"},"content":{"rendered":"<p class=\"mb-4 text-lg md:leading-8 break-words\">Le 26 juillet 2024, le monde avait les yeux riv\u00e9s sur les quais de Seine, \u00e0 l\u2019occasion de <a href=\"https:\/\/rmcsport.bfmtv.com\/jeux-olympiques\/la-ceremonie-d-ouverture-des-jo-2024-de-paris_DN-202312220436.html\" rel=\"nofollow noopener\" target=\"_blank\" data-ylk=\"slk:la c\u00e9r\u00e9monie d\u2019ouverture des Jeux olympiques 2024 de Paris;elm:context_link;itc:0;sec:content-canvas\" class=\"link \">la c\u00e9r\u00e9monie d\u2019ouverture des Jeux olympiques 2024 de Paris<\/a>. Date historique pour la France. Cent ans que le pays n\u2019avait pas accueilli les Jeux d\u2019\u00e9t\u00e9. Une ann\u00e9e plus tard, le souvenir est marqu\u00e9 comme un moment unique dans la vie des Fran\u00e7ais. R\u00e9ussite constat\u00e9e, et avou\u00e9e. La vie continue certes, mais un premier anniversaire \u00e7a se f\u00eate! Alors la mairie de Paris a mis en place &#8211; en lien avec le Comit\u00e9 national olympique et sportif fran\u00e7ais (CNOSF) et le Comit\u00e9 international olympique (CIO) &#8211; de nombreuses c\u00e9l\u00e9brations dans la capitale et ses environs. De quoi se replonger dans la nostalgie des Jeux, f\u00e9liciter une nouvelle fois les champions, et inaugurer de nouvelles places fortes en lien avec <a href=\"https:\/\/fr.news.yahoo.com\/sport\/regrette-chemin-quon-prend-d%C3%A9sillusion-064846680.html\" data-ylk=\"slk:Paris 2024;elm:context_link;itc:0;sec:content-canvas;outcm:mb_qualified_link;_E:mb_qualified_link;ct:story;\" class=\"link  yahoo-link\" rel=\"nofollow noopener\" target=\"_blank\">Paris 2024<\/a>.<\/p>\n<p class=\"mb-4 text-lg md:leading-8 break-words\">Le programme de ce samedi :<\/p>\n<ul class=\"mb-4\">\n<li class=\"ml-4 list-disc\">\n<p class=\"mb-4 text-lg md:leading-8 break-words\"><b>D\u00e8s 8h30: parade sur la Seine <\/b>r\u00e9unissant plus de 100 embarcations (kayaks, cano\u00ebs, paddles et dragon boat).<\/p>\n<\/li>\n<li class=\"ml-4 list-disc\">\n<p class=\"mb-4 text-lg md:leading-8 break-words\"><b>9h:<\/b> <b>pr\u00e9sentation du futur monument des champions au Bras Marie (Paris centre).<\/b> Cet \u00e9difice voulu par Anne Hidalgo et son adjoint aux sports Pierre Rabadan va rendre hommage aux sportifs qui ont brill\u00e9s lors des Jeux. Le nom de plus de 4 000 m\u00e9daill\u00e9s dont les 168 m\u00e9daill\u00e9s olympiques fran\u00e7ais figurera sur ce monument artistique.<\/p>\n<\/li>\n<li class=\"ml-4 list-disc\">\n<p class=\"mb-4 text-lg md:leading-8 break-words\"><b>10h30:<\/b> <b>Inauguration des \u00ab\u00a010 Femmes illustres\u00a0\u00bb, rue de la Chapelle dans le 18e arrondissement.<\/b> Un ensemble de 10 statues de femmes qui ont marqu\u00e9 l\u2019histoire de France, et r\u00e9v\u00e9l\u00e9es lors de la c\u00e9r\u00e9monie d\u2019ouverture des Jeux olympiques.<\/p>\n<\/li>\n<li class=\"ml-4 list-disc\">\n<p class=\"mb-4 text-lg md:leading-8 break-words\"><b>12h10-14h30: temps de c\u00e9l\u00e9bration du premier anniversaire des Jeux au Grand Palais (8e arrondissement).<\/b> Moment de prise de paroles de plusieurs officiels dont Kirsty Coventry (pr\u00e9sidente du CIO) ; de Maris Barsacq (ministre des Sports) ; d\u2019Am\u00e9lie Oud\u00e9a-Cast\u00e9ra (pr\u00e9sidente du CNOSF) ; et de Tony Estanguet (pr\u00e9sident de Paris 2024). Des athl\u00e8tes m\u00e9daill\u00e9s, 34 repr\u00e9sentants des f\u00e9d\u00e9rations olympiques et paralympiques, ainsi que des volontaires des Jeux de Paris 2024 et du Club France sont convi\u00e9s<\/p>\n<\/li>\n<li class=\"ml-4 list-disc\">\n<p class=\"mb-4 text-lg md:leading-8 break-words\"><b>A partir de 16h30: festivit\u00e9s au parc Georges Valbon (la Courneuve, Seine-Saint-Denis).<\/b> En remerciement de l\u2019engagement du d\u00e9partement pour organiser les Jeux de Paris, les anneaux olympiques feront leur apparition sur le territoire. Ils seront d\u00e9voil\u00e9s en fin de journ\u00e9e. Une d\u00e9monstration de skateboard, un concert gratuit du rappeur Tiakola et un feu d\u2019artifice sont \u00e9galement pr\u00e9vus.<\/p>\n<\/li>\n<li class=\"ml-4 list-disc\">\n<p class=\"mb-4 text-lg md:leading-8 break-words\"><b>22h: lev\u00e9e de la vasque olympique au jardin des Tuileries (1er arrondissement).<\/b> Symbole majeur des Jeux de Paris, cette vasque s\u2019\u00e9l\u00e8vera tous les soirs dans le ciel de la ville lumi\u00e8re jusqu\u2019au 14 septembre prochain.<\/p>\n<\/li>\n<\/ul>\n<p class=\"mb-4 text-lg md:leading-8 break-words\">Et comme Paris 2024 ce n\u2019\u00e9tait pas que les Jeux olympiques, les c\u00e9l\u00e9brations se poursuivront aussi le 28 ao\u00fbt, pour le premier anniversaire des Jeux paralympiques. Le programme sera d\u00e9voil\u00e9 dans les prochaines semaines.<\/p>\n<p class=\"mb-4 text-lg md:leading-8 break-words\"><a href=\"https:\/\/rmcsport.bfmtv.com\/jeux-olympiques\/paris-2024-parade-retour-des-anneaux-olympiques-concert-gratuit-le-programme-de-l-anniversaire-des-jo-ce-samedi_AV-202507260115.html#xtor=AL-68\" rel=\"nofollow noopener\" target=\"_blank\" data-ylk=\"slk:Article original publi\u00e9 sur RMC Sport;elm:context_link;itc:0;sec:content-canvas\" class=\"link \">Article original publi\u00e9 sur RMC Sport<\/a><\/p>\n","protected":false},"excerpt":{"rendered":"Le 26 juillet 2024, le monde avait les yeux riv\u00e9s sur les quais de Seine, \u00e0 l\u2019occasion de&hellip;\n","protected":false},"author":2,"featured_media":274701,"comment_status":"","ping_status":"","sticky":false,"template":"","format":"standard","meta":{"footnotes":""},"categories":[1888],"tags":[1111,1928,11,1927,14332,41418,1777,674,1011,27,41419,2381,12,1926,626,1925,21404,25,39709],"class_list":{"0":"post-274700","1":"post","2":"type-post","3":"status-publish","4":"format-standard","5":"has-post-thumbnail","7":"category-paris","8":"tag-actu","9":"tag-actu-paris","10":"tag-actualites","11":"tag-actualites-paris","12":"tag-ceremonie-douverture","13":"tag-comite-international-olympique","14":"tag-eu","15":"tag-europe","16":"tag-fr","17":"tag-france","18":"tag-jeux-de-paris","19":"tag-mairie-de-paris","20":"tag-news","21":"tag-news-paris","22":"tag-paris","23":"tag-paris-news","24":"tag-premier-anniversaire","25":"tag-republique-francaise","26":"tag-rue-de-la-chapelle"},"share_on_mastodon":{"url":"https:\/\/pubeurope.com\/@fr\/114918430175442036","error":""},"_links":{"self":[{"href":"https:\/\/www.europesays.com\/fr\/wp-json\/wp\/v2\/posts\/274700","targetHints":{"allow":["GET"]}}],"collection":[{"href":"https:\/\/www.europesays.com\/fr\/wp-json\/wp\/v2\/posts"}],"about":[{"href":"https:\/\/www.europesays.com\/fr\/wp-json\/wp\/v2\/types\/post"}],"author":[{"embeddable":true,"href":"https:\/\/www.europesays.com\/fr\/wp-json\/wp\/v2\/users\/2"}],"replies":[{"embeddable":true,"href":"https:\/\/www.europesays.com\/fr\/wp-json\/wp\/v2\/comments?post=274700"}],"version-history":[{"count":0,"href":"https:\/\/www.europesays.com\/fr\/wp-json\/wp\/v2\/posts\/274700\/revisions"}],"wp:featuredmedia":[{"embeddable":true,"href":"https:\/\/www.europesays.com\/fr\/wp-json\/wp\/v2\/media\/274701"}],"wp:attachment":[{"href":"https:\/\/www.europesays.com\/fr\/wp-json\/wp\/v2\/media?parent=274700"}],"wp:term":[{"taxonomy":"category","embeddable":true,"href":"https:\/\/www.europesays.com\/fr\/wp-json\/wp\/v2\/categories?post=274700"},{"taxonomy":"post_tag","embeddable":true,"href":"https:\/\/www.europesays.com\/fr\/wp-json\/wp\/v2\/tags?post=274700"}],"curies":[{"name":"wp","href":"https:\/\/api.w.org\/{rel}","templated":true}]}}