{"id":274706,"date":"2025-07-26T07:49:11","date_gmt":"2025-07-26T07:49:11","guid":{"rendered":"https:\/\/www.europesays.com\/fr\/274706\/"},"modified":"2025-07-26T07:49:11","modified_gmt":"2025-07-26T07:49:11","slug":"des-frappes-nocturnes-en-russie-et-en-ukraine-tuent-au-moins-trois-personnes-rts-ch","status":"publish","type":"post","link":"https:\/\/www.europesays.com\/fr\/274706\/","title":{"rendered":"Des frappes nocturnes en Russie et en Ukraine tuent au moins trois personnes &#8211; rts.ch"},"content":{"rendered":"<p>Deux personnes sont mortes dans la nuit de vendredi \u00e0 samedi dans une attaque de drone dans la r\u00e9gion de Rostov, dans l&rsquo;ouest de la Russie. En Ukraine, une frappe russe a fait un mort \u00e0 Dnipro, dans l&rsquo;est du pays.<\/p>\n<p>\u00ab\u00a0Dans le district de Zimovnikovski [&#8230;] une voiture a pris feu \u00e0 la suite d&rsquo;une attaque de drone. Deux personnes sont mortes\u00a0\u00bb, a annonc\u00e9 sur le r\u00e9seau social Telegram le gouverneur de la r\u00e9gion russe de Rostov (ouest), Iouri Sliousar.<\/p>\n<p>Selon le minist\u00e8re de la D\u00e9fense, les syst\u00e8mes de d\u00e9fense anti-a\u00e9riens ont d\u00e9truit et intercept\u00e9 54 drones, dont 24 dans la r\u00e9gion de Bryansk, frontali\u00e8re de l&rsquo;Ukraine, dans la nuit de vendredi \u00e0 samedi.<\/p>\n<p>En Ukraine, le maire de Dnipro (est) Borys Filatov a annonc\u00e9 sur Telegram la mort d&rsquo;une personne dans \u00ab\u00a0un gratte-ciel haut de gamme\u00a0\u00bb. Il a d\u00e9plor\u00e9 le \u00ab\u00a0manque d&rsquo;abris\u00a0\u00bb tout en appelant la population \u00e0 ne pas \u00ab\u00a0rester dans les \u00e9tages \u00e9lev\u00e9s\u00a0\u00bb pendant les bombardements. Le gouverneur de la r\u00e9gion de Kharkiv, dans le nord-est, a quant \u00e0 lui fait \u00e9tat de trois bless\u00e9s dans des bombardements \u00e0 Zmiiv (est).<\/p>\n<p>Attaque de trois heures<\/p>\n<p>Un peu plus t\u00f4t, le maire de Kharkiv Igor Terekhov avait indiqu\u00e9 sur Telegram que sa ville \u00e9tait \u00ab\u00a0la cible d&rsquo;une attaque combin\u00e9e depuis pr\u00e8s de trois heures\u00a0\u00bb. \u00ab\u00a0L&rsquo;ennemi s&rsquo;est servi de plusieurs types d&rsquo;armes simultan\u00e9ment, des bombes guid\u00e9es, des missiles balistiques et des drones suicides\u00a0\u00bb, a-t-il ajout\u00e9.<\/p>\n<p> <img decoding=\"async\" src=\"https:\/\/www.europesays.com\/fr\/wp-content\/uploads\/2025\/07\/au6weq-28953044.image\" alt=\"La ville de Kharkiv, situ\u00e9e au nord-est de l'Ukraine, a \u00e9t\u00e9 attaqu\u00e9e par des drones, des missiles et des bombes russes le 25 juillet 2025. [NurPhoto via AFP - FRANCISCO RICHART BARBEIRA]\" title=\"La ville de Kharkiv, situ\u00e9e au nord-est de l'Ukraine, a \u00e9t\u00e9 attaqu\u00e9e par des drones, des missiles et des bombes russes le 25 juillet 2025. [NurPhoto via AFP - FRANCISCO RICHART BARBEIRA]\" loading=\"lazy\"\/>  La ville de Kharkiv, situ\u00e9e au nord-est de l&rsquo;Ukraine, a \u00e9t\u00e9 attaqu\u00e9e par des drones, des missiles et des bombes russes le 25 juillet 2025. [NurPhoto via AFP &#8211; FRANCISCO RICHART BARBEIRA] <\/p>\n<p>A Zaporijjia (sud), plusieurs incendies ont \u00e9t\u00e9 constat\u00e9s dans la r\u00e9gion \u00e0 la suite d&rsquo;attaques russes. L&rsquo;une de ces frappes a touch\u00e9 un immeuble r\u00e9sidentiel, sans faire de victimes, selon les premi\u00e8res informations, a pour sa part indiqu\u00e9 son gouverneur Ivan Fedorov.<\/p>\n<p>D\u00e9but de discussions<\/p>\n<p>Le pr\u00e9sident ukrainien Volodymyr Zelensky a assur\u00e9 vendredi que des discussions avec Moscou sur une rencontre avec son homologue russe Vladimir Poutine avaient \u00ab\u00a0commenc\u00e9\u00a0\u00bb. Le Kremlin a cependant jug\u00e9 qu&rsquo;un tel entretien \u00e9tait \u00ab\u00a0peu probable\u00a0\u00bb dans les 30 prochains jours.<\/p>\n<p><strong class=\"inline-title\">&gt;&gt; Lire aussi\u00a0: <\/strong><a href=\"https:\/\/www.rts.ch\/info\/monde\/2025\/article\/negociations-russie-ukraine-a-istanbul-espoirs-limites-de-paix-28950738.html\" data-item-id=\"richtext_link\" rel=\"nofollow noopener\" target=\"_blank\">Russes et Ukrainiens se retrouvent \u00e0 Istanbul pour une nouvelle session de n\u00e9gociations<\/a><\/p>\n<p>Les rencontres entre les deux parties, aux demandes radicalement diff\u00e9rentes, donnent jusqu&rsquo;\u00e0 pr\u00e9sent peu de r\u00e9sultats. Moscou r\u00e9clame que Kiev lui c\u00e8de quatre r\u00e9gions aujourd&rsquo;hui partiellement occup\u00e9es, en plus de la Crim\u00e9e annex\u00e9e en 2014, et que l&rsquo;Ukraine renonce formellement \u00e0 rejoindre l&rsquo;Otan.<\/p>\n<p>Des conditions inacceptables pour l&rsquo;Ukraine qui exige le retrait complet des troupes russes de son territoire et des garanties de s\u00e9curit\u00e9 occidentales, dont la poursuite des livraisons d&rsquo;armes et le d\u00e9ploiement d&rsquo;un contingent europ\u00e9en, ce \u00e0 quoi s&rsquo;oppose Moscou.<\/p>\n<p class=\"sources\">ats\/iar<\/p>\n","protected":false},"excerpt":{"rendered":"Deux personnes sont mortes dans la nuit de vendredi \u00e0 samedi dans une attaque de drone dans la&hellip;\n","protected":false},"author":2,"featured_media":274707,"comment_status":"","ping_status":"","sticky":false,"template":"","format":"standard","meta":{"footnotes":""},"categories":[1591],"tags":[33740,11,834,2120,3576,3983,16276,564,1887,5992,131,3577,3343,74,12,1885,1886,132,220],"class_list":{"0":"post-274706","1":"post","2":"type-post","3":"status-publish","4":"format-standard","5":"has-post-thumbnail","7":"category-russie","8":"tag-acte-de-terrorisme","9":"tag-actualites","10":"tag-attaque","11":"tag-conflit","12":"tag-conflit-arme","13":"tag-deces","14":"tag-dnipro","15":"tag-drone","16":"tag-federation-de-russie","17":"tag-gouverneur","18":"tag-guerre-en-ukraine","19":"tag-guerre-et-paix","20":"tag-missile","21":"tag-monde","22":"tag-news","23":"tag-russia","24":"tag-russian-federation","25":"tag-russie","26":"tag-ukraine"},"share_on_mastodon":{"url":"https:\/\/pubeurope.com\/@fr\/114918441872850013","error":""},"_links":{"self":[{"href":"https:\/\/www.europesays.com\/fr\/wp-json\/wp\/v2\/posts\/274706","targetHints":{"allow":["GET"]}}],"collection":[{"href":"https:\/\/www.europesays.com\/fr\/wp-json\/wp\/v2\/posts"}],"about":[{"href":"https:\/\/www.europesays.com\/fr\/wp-json\/wp\/v2\/types\/post"}],"author":[{"embeddable":true,"href":"https:\/\/www.europesays.com\/fr\/wp-json\/wp\/v2\/users\/2"}],"replies":[{"embeddable":true,"href":"https:\/\/www.europesays.com\/fr\/wp-json\/wp\/v2\/comments?post=274706"}],"version-history":[{"count":0,"href":"https:\/\/www.europesays.com\/fr\/wp-json\/wp\/v2\/posts\/274706\/revisions"}],"wp:featuredmedia":[{"embeddable":true,"href":"https:\/\/www.europesays.com\/fr\/wp-json\/wp\/v2\/media\/274707"}],"wp:attachment":[{"href":"https:\/\/www.europesays.com\/fr\/wp-json\/wp\/v2\/media?parent=274706"}],"wp:term":[{"taxonomy":"category","embeddable":true,"href":"https:\/\/www.europesays.com\/fr\/wp-json\/wp\/v2\/categories?post=274706"},{"taxonomy":"post_tag","embeddable":true,"href":"https:\/\/www.europesays.com\/fr\/wp-json\/wp\/v2\/tags?post=274706"}],"curies":[{"name":"wp","href":"https:\/\/api.w.org\/{rel}","templated":true}]}}