{"id":274710,"date":"2025-07-26T07:51:09","date_gmt":"2025-07-26T07:51:09","guid":{"rendered":"https:\/\/www.europesays.com\/fr\/274710\/"},"modified":"2025-07-26T07:51:09","modified_gmt":"2025-07-26T07:51:09","slug":"le-pape-encourage-pax-christi-etats-unis-a-continuer-de-promouvoir-la-non-violence","status":"publish","type":"post","link":"https:\/\/www.europesays.com\/fr\/274710\/","title":{"rendered":"Le Pape encourage Pax Christi-\u00c9tats-Unis \u00e0 continuer de promouvoir la non-violence"},"content":{"rendered":"<p>Dans un message adress\u00e9 aux participants de l&rsquo;assembl\u00e9e nationale annuelle de Pax Christi aux Etats-Unis paru samedi 26 juillet, le Pape L\u00e9on a d\u00e9clar\u00e9 que \u00ables efforts pour promouvoir la non-violence sont d&rsquo;autant plus n\u00e9cessaires\u00bb dans un monde confront\u00e9 \u00e0 des d\u00e9fis tels que la guerre, la division et les migrations forc\u00e9es.<\/p>\n<p><b>Christopher Wells \u2013 Cit\u00e9 du Vatican<\/b><\/p>\n<p>\u00abAu milieu des nombreux d\u00e9fis auxquels notre monde est actuellement confront\u00e9, notamment les conflits arm\u00e9s g\u00e9n\u00e9ralis\u00e9s, la division entre les peuples et les migrations forc\u00e9es, les efforts pour promouvoir la non-violence sont d&rsquo;autant plus n\u00e9cessaires\u00bb, affirme le Pape L\u00e9on XIV dans ce message adress\u00e9 \u00e0 l&rsquo;Assembl\u00e9e nationale de Pax Christi Etats-Unis. La branche am\u00e9ricaine du mouvement catholique international pour la paix se r\u00e9unit en effet \u00e0 Detroit, Michigan, ce week-end (25-28 juillet) pour une conf\u00e9rence sur le th\u00e8me \u00abR\u00e9cup\u00e9rer le pouvoir de la non-violence dans un monde bris\u00e9\u00bb.<\/p>\n<p><b>Une paix humble et pers\u00e9v\u00e9rante<\/b> <\/p>\n<p>Dans ce texte, lu aux participants lors de la c\u00e9r\u00e9monie d&rsquo;ouverture vendredi soir, L\u00e9on XIV a invit\u00e9 les participants \u00e0 se rappeler qu&rsquo;\u00abapr\u00e8s la violence de la crucifixion, les premi\u00e8res paroles du Christ ressuscit\u00e9 aux ap\u00f4tres ont offert la paix\u00bb, une paix qui est \u00abd\u00e9sarm\u00e9e et d\u00e9sarmante, humble et pers\u00e9v\u00e9rante\u00bb.<\/p>\n<p>J\u00e9sus, a-t-il poursuivi, \u00abcontinue d&rsquo;envoyer ses disciples dans le monde pour qu&rsquo;ils deviennent des cr\u00e9ateurs de paix dans leur vie quotidienne\u00bb. C&rsquo;est pourquoi \u00abil est d&rsquo;autant plus important pour une \u00c9glise capable de r\u00e9conciliation d&rsquo;\u00eatre pr\u00e9sente et visible\u00bb dans les paroisses, les quartiers et surtout aux p\u00e9riph\u00e9ries de la soci\u00e9t\u00e9.<\/p>\n<p><b>D\u00e9samorcer l&rsquo;hostilit\u00e9 par le dialogue<\/b> <\/p>\n<p>Le Pape L\u00e9on a exprim\u00e9 l&rsquo;espoir que la conf\u00e9rence inspirerait les membres de Pax Christi \u00c9tats-Unis \u00e0 travailler pour faire de leurs communaut\u00e9s locales des \u00abmaisons de paix\u00bb o\u00f9 l&rsquo;on apprend \u00e0 d\u00e9samorcer l&rsquo;hostilit\u00e9 par le dialogue, o\u00f9 l&rsquo;on pratique la justice et o\u00f9 l&rsquo;on ch\u00e9rit le pardon. Ce faisant, a-t-il ajout\u00e9, \u00abvous permettrez \u00e0 beaucoup plus de personnes d&#8217;embrasser l&rsquo;invitation de saint Paul \u00e0 vivre en paix avec leurs fr\u00e8res et s\u0153urs\u00bb.<\/p>\n<p>Pax Christi est n\u00e9 \u00e0 la fin de la\u00a0Seconde Guerre mondiale\u00a0quand un groupe de Fran\u00e7ais et d&rsquo;Allemands ont choisi de prier et d\u2019\u0153uvrer en faveur de la r\u00e9conciliation. Les efforts de Pax Christi se concentrent autour de cinq axes:\u00a0dialogue et \u00e9ducation \u00e0 la paix,\u00a0d\u00e9fense de la Cr\u00e9ation\u00a0et de l\u2019environnement,\u00a0d\u00e9sarmement, d\u00e9fense et s\u00e9curit\u00e9,\u00a0droits de l&rsquo;homme\u00a0et\u00a0d\u00e9veloppement solidaire.\u00a0<\/p>\n","protected":false},"excerpt":{"rendered":"Dans un message adress\u00e9 aux participants de l&rsquo;assembl\u00e9e nationale annuelle de Pax Christi aux Etats-Unis paru samedi 26&hellip;\n","protected":false},"author":2,"featured_media":274711,"comment_status":"","ping_status":"","sticky":false,"template":"","format":"standard","meta":{"footnotes":""},"categories":[1589],"tags":[11,8617,73,1866,12889,12,2403,20114,41420,1864,1865,1863,308],"class_list":{"0":"post-274710","1":"post","2":"type-post","3":"status-publish","4":"format-standard","5":"has-post-thumbnail","7":"category-etats-unis","8":"tag-actualites","9":"tag-dialogue","10":"tag-etats-unis","11":"tag-etats-unis-damerique","12":"tag-message","13":"tag-news","14":"tag-paix","15":"tag-pape-leon-xiv","16":"tag-personnalites-et-organisations","17":"tag-united-states","18":"tag-united-states-of-america","19":"tag-us","20":"tag-usa"},"share_on_mastodon":{"url":"https:\/\/pubeurope.com\/@fr\/114918449692513348","error":""},"_links":{"self":[{"href":"https:\/\/www.europesays.com\/fr\/wp-json\/wp\/v2\/posts\/274710","targetHints":{"allow":["GET"]}}],"collection":[{"href":"https:\/\/www.europesays.com\/fr\/wp-json\/wp\/v2\/posts"}],"about":[{"href":"https:\/\/www.europesays.com\/fr\/wp-json\/wp\/v2\/types\/post"}],"author":[{"embeddable":true,"href":"https:\/\/www.europesays.com\/fr\/wp-json\/wp\/v2\/users\/2"}],"replies":[{"embeddable":true,"href":"https:\/\/www.europesays.com\/fr\/wp-json\/wp\/v2\/comments?post=274710"}],"version-history":[{"count":0,"href":"https:\/\/www.europesays.com\/fr\/wp-json\/wp\/v2\/posts\/274710\/revisions"}],"wp:featuredmedia":[{"embeddable":true,"href":"https:\/\/www.europesays.com\/fr\/wp-json\/wp\/v2\/media\/274711"}],"wp:attachment":[{"href":"https:\/\/www.europesays.com\/fr\/wp-json\/wp\/v2\/media?parent=274710"}],"wp:term":[{"taxonomy":"category","embeddable":true,"href":"https:\/\/www.europesays.com\/fr\/wp-json\/wp\/v2\/categories?post=274710"},{"taxonomy":"post_tag","embeddable":true,"href":"https:\/\/www.europesays.com\/fr\/wp-json\/wp\/v2\/tags?post=274710"}],"curies":[{"name":"wp","href":"https:\/\/api.w.org\/{rel}","templated":true}]}}