{"id":274714,"date":"2025-07-26T07:53:15","date_gmt":"2025-07-26T07:53:15","guid":{"rendered":"https:\/\/www.europesays.com\/fr\/274714\/"},"modified":"2025-07-26T07:53:15","modified_gmt":"2025-07-26T07:53:15","slug":"allemagne-lindice-ifo-du-climat-des-affaires-legerement-inferieur-aux-attentes-en-juillet-boursorama","status":"publish","type":"post","link":"https:\/\/www.europesays.com\/fr\/274714\/","title":{"rendered":"Allemagne : l&#039;indice Ifo du climat des affaires l\u00e9g\u00e8rement inf\u00e9rieur aux attentes en juillet &#8211; Boursorama"},"content":{"rendered":"<ol>\n<li><a href=\"https:\/\/news.google.com\/rss\/articles\/CBMi_AFBVV95cUxOeTkxTU9UejQ0Zjhxc08tNkFMbkFTdndrVTE0ajROM1JzeTQ1VEcteFpnMTdDQm9BY1BLdEtndFg1SUU0NHgxMTdXZDNSQ3J3MzBnRVdsdDM4R0EyanN6VEQzZ2lCZ3B4SWp5cHlYVnFEUGRYcWFVLXBtVUJZd01zOVZ0RTJ2ejV3TE5qX0x1QjByMHkzbnhLVWpheVZjcno2MGRvbjlqc1Etc3lUTTZfUlRuaFdLM2x6WjNid1N0SllKMHFPUTZNUEZwT2pfZlFheEVBTUplMFhYd0p6UHJ2bkR4RUxjVlVhcmgtUGVuOHZkVnhtNjlsSTUyUzXSAYICQVVfeXFMTzhNbWVCZ2t4czFFUVNYakpqcW4zSFo1VGpYZjlGZW9Vc2F2TGJBeW4wRTNsWXF3eVdEVU5WdnFmLWlNOTE1SlJuZ0JtdVhPU1dFN2tsekxWbHAwWmg4clI5enhrX0t6b0ZMWldZN05HdDZZRVp2dlF4T2J0NDZSc1BnRmRfMlBLREU1WUFxN096WExfZWI1LVBnYmN0aU10MUV5WElVT1NyUlY5ZVhuV1pwWDZqaFN5TVZFNlp2YnNlRENtLVVzUFZoVTFGOE9tSnVacVd6ZHAwMlc4Zzdja1gyZHc3NDFFaHc2ZGViN043TWFNUWN6UjIzdWVOYVVaU3FR?oc=5\" target=\"_blank\" rel=\"noopener\">Allemagne : l&rsquo;indice Ifo du climat des affaires l\u00e9g\u00e8rement inf\u00e9rieur aux attentes en juillet<\/a>&nbsp;&nbsp;Boursorama<\/li>\n<li><a href=\"https:\/\/news.google.com\/rss\/articles\/CBMinwFBVV95cUxPeVMtbEljMTR4c0NuUmliTm5XcG92cXdGbGszMElqcC05MVR2ZjBWZkVsQVl4eTV4RnZvREtYZUJONkk1R2FORlNfWnpoYlplVnUwanBqOTNMSlZFd0NhY1I2N2F6YUdNdlZRS3hobnQ1a3hPcldPMzFpLTlBZVRfM0NMR01QaU44Z3dyMHU5YVg1a09WOWlibXJqMWc3blHSAaQBQVVfeXFMTXRzaTZES2JmOC03TVoxNjRKbjJ0VXVOanpXc2dqUk5OQU5HeDFFOURteW9lOU9tY3MzX1lsLVd4cEFDbW52NEk1dVNYbWpUaEczdDNhdW15R3UyVFZKcE5JcFF0dkRlYkhlczRqLWo3aU5uVUNRRmxVZHoxYmFIS0NfOU9BWDZCS0J3VDQySm43UFlYMkpYN2h6bnJRYVJrZUFHTDU?oc=5\" target=\"_blank\" rel=\"noopener\">Allemagne : l&rsquo;indice Ifo au plus haut depuis juin 2024&#8230;<\/a>&nbsp;&nbsp;Fortuneo<\/li>\n<li><a href=\"https:\/\/news.google.com\/rss\/articles\/CBMirAFBVV95cUxOYk5oVDh6YktxNDEzUHZiVUJGbW14aXp0aHdiRkk4REg2R04wMm4zenNOVm1vb0ZIQ0JkU2pORmRiajhtcEh1bVpyMU9mNy1oQ1daM2dwdjNrNXNwYUIzQ1pXR3hzejltN3Q2d3BzeTc5SUpvZVo0TDBGck5YREYzNjZmVDlDNHJMNWgtcHBGS3JvdG51dlhmTDBCTXdqMjFsamNCVWRQOENvaHhl?oc=5\" target=\"_blank\" rel=\"noopener\">Le moral des patrons allemand stable, \u00e0 son plus haut depuis un an<\/a>&nbsp;&nbsp;Le Figaro<\/li>\n<li><a href=\"https:\/\/news.google.com\/rss\/articles\/CBMirAFBVV95cUxQc25JMFdRUEJfbnYyaGFCM2hHT0tHdkM3R2JrTVJ3NXZqeHUxX0dLV1dBZFV3dVhuVFZCRVNMOUR1MllqdjBJS244Q29GWklhTWx3cV8tQ1dEeGdpbDhETXN6NENiM1A3VWVyTVdxTkk4REhocGQ5eWVMd2FnZDRqU09XQzRrTGtiTUVZNmdBT3FuRExGdXJkQmxIcFBVa3ptS0RfNThxS0pYRC02?oc=5\" target=\"_blank\" rel=\"noopener\">L\u00e9g\u00e8re am\u00e9lioration du climat des affaires en juillet, dit Ifo<\/a>&nbsp;&nbsp;L&rsquo;Usine Nouvelle<\/li>\n<li><a href=\"https:\/\/news.google.com\/rss\/articles\/CBMiywFBVV95cUxOMFp2VGE0QVF2UldvU2VGNGNzeU15cDdjbVQ2ZHZhd1dHeXllU0NETmNpdmhwWmpJOUJmY2NLNXROUUIxUlhmNHl0Z0tGdVppZ2U0cmxTZWUtZ0hZWFpMM1BQdEJ5eVVtR0d5WmF2dTZXMk9PcmxnN196djdvMmhINEdTelRoV19wNFpaQklOTnlZM21DMERVUEtNamEzcnZaYVhtN0lVbUNhb2RydW5XSUFweE1ORGNvWVduSGpmSS1CQ2I4MWI1NWtNRQ?oc=5\" target=\"_blank\" rel=\"noopener\">Allemagne\/PMI : Croissance modeste du secteur priv\u00e9 en juillet<\/a>&nbsp;&nbsp;Les Echos<\/li>\n<\/ol>\n","protected":false},"excerpt":{"rendered":"Allemagne : l&rsquo;indice Ifo du climat des affaires l\u00e9g\u00e8rement inf\u00e9rieur aux attentes en juillet&nbsp;&nbsp;Boursorama Allemagne : l&rsquo;indice Ifo&hellip;\n","protected":false},"author":2,"featured_media":1445,"comment_status":"","ping_status":"","sticky":false,"template":"","format":"standard","meta":{"footnotes":""},"categories":[1587],"tags":[11,672,1804,1805,1803,1777,674,1801,12,1802],"class_list":{"0":"post-274714","1":"post","2":"type-post","3":"status-publish","4":"format-standard","5":"has-post-thumbnail","7":"category-allemagne","8":"tag-actualites","9":"tag-allemagne","10":"tag-bundesrepublik-deutschland","11":"tag-de","12":"tag-deutschland","13":"tag-eu","14":"tag-europe","15":"tag-germany","16":"tag-news","17":"tag-republique-federale-dallemagne"},"share_on_mastodon":{"url":"https:\/\/pubeurope.com\/@fr\/114918457584224650","error":""},"_links":{"self":[{"href":"https:\/\/www.europesays.com\/fr\/wp-json\/wp\/v2\/posts\/274714","targetHints":{"allow":["GET"]}}],"collection":[{"href":"https:\/\/www.europesays.com\/fr\/wp-json\/wp\/v2\/posts"}],"about":[{"href":"https:\/\/www.europesays.com\/fr\/wp-json\/wp\/v2\/types\/post"}],"author":[{"embeddable":true,"href":"https:\/\/www.europesays.com\/fr\/wp-json\/wp\/v2\/users\/2"}],"replies":[{"embeddable":true,"href":"https:\/\/www.europesays.com\/fr\/wp-json\/wp\/v2\/comments?post=274714"}],"version-history":[{"count":0,"href":"https:\/\/www.europesays.com\/fr\/wp-json\/wp\/v2\/posts\/274714\/revisions"}],"wp:featuredmedia":[{"embeddable":true,"href":"https:\/\/www.europesays.com\/fr\/wp-json\/wp\/v2\/media\/1445"}],"wp:attachment":[{"href":"https:\/\/www.europesays.com\/fr\/wp-json\/wp\/v2\/media?parent=274714"}],"wp:term":[{"taxonomy":"category","embeddable":true,"href":"https:\/\/www.europesays.com\/fr\/wp-json\/wp\/v2\/categories?post=274714"},{"taxonomy":"post_tag","embeddable":true,"href":"https:\/\/www.europesays.com\/fr\/wp-json\/wp\/v2\/tags?post=274714"}],"curies":[{"name":"wp","href":"https:\/\/api.w.org\/{rel}","templated":true}]}}