{"id":274715,"date":"2025-07-26T07:54:16","date_gmt":"2025-07-26T07:54:16","guid":{"rendered":"https:\/\/www.europesays.com\/fr\/274715\/"},"modified":"2025-07-26T07:54:16","modified_gmt":"2025-07-26T07:54:16","slug":"bruxelles-je-taime-nouveau-budget-de-lue-qui-gagne-qui-perd","status":"publish","type":"post","link":"https:\/\/www.europesays.com\/fr\/274715\/","title":{"rendered":"Bruxelles je t&rsquo;aime ? Nouveau budget de l&rsquo;UE &#8211; Qui gagne, qui perd\u00a0?"},"content":{"rendered":"<p>            <img decoding=\"async\" class=\"c-ad__placeholder__logo\" src=\"https:\/\/static.euronews.com\/website\/images\/logos\/logo-euronews-grey-6-180x22.svg\" width=\"180\" height=\"22\" alt=\"\" loading=\"lazy\"\/><br \/>\n            PUBLICIT\u00c9<\/p>\n<p>Dans cette nouvelle \u00e9dition en fran\u00e7ais de \u00ab\u00a0Bruxelles je t&rsquo;aime,\u00a0\u00bb nous parlons du nouveau budget europ\u00e9en post- 2027 et des discussions mouvement\u00e9es qu&rsquo;il engendrera : qui b\u00e9n\u00e9ficiera des investissements dans la technologie, l\u2019agriculture ou encore la transition climatique ? Et surtout, quelles retomb\u00e9es concr\u00e8tes pour les citoyens europ\u00e9ens ?<\/p>\n<p>Pour en parler, nos invit\u00e9s cette semaine sont Janos Allenbach-Amman, correspondant pour le m\u00e9dia allemand Table.Media, Laurie Pazienza,\u00a0activiste pour la justice sociale et climatique et Bruno Colmant,**\u00a0membre de l\u2019Acad\u00e9mie royale de Belgique.<\/p>\n<p>Nous parlons \u00e9galement de l&rsquo;offensive du gouvernement fran\u00e7ais contre le g\u00e9ant chinois de la fast-fashion, SHEIN qui lui a inflig\u00e9 une amende de 40 millions d\u2019euros pour des \u201cpratiques commerciales trompeuses.\u201d Ces mesures sont elles suffisantes ? Que doit faire l&rsquo;Europe ?<\/p>\n","protected":false},"excerpt":{"rendered":"PUBLICIT\u00c9 Dans cette nouvelle \u00e9dition en fran\u00e7ais de \u00ab\u00a0Bruxelles je t&rsquo;aime,\u00a0\u00bb nous parlons du nouveau budget europ\u00e9en post-&hellip;\n","protected":false},"author":2,"featured_media":274716,"comment_status":"","ping_status":"","sticky":false,"template":"","format":"standard","meta":{"footnotes":""},"categories":[1586],"tags":[11,5702,5979,2196,1777,674,1011,27,12,25,6582,2544],"class_list":{"0":"post-274715","1":"post","2":"type-post","3":"status-publish","4":"format-standard","5":"has-post-thumbnail","7":"category-europe","8":"tag-actualites","9":"tag-alcool","10":"tag-budget-de-lue","11":"tag-commission-europeenne","12":"tag-eu","13":"tag-europe","14":"tag-fr","15":"tag-france","16":"tag-news","17":"tag-republique-francaise","18":"tag-tabac","19":"tag-ursula-von-der-leyen"},"share_on_mastodon":{"url":"https:\/\/pubeurope.com\/@fr\/114918461817363951","error":""},"_links":{"self":[{"href":"https:\/\/www.europesays.com\/fr\/wp-json\/wp\/v2\/posts\/274715","targetHints":{"allow":["GET"]}}],"collection":[{"href":"https:\/\/www.europesays.com\/fr\/wp-json\/wp\/v2\/posts"}],"about":[{"href":"https:\/\/www.europesays.com\/fr\/wp-json\/wp\/v2\/types\/post"}],"author":[{"embeddable":true,"href":"https:\/\/www.europesays.com\/fr\/wp-json\/wp\/v2\/users\/2"}],"replies":[{"embeddable":true,"href":"https:\/\/www.europesays.com\/fr\/wp-json\/wp\/v2\/comments?post=274715"}],"version-history":[{"count":0,"href":"https:\/\/www.europesays.com\/fr\/wp-json\/wp\/v2\/posts\/274715\/revisions"}],"wp:featuredmedia":[{"embeddable":true,"href":"https:\/\/www.europesays.com\/fr\/wp-json\/wp\/v2\/media\/274716"}],"wp:attachment":[{"href":"https:\/\/www.europesays.com\/fr\/wp-json\/wp\/v2\/media?parent=274715"}],"wp:term":[{"taxonomy":"category","embeddable":true,"href":"https:\/\/www.europesays.com\/fr\/wp-json\/wp\/v2\/categories?post=274715"},{"taxonomy":"post_tag","embeddable":true,"href":"https:\/\/www.europesays.com\/fr\/wp-json\/wp\/v2\/tags?post=274715"}],"curies":[{"name":"wp","href":"https:\/\/api.w.org\/{rel}","templated":true}]}}