{"id":274717,"date":"2025-07-26T07:55:16","date_gmt":"2025-07-26T07:55:16","guid":{"rendered":"https:\/\/www.europesays.com\/fr\/274717\/"},"modified":"2025-07-26T07:55:16","modified_gmt":"2025-07-26T07:55:16","slug":"base-militaire-secrete-legendes-et-theories-conspirationnistes-la-france-a-aussi-eu-sa-zone-51","status":"publish","type":"post","link":"https:\/\/www.europesays.com\/fr\/274717\/","title":{"rendered":"Base militaire secr\u00e8te, l\u00e9gendes et th\u00e9ories conspirationnistes: la France a aussi eu sa Zone 51"},"content":{"rendered":"<p>Le plateau d&rsquo;Albion, situ\u00e9 entre le Vaucluse, la Dr\u00f4me et les Alpes-de-Haute-Provence, a \u00e9t\u00e9 le c\u0153ur du dispositif terrestre de la force de dissuasion nucl\u00e9aire fran\u00e7aise entre 1971 et 1996. Ce site unique en France accueillait dix-huit silos enterr\u00e9s, profonds d&rsquo;environ trente m\u00e8tres, destin\u00e9s \u00e0 abriter des missiles sol-sol balistiques strat\u00e9giques <a href=\"https:\/\/www.museeairespace.fr\/aller-plus-haut\/collections\/ssbs-s3-missile-balistique-sol-sol\/\" target=\"_blank\" rel=\"nofollow noopener\">SSBS S3<\/a>, capables de r\u00e9sister \u00e0 une attaque nucl\u00e9aire et d&rsquo;effectuer des tirs de repr\u00e9sailles. Chaque missile pointait sur un territoire civil ou militaire de l&rsquo;ex-URSS. Ce programme, initi\u00e9 dans les ann\u00e9es 1960 sous la pr\u00e9sidence de Charles de Gaulle, visait \u00e0 assurer l&rsquo;ind\u00e9pendance strat\u00e9gique fran\u00e7aise durant la Guerre froide.<\/p>\n<p>Le choix du <a href=\"https:\/\/www.slate.fr\/grand-format\/vestiges-plateau-albion-nucleaire-guerre-froide-centrales-photovoltaique-laboratoires-bas-bruit-192555\" target=\"_blank\" rel=\"nofollow noopener\">plateau d&rsquo;Albion<\/a> s&rsquo;explique par sa faible densit\u00e9 humaine, son sol calcaire favorable \u00e0 la construction des silos et sa proximit\u00e9 avec d&rsquo;autres installations nucl\u00e9aires comme les sites de Marcoule (pr\u00e8s de Bagnols-sur-C\u00e8ze, dans le Gard) et Cadarache (\u00e0 Saint-Paul-l\u00e8s-Durance, dans les Bouches-du-Rh\u00f4ne). La <a href=\"https:\/\/fr.wikipedia.org\/wiki\/Base_a%C3%A9rienne_200_Apt-Saint-Christol\" target=\"_blank\" rel=\"nofollow noopener\">base a\u00e9rienne 200 d&rsquo;Apt-Saint-Christol<\/a>, dans le Vaucluse, servait de base-support pour ces installations de la dissuasion nucl\u00e9aire fran\u00e7aise.<\/p>\n<p>\u00c0 partir de 1996, <a href=\"http:\/\/www.capcomespace.net\/dossiers\/espace_europeen\/albion\/albion_demantelement.htm\" target=\"_blank\" rel=\"nofollow noopener\">le d\u00e9mant\u00e8lement a \u00e9t\u00e9 engag\u00e9<\/a>. Les missiles ont \u00e9t\u00e9 retir\u00e9s des silos, d\u00e9sactiv\u00e9s, puis d\u00e9truits dans des centres sp\u00e9cialis\u00e9s. Le dernier missile a quitt\u00e9 le site en 1998, marquant la fin de la nucl\u00e9arisation du plateau. Aujourd&rsquo;hui, l&rsquo;ancienne base a\u00e9rienne est occup\u00e9e par le <a href=\"https:\/\/www.defense.gouv.fr\/terre\/unites-larmee-terre\/nos-brigades\/27e-brigade-dinfanterie-montagne-27e-bim\/2e-regiment-etranger-genie\" target=\"_blank\" rel=\"nofollow noopener\">2e r\u00e9giment \u00e9tranger de g\u00e9nie<\/a>\u00a0\u2013qui fait partie de la 27e brigade d&rsquo;infanterie de montagne et de la L\u00e9gion \u00e9trang\u00e8re\u2013 et une station d&rsquo;\u00e9coute de la direction g\u00e9n\u00e9rale de la s\u00e9curit\u00e9 ext\u00e9rieure (DGSE), t\u00e9moignant d&rsquo;une reconversion militaire mais non <a href=\"https:\/\/www.slate.fr\/dossier\/11147\/arme-nucleaire\" class=\"tag-link\" rel=\"nofollow noopener\" target=\"_blank\">nucl\u00e9aire<\/a>.<\/p>\n<p>        <img decoding=\"async\" alt=\"Abonnez-vous gratuitement \u00e0 la newsletter de Slate !\" loading=\"lazy\" class=\"ms-4 ms-md-0\" width=\"82\" height=\"82\" src=\"https:\/\/www.slate.fr\/assets\/newsletter-dd7c4ea7fb4ce45aacc56875521d4bde7ec4ba23f0a0ae088566df808b3a80c3.svg\"\/><br \/>\n        Abonnez-vous gratuitement \u00e0 la newsletter de Slate !Les articles sont s\u00e9lectionn\u00e9s pour vous, en fonction de vos centres d\u2019int\u00e9r\u00eat, tous les jours dans votre bo\u00eete mail.<\/p>\n<p>Les particules \u00e9l\u00e9mentaires des rumeurs et des mythes<\/p>\n<p>Le secret entourant les activit\u00e9s nucl\u00e9aires et militaires du plateau d&rsquo;Albion a nourri un foisonnement de rumeurs et de l\u00e9gendes. Ces derni\u00e8res proviennent \u00e0 la fois du myst\u00e8re inh\u00e9rent aux <a href=\"https:\/\/www.slate.fr\/dossier\/2321\/base-militaire\" class=\"tag-link\" rel=\"nofollow noopener\" target=\"_blank\">sites militaires<\/a> class\u00e9s secret-d\u00e9fense, de t\u00e9moignages anonymes, d&rsquo;observations inexpliqu\u00e9es et de l&rsquo;imaginaire collectif local et national.<\/p>\n<p>Parmi les rumeurs les plus persistantes, on trouve l&rsquo;id\u00e9e que la zone ZL 1-4 (zone de lancement num\u00e9ro 4 du secteur 1) aurait servi de laboratoire secret pour tester des technologies \u00e9lectromagn\u00e9tiques avanc\u00e9es, voire des <a href=\"https:\/\/www.slate.fr\/story\/265608\/nouvelle-arme-laser-britannique-revolution-defense-guerre-drones-dragonfire-armes-energie-dirigee-cout-tirs\" target=\"_blank\" rel=\"nofollow noopener\">armes \u00e0 \u00e9nergie dirig\u00e9e<\/a>. Ces sp\u00e9culations sont notamment apparues sur des forums ufologiques et de d\u00e9fense, o\u00f9 des t\u00e9moins anonymes \u00e9voquent des exp\u00e9riences myst\u00e9rieuses sans fournir de preuves.<\/p>\n<p><img decoding=\"async\" src=\"\/uploads\/store\/story_270865\/editor\/original_270865_1753392433.jpg\" width=\"730\" height=\"487\" alt=\"Un poste de garde d'une des anciennes zones de lancement du site militaire du plateau d'Albion, avant l'installation et la mise en service (en ao\u00fbt 2021) d'une centrale photovolta\u00efque, \u00e0 Simiane-la-Rotonde (Alpes-de-Haute-Provence). | Guillaume Origoni \/ Hans Lucas\" loading=\"lazy\"\/> <\/p>\n<p class=\"legend-container\">Un poste de garde d&rsquo;une des anciennes zones de lancement du site militaire du plateau d&rsquo;Albion, avant l&rsquo;installation et la mise en service (<a href=\"https:\/\/www.pv-magazine.fr\/2021\/08\/10\/sonnedix-met-en-service-trois-parcs-pv-de-98-mwc-dans-les-alpes-de-haute-provence\/\" rel=\"nofollow noopener\" target=\"_blank\">en ao\u00fbt 2021<\/a>) d&rsquo;une centrale photovolta\u00efque, \u00e0 Simiane-la-Rotonde (Alpes-de-Haute-Provence). | Guillaume Origoni \/ Hans Lucas<\/p>\n<p>L&rsquo;accident a\u00e9rien de 2003, lorsqu&rsquo;un avion militaire s&rsquo;est \u00e9cras\u00e9 sur le plateau, a nourri les discussions et diverses <a href=\"https:\/\/www.slate.fr\/dossier\/5675\/theorie-du-complot\" class=\"tag-link\" rel=\"nofollow noopener\" target=\"_blank\">th\u00e9ories<\/a>, certains sugg\u00e9rant que des interf\u00e9rences \u00e9lectromagn\u00e9tiques auraient provoqu\u00e9 la perte de contr\u00f4le de l&rsquo;appareil, bien que l&rsquo;enqu\u00eate officielle ait conclu \u00e0 une d\u00e9faillance physiologique du pilote.<\/p>\n<p>Peu \u00e0 peu, le feu de la rumeur se propage en profondeur et devient similaire aux incendies souterrains. Peu visible en surface, ils s&rsquo;\u00e9tendent en silence, passent de racines en racines jusqu&rsquo;\u00e0 faire du plateau d&rsquo;Albion un territoire porteur de myst\u00e8res et de magie. En effet, d&rsquo;autres l\u00e9gendes \u00e9voquent la pr\u00e9sence des in\u00e9vitables <a href=\"https:\/\/www.slate.fr\/story\/250948\/ovnis-extraterrestres-pentagone-amendement-etats-unis-revelations-david-grusch\" target=\"_blank\" rel=\"nofollow noopener\">ovnis<\/a> et de lumi\u00e8res \u00ab\u00e9tranges\u00bb dans le ciel.<\/p>\n<p>On trouve m\u00eame au fa\u00eete de ces r\u00e9cits la version fran\u00e7aise des fameux <a href=\"https:\/\/fr.wikipedia.org\/wiki\/Hommes_en_noir\" target=\"_blank\" rel=\"nofollow noopener\">men in black<\/a>\u00a0\u2013li\u00e9s \u00e0 une potentielle activit\u00e9 extraterrestre sur Terre\u2013 dont la fable est relay\u00e9e par les forums et les blogs des cercles sp\u00e9cialis\u00e9s, qui relatent la pr\u00e9sence \u00e9pisodique d&rsquo;\u00e9tranges hommes. V\u00eatus de noir de pied en cap, ils auraient pris temporairement possession des lieux avec l&rsquo;assentiment des officiers de l&rsquo;<a href=\"https:\/\/www.slate.fr\/dossier\/8691\/armee-francaise\" class=\"tag-link\" rel=\"nofollow noopener\" target=\"_blank\">arm\u00e9e fran\u00e7aise<\/a>.<\/p>\n<p>Personne ne les a entendus prononcer un seul mot, d\u00e9pourvus de langage non verbal, le regard cach\u00e9 par des lunettes teint\u00e9s et la peau anormalement blanche. La vox populi num\u00e9rique en a fait des repr\u00e9sentants de civilisations extraterrestres venus v\u00e9rifier l&rsquo;\u00e9tat d&rsquo;avancement des technologies d&rsquo;origine humaine. On l&rsquo;aura compris, le plateau d&rsquo;Albion s&rsquo;est peu \u00e0 peu impos\u00e9 dans l&rsquo;imaginaire comme la Zone 51 fran\u00e7aise, en r\u00e9f\u00e9rence \u00e0 <a href=\"https:\/\/www.slate.fr\/story\/131000\/cache-vraiment-zone-51-extra-terrestres\" target=\"_blank\" rel=\"nofollow noopener\">la fameuse base militaire secr\u00e8te am\u00e9ricaine<\/a>\u00a0\u2013situ\u00e9e dans le Nevada\u2013 et sa multitude de th\u00e9ories conspirationnistes li\u00e9es.<\/p>\n<p>Le plateau d&rsquo;Albion est \u00e9galement entour\u00e9 de r\u00e9cits populaires anciens, comme <a href=\"https:\/\/www.pays-bergerac-tourisme.com\/fr\/decouvrir\/secrets\/legendes\/la-legende-du-coulobre\" target=\"_blank\" rel=\"nofollow noopener\">la l\u00e9gende de la Coulobre<\/a>, un serpent-dragon mythique, ou bien la mythologie d&rsquo;Hercule <a href=\"https:\/\/www.mondelegendaire.com\/articles\/bouches-du-rhone_saint-martin-de-crau_803_la-legende-dhercule-contre-les-geants-albion-et-ligur\/\" target=\"_blank\" rel=\"nofollow noopener\">combattant les g\u00e9ants Albion et Ligur<\/a>, qui donnent une dimension symbolique et mystique \u00e0 ce territoire.<\/p>\n<p>Le LSBB, un laboratoire high-tech enfoui sous la montagne<\/p>\n<p>Sous le plateau d&rsquo;Albion, \u00e0 environ 900 m\u00e8tres de profondeur, se trouve <a href=\"https:\/\/univ-avignon.fr\/recherche\/les-grands-projets\/laboratoire-souterrain-a-bas-bruit-lsbb\/\" target=\"_blank\" rel=\"nofollow noopener\">le laboratoire souterrain \u00e0 bas bruit (LSBB)<\/a>. Des galeries de plusieurs kilom\u00e8tres creus\u00e9es dans les montagnes de la commune de Rustrel (Vaucluse) abritaient le poste de commandement de tir de la zone 1 (PCT1), dont d\u00e9pendait la mise \u00e0 feux des dix-huit silos nucl\u00e9aires de la zone de lancement 1. En d&rsquo;autres termes: le LSBB a pris place dans le dispositif jadis d\u00e9di\u00e9 au bouton nucl\u00e9aire de la nation.<\/p>\n<p><img decoding=\"async\" src=\"\/uploads\/store\/story_270865\/editor\/original_270865_1753396407.jpg\" width=\"730\" height=\"487\" alt=\"La galerie du poste de commandement de tir 1 (PCT1), qui abritait la capsule de tir. | Guillaume Origoni \/ Hans Lucas\" loading=\"lazy\"\/> <\/p>\n<p class=\"legend-container\">La galerie du poste de commandement de tir 1 (PCT1), qui abritait la capsule de tir. | Guillaume Origoni \/ Hans Lucas<\/p>\n<p>Le laboratoire de recherche souterrain est rattach\u00e9 aux universit\u00e9s de Nice-Sophia Antipolis, Avignon, Aix-Marseille, au CNRS et \u00e0 l&rsquo;Observatoire de la C\u00f4te d&rsquo;Azur. Des \u00e9quipes transdisciplinaires de chercheurs et chercheuses du monde entier s&rsquo;y sont fix\u00e9es pour \u00e9tablir les th\u00e8mes de recherche et les objectifs suivants: \u00abEnvironnement bas bruit, observation et exp\u00e9rimentation haute sensibilit\u00e9, observation terre solide, zone critique, atmosph\u00e8re, rayonnement cosmique g\u00e9ophysique, ondes (d\u00e9formation, translation, rotation), champ de gravit\u00e9, <a href=\"https:\/\/www.slate.fr\/societe\/sourcier-pratique-question-chercheurs-eau-trouver-nappe-souterraine-sol-veine-baguettes-pendule-sourcellerie-scepticisme-resultats-croyance-biais-science\" target=\"_blank\" rel=\"nofollow noopener\">hydrog\u00e9ologie<\/a>, dynamique des transferts, r\u00e9servoirs g\u00e9ologiques, ph\u00e9nom\u00e8nes transitoires haute \u00e9nergie dans l&rsquo;atmosph\u00e8re, neuroscience, biologie et ADN dans les roches.\u00bb<\/p>\n<p><img decoding=\"async\" src=\"\/uploads\/store\/story_270865\/editor\/original_270865_1753396502.jpg\" width=\"730\" height=\"487\" alt=\"Cette porte blind\u00e9e donnait autrefois acc\u00e8s au couloir conduisant \u00e0 la capsule de tir, o\u00f9 se trouvaient, 24 heures sur 24, deux officiers entra\u00een\u00e9s pour ex\u00e9cuter les protocoles destin\u00e9s \u00e0 d\u00e9clencher le feu nucl\u00e9aire fran\u00e7ais. | Guillaume Origoni \/ Hans Lucas\" loading=\"lazy\"\/> <\/p>\n<p class=\"legend-container\">Cette porte blind\u00e9e donnait autrefois acc\u00e8s au couloir conduisant \u00e0 la capsule de tir, o\u00f9 se trouvaient, 24 heures sur 24, deux officiers entra\u00een\u00e9s pour ex\u00e9cuter les protocoles destin\u00e9s \u00e0 d\u00e9clencher le feu nucl\u00e9aire fran\u00e7ais. | Guillaume Origoni \/ Hans Lucas<\/p>\n<p>Peu \u00e0 peu, on y creuse de nouveaux tunnels qui constituent autant d&rsquo;\u00e9v\u00e9nements dans le monde tr\u00e8s ferm\u00e9 des scientifiques qui travaillent au laboratoire souterrain \u00e0 bas bruit, mais aussi pour l&rsquo;ensemble des adeptes et historiens de la <a href=\"https:\/\/www.slate.fr\/dossier\/3805\/guerre-froide\" class=\"tag-link\" rel=\"nofollow noopener\" target=\"_blank\">Guerre froide<\/a>. En premier lieu parce qu&rsquo;il modifie la topographie et l&rsquo;architecture originelle du PCT1, mais \u00e9galement parce qu&rsquo;il ancre dans le r\u00e9el le changement de destination du dispositif dans son ensemble.<\/p>\n<p><img decoding=\"async\" src=\"\/uploads\/store\/story_270865\/editor\/original_270865_1753396859.jpg\" width=\"730\" height=\"487\" alt=\"Ici en cours de construction, en octobre 2019, voici un des nouveaux tunnels du laboratoire souterrain \u00e0 bas bruit (LSBB), situ\u00e9 \u00e0 Rustrel, dans le Vaucluse. | Guillaume Origoni \/ Hans Lucas\" loading=\"lazy\"\/> <\/p>\n<p class=\"legend-container\">Ici en cours de construction, en octobre 2019, voici un des nouveaux tunnels du laboratoire souterrain \u00e0 bas bruit (LSBB), situ\u00e9 \u00e0 Rustrel, dans le Vaucluse. | Guillaume Origoni \/ Hans Lucas<\/p>\n<p>Ces tunnels accueillent l&rsquo;appareillage n\u00e9cessaire \u00e0 l&rsquo;\u00e9coute et \u00e0 l&rsquo;enregistrement des corps c\u00e9lestes chutant sur la plan\u00e8te. Autrefois destin\u00e9s \u00e0 d\u00e9ployer le chaos et le fracas, ces entrailles min\u00e9rales sont aujourd&rsquo;hui \u00e0 l&rsquo;\u00e9coute attentive des manifestations les plus archa\u00efques de la vie, un centre de <a href=\"https:\/\/www.slate.fr\/dossier\/19737\/recherche-scientifique\" class=\"tag-link\" rel=\"nofollow noopener\" target=\"_blank\">recherche scientifique<\/a> unique en Europe. G\u00e9r\u00e9 par l&rsquo;Institut national des sciences de l&rsquo;univers (INSU) du CNRS, il offre un environnement isol\u00e9 des perturbations \u00e9lectromagn\u00e9tiques, id\u00e9al pour \u00e9tudier les ph\u00e9nom\u00e8nes physiques sensibles: sismologie, physique des <a href=\"https:\/\/www.cea.fr\/comprendre\/Pages\/physique-chimie\/essentiel-sur-neutrinos.aspx\" target=\"_blank\" rel=\"nofollow noopener\">neutrinos<\/a>, g\u00e9ophysique et physique fondamentale.<\/p>\n<p>Si le LSBB est devenu un laboratoire civil, il continue de faire l&rsquo;objet de nombreuses rumeurs. Certains sp\u00e9culent sur d&rsquo;hypoth\u00e9tiques exp\u00e9riences militaires <a href=\"https:\/\/www.slate.fr\/dossier\/6351\/secret\" class=\"tag-link\" rel=\"nofollow noopener\" target=\"_blank\">secr\u00e8tes<\/a>, notamment en mati\u00e8re de communications \u00e0 longue distance ou de recherches sur des ondes \u00e9lectromagn\u00e9tiques, voire sur les humains augment\u00e9s par des technologies ultra secr\u00e8tes.<\/p>\n<p>Sans fondement, ces hypoth\u00e8ses qui circulent dans les forums font fi d&rsquo;un \u00e9l\u00e9ment pourtant essentiel: si <a href=\"https:\/\/www.slate.fr\/societe\/la-verite-est-ailleurs\/\" target=\"_blank\" rel=\"nofollow noopener\">la v\u00e9rit\u00e9 est ailleurs<\/a>, elle est aussi souvent plus belle et merveilleuse que les rumeurs. \u00abLaboratoire souterrain \u00e0 bas bruit, corps c\u00e9lestes, rayonnement cosmique, biologie et <a href=\"https:\/\/www.slate.fr\/dossier\/4393\/adn\" class=\"tag-link\" rel=\"nofollow noopener\" target=\"_blank\">ADN<\/a> dans les roches\u2026\u00bb Avec un champ lexical de cette trempe a-t-on vraiment besoin de r\u00e9cits alternatifs pour faire vibrer notre imagination?<\/p>\n","protected":false},"excerpt":{"rendered":"Le plateau d&rsquo;Albion, situ\u00e9 entre le Vaucluse, la Dr\u00f4me et les Alpes-de-Haute-Provence, a \u00e9t\u00e9 le c\u0153ur du dispositif&hellip;\n","protected":false},"author":2,"featured_media":274718,"comment_status":"","ping_status":"","sticky":false,"template":"","format":"standard","meta":{"footnotes":""},"categories":[1586],"tags":[11,1777,674,1779,1011,27,12,25,1778,364],"class_list":{"0":"post-274717","1":"post","2":"type-post","3":"status-publish","4":"format-standard","5":"has-post-thumbnail","7":"category-europe","8":"tag-actualites","9":"tag-eu","10":"tag-europe","11":"tag-european-union","12":"tag-fr","13":"tag-france","14":"tag-news","15":"tag-republique-francaise","16":"tag-ue","17":"tag-union-europeenne"},"share_on_mastodon":{"url":"https:\/\/pubeurope.com\/@fr\/114918465529641584","error":""},"_links":{"self":[{"href":"https:\/\/www.europesays.com\/fr\/wp-json\/wp\/v2\/posts\/274717","targetHints":{"allow":["GET"]}}],"collection":[{"href":"https:\/\/www.europesays.com\/fr\/wp-json\/wp\/v2\/posts"}],"about":[{"href":"https:\/\/www.europesays.com\/fr\/wp-json\/wp\/v2\/types\/post"}],"author":[{"embeddable":true,"href":"https:\/\/www.europesays.com\/fr\/wp-json\/wp\/v2\/users\/2"}],"replies":[{"embeddable":true,"href":"https:\/\/www.europesays.com\/fr\/wp-json\/wp\/v2\/comments?post=274717"}],"version-history":[{"count":0,"href":"https:\/\/www.europesays.com\/fr\/wp-json\/wp\/v2\/posts\/274717\/revisions"}],"wp:featuredmedia":[{"embeddable":true,"href":"https:\/\/www.europesays.com\/fr\/wp-json\/wp\/v2\/media\/274718"}],"wp:attachment":[{"href":"https:\/\/www.europesays.com\/fr\/wp-json\/wp\/v2\/media?parent=274717"}],"wp:term":[{"taxonomy":"category","embeddable":true,"href":"https:\/\/www.europesays.com\/fr\/wp-json\/wp\/v2\/categories?post=274717"},{"taxonomy":"post_tag","embeddable":true,"href":"https:\/\/www.europesays.com\/fr\/wp-json\/wp\/v2\/tags?post=274717"}],"curies":[{"name":"wp","href":"https:\/\/api.w.org\/{rel}","templated":true}]}}