{"id":274727,"date":"2025-07-26T08:01:12","date_gmt":"2025-07-26T08:01:12","guid":{"rendered":"https:\/\/www.europesays.com\/fr\/274727\/"},"modified":"2025-07-26T08:01:12","modified_gmt":"2025-07-26T08:01:12","slug":"nrl-daly-cherry-evans-de-plus-en-plus-proche-des-roosters-rugby-a-xiii","status":"publish","type":"post","link":"https:\/\/www.europesays.com\/fr\/274727\/","title":{"rendered":"NRL &#8211; Daly Cherry-Evans de plus en plus proche des Roosters &#8211; Rugby \u00e0 XIII"},"content":{"rendered":"<p style=\"text-align: justify;\"><strong>En partance de Manly, son club de toujours, Daly Cherry-Evans devrait vraisemblablement atterrir aux Roosters la saison prochaine.<\/strong><\/p>\n<p style=\"text-align: justify;\" data-start=\"118\" data-end=\"351\">Mais DCE ne rejoindra apparemment pas les Roosters uniquement en tant que joueur. Le journaliste Michael Chammas a rapport\u00e9 que Cherry-Evans entamera \u00e9galement une transition vers un r\u00f4le d\u2019entra\u00eeneur au sein du club tricolore post saison 2026. Trent Robinson est sous contrat jusqu\u2019en 2028, cela laisserait donc deux saisons \u00e0 DCE aux c\u00f4t\u00e9s de Robinson pour se former.<\/p>\n<p style=\"text-align: justify;\" data-start=\"353\" data-end=\"662\" data-is-last-node=\"\" data-is-only-node=\"\">DCE est l\u2019un des joueurs les plus importants de Manly, les ayant men\u00e9s deux fois en finale (2011 &amp; 2013) avec un titre \u00e0 la cl\u00e9 (2011). Il est capitaine de l\u2019\u00e9quipe depuis 2017, a \u00e9t\u00e9 capitaine du Queensland en State of Origin et a particip\u00e9 \u00e0 plusieurs Coupes du monde avec l\u2019Australie.<\/p>\n<p style=\"text-align: justify;\">Les Roosters comptent d\u00e9j\u00e0 Sam Walker, Hugo Savala et Sandon Smith parmi les animateurs. L\u2019arriv\u00e9e de DCE pourrait \u00eatre synonyme de d\u00e9part pour Sandon Smith.<\/p>\n<blockquote class=\"twitter-tweet\" data-width=\"500\" data-dnt=\"true\">\n<p lang=\"en\" dir=\"ltr\">The length of Daly Cherry-Evans&rsquo; Roosters deal has been revealed \ud83d\udcb8<\/p>\n<p>And there is a coaching twist in the Manly skipper&rsquo;s club switch\u2026<\/p>\n<p>TRANSFER WHISPERS \ud83d\udc49<a href=\"https:\/\/t.co\/MNReAwBI0o\">https:\/\/t.co\/MNReAwBI0o<\/a> <a href=\"https:\/\/t.co\/oxDhL23a6b\">pic.twitter.com\/oxDhL23a6b<\/a><\/p>\n<p>\u2014 Fox League (@FOXNRL) <a href=\"https:\/\/twitter.com\/FOXNRL\/status\/1947784182220177801?ref_src=twsrc%5Etfw\" target=\"_blank\" rel=\"noopener\">July 22, 2025<\/a><\/p>\n<\/blockquote>\n<p>        <script async src=\"https:\/\/platform.twitter.com\/widgets.js\" charset=\"utf-8\"><\/script><\/p>\n","protected":false},"excerpt":{"rendered":"En partance de Manly, son club de toujours, Daly Cherry-Evans devrait vraisemblablement atterrir aux Roosters la saison prochaine.&hellip;\n","protected":false},"author":2,"featured_media":274728,"comment_status":"","ping_status":"","sticky":false,"template":"","format":"standard","meta":{"footnotes":""},"categories":[1416],"tags":[41421,41422,1011,27,30007,4473,41423,479,2228,1468,2229,60],"class_list":{"0":"post-274727","1":"post","2":"type-post","3":"status-publish","4":"format-standard","5":"has-post-thumbnail","7":"category-rugby","8":"tag-daly-cherry-evans","9":"tag-dce","10":"tag-fr","11":"tag-france","12":"tag-manly-sea-eagles","13":"tag-nrl","14":"tag-roosters","15":"tag-rugby","16":"tag-rugby-a-xiii","17":"tag-rugby-football","18":"tag-rugby-league","19":"tag-sports"},"share_on_mastodon":{"url":"","error":""},"_links":{"self":[{"href":"https:\/\/www.europesays.com\/fr\/wp-json\/wp\/v2\/posts\/274727","targetHints":{"allow":["GET"]}}],"collection":[{"href":"https:\/\/www.europesays.com\/fr\/wp-json\/wp\/v2\/posts"}],"about":[{"href":"https:\/\/www.europesays.com\/fr\/wp-json\/wp\/v2\/types\/post"}],"author":[{"embeddable":true,"href":"https:\/\/www.europesays.com\/fr\/wp-json\/wp\/v2\/users\/2"}],"replies":[{"embeddable":true,"href":"https:\/\/www.europesays.com\/fr\/wp-json\/wp\/v2\/comments?post=274727"}],"version-history":[{"count":0,"href":"https:\/\/www.europesays.com\/fr\/wp-json\/wp\/v2\/posts\/274727\/revisions"}],"wp:featuredmedia":[{"embeddable":true,"href":"https:\/\/www.europesays.com\/fr\/wp-json\/wp\/v2\/media\/274728"}],"wp:attachment":[{"href":"https:\/\/www.europesays.com\/fr\/wp-json\/wp\/v2\/media?parent=274727"}],"wp:term":[{"taxonomy":"category","embeddable":true,"href":"https:\/\/www.europesays.com\/fr\/wp-json\/wp\/v2\/categories?post=274727"},{"taxonomy":"post_tag","embeddable":true,"href":"https:\/\/www.europesays.com\/fr\/wp-json\/wp\/v2\/tags?post=274727"}],"curies":[{"name":"wp","href":"https:\/\/api.w.org\/{rel}","templated":true}]}}