{"id":274729,"date":"2025-07-26T08:02:10","date_gmt":"2025-07-26T08:02:10","guid":{"rendered":"https:\/\/www.europesays.com\/fr\/274729\/"},"modified":"2025-07-26T08:02:10","modified_gmt":"2025-07-26T08:02:10","slug":"corentin-moutet-alex-de-minaur-atp-500-washington-demi-finales-dimanche-27-juillet-2025-lequipe","status":"publish","type":"post","link":"https:\/\/www.europesays.com\/fr\/274729\/","title":{"rendered":"Corentin Moutet &#8211; Alex De Minaur, ATP 500, Washington, Demi-finales, Dimanche 27 juillet 2025 &#8211; L&#039;\u00c9quipe"},"content":{"rendered":"<ol>\n<li><a href=\"https:\/\/news.google.com\/rss\/articles\/CBMizAFBVV95cUxNNUV6OVpTRWZQd2JoWEtsV1piM01HTDVYUGl3a0d5RHRZYWxSdHJsZEw4RFNRd0JWRlBEakFBbF9rUlNwWUJpT0ZqNEZkOWdJLTczNjVsdkk5azRLY2Y1OEVILWdwSnNJZDI5dTdvR05hZlRJaFE4a3RWMDZUUU03bm1mNlpraXpqengyN1JrTUhlaDQzWnYyNVgwM0RJVnM5ZWN6S2w0TWFTOUR4enJQc0hvc1BwTlpBRlRsY1FPa0FybGp1V0dpREp0Zzg?oc=5\" target=\"_blank\" rel=\"nofollow noopener\">Corentin Moutet &#8211; Alex De Minaur, ATP 500, Washington, Demi-finales, Dimanche 27 juillet 2025<\/a>&nbsp;&nbsp;L&rsquo;\u00c9quipe<\/li>\n<li><a href=\"https:\/\/news.google.com\/rss\/articles\/CBMinAFBVV95cUxOT2k1N3NiVmxNRXJ3MU1oZnBFMDlGcG94ZWxiNm9hTXpZYm9uOFR4TS1XbklxTF84S1Z4Tjl3cGQyTWN2LTF6aVMybi1GdU9oNW43X0ZCaEJwckF3VkNMcnRBUTZSbmlqcW1sdFdqMGRPekIyYnB5aURqbTd0MnFNRHNlZGo3bUQycHgwa08tV1daa0NVeTZzeF9hRjI?oc=5\" target=\"_blank\" rel=\"nofollow noopener\">Nouvelle d\u00e9ception pour Mpetshi Perricard<\/a>&nbsp;&nbsp;MSN<\/li>\n<li><a href=\"https:\/\/news.google.com\/rss\/articles\/CBMiuwFBVV95cUxNRkZNNTNuTWNQNlJpSTJsNzJiUnNoY1lGZUZ1T0lPNmx3Qzc5UWwzdTl4cWN1ZmN4UUZYZ3Z0X3MtQzF5dlR5Tll0NFBFTDJwNlhmN0NvUlVWRjd2N0wzdjBjVXJaYU16TFVuQnUyQ09RX0taaWNIVFFlNzJjbkdZb1RWYzRLdGxTelAzSjROSmw2c0p0b2lQcWNXM3I5UTBlY0hROGFzRXBFbEk5NkkyTWdSQl81TUg1MDZZ?oc=5\" target=\"_blank\" rel=\"nofollow noopener\">Tennis : M\u00fcller passe enfin le premier tour, Bonzi d\u00e9j\u00e0 sorti \u00e0 Washington<\/a>&nbsp;&nbsp;Le Figaro<\/li>\n<li><a href=\"https:\/\/news.google.com\/rss\/articles\/CBMiqgFBVV95cUxQbFpab2xJZlAxaGVFcUtxY0xWZ3BQcWVWZUJqczVnTGJTY2p2SFpDNzNZOW42MmJCMkdoTlZZcG5BdHY3ZjZoYkNYRXFic3o0aS00TzdQZ2JYeG9KZHk4b3NES2lPLURVdHVPU0xxQ2dpbXE3OGVndzZ2b1NMY3FKSTRwTlB4bU5TNS1YYTVxeGJoeWxpQ1FJQVpFaHo2ZDc5X0tVZXVHenpJd9IBqAFBVV95cUxQdFRnUnVabEczZGJGUFlub0RsSDZCQ2hlQ2FGM1E1bXNwTUt3VnZ2RThyVEk5Y1pJZXJnMkdjWFZkQjMzdXhwZ3lRblJBRmQ4ejg3ZWNnOFJOU3RuWHkzbHNpcnE3ZFd6eFI1RWJJYzF3OHBrNEN6MHNqcUxmS1h0YUM5UnB3NDRiQ0NYMkFmMzgwTTA1Z3NHZHE5Q3ZaVmZzUVNHSkdjS24?oc=5\" target=\"_blank\" rel=\"nofollow noopener\">ATP &#8211; Washington : Quatre Am\u00e9ricains en quarts<\/a>&nbsp;&nbsp;Orange Actualit\u00e9s | Sports<\/li>\n<li><a href=\"https:\/\/news.google.com\/rss\/articles\/CBMiogFBVV95cUxPbFR0VjJKZmkzSWk2bGZuVTlHd1VYMkNnTERZaHltQ0t4RE9wd0JOMUlxZ01tOFd0S2NDZmljdUVHdlRNc1FnNDVEbGQ5eUt1UUpGVy1MaHQ3T3NxVUpWa1UxV25NajBtTWFzX2lMckRoZnlQaVZ5NzJZdlZ2MW5KY0VrazMyd29HVjhqYnlod3FXTWhBOGZLTWF6LVpwYnk2enc?oc=5\" target=\"_blank\" rel=\"nofollow noopener\">ATP Washington : le tableau et les r\u00e9sultats en direct<\/a>&nbsp;&nbsp;Ski-Nordique<\/li>\n<\/ol>\n","protected":false},"excerpt":{"rendered":"Corentin Moutet &#8211; Alex De Minaur, ATP 500, Washington, Demi-finales, Dimanche 27 juillet 2025&nbsp;&nbsp;L&rsquo;\u00c9quipe Nouvelle d\u00e9ception pour Mpetshi&hellip;\n","protected":false},"author":2,"featured_media":1983,"comment_status":"","ping_status":"","sticky":false,"template":"","format":"standard","meta":{"footnotes":""},"categories":[1415],"tags":[1011,27,60,1467],"class_list":{"0":"post-274729","1":"post","2":"type-post","3":"status-publish","4":"format-standard","5":"has-post-thumbnail","7":"category-tennis","8":"tag-fr","9":"tag-france","10":"tag-sports","11":"tag-tennis"},"share_on_mastodon":{"url":"https:\/\/pubeurope.com\/@fr\/114918492886690092","error":""},"_links":{"self":[{"href":"https:\/\/www.europesays.com\/fr\/wp-json\/wp\/v2\/posts\/274729","targetHints":{"allow":["GET"]}}],"collection":[{"href":"https:\/\/www.europesays.com\/fr\/wp-json\/wp\/v2\/posts"}],"about":[{"href":"https:\/\/www.europesays.com\/fr\/wp-json\/wp\/v2\/types\/post"}],"author":[{"embeddable":true,"href":"https:\/\/www.europesays.com\/fr\/wp-json\/wp\/v2\/users\/2"}],"replies":[{"embeddable":true,"href":"https:\/\/www.europesays.com\/fr\/wp-json\/wp\/v2\/comments?post=274729"}],"version-history":[{"count":0,"href":"https:\/\/www.europesays.com\/fr\/wp-json\/wp\/v2\/posts\/274729\/revisions"}],"wp:featuredmedia":[{"embeddable":true,"href":"https:\/\/www.europesays.com\/fr\/wp-json\/wp\/v2\/media\/1983"}],"wp:attachment":[{"href":"https:\/\/www.europesays.com\/fr\/wp-json\/wp\/v2\/media?parent=274729"}],"wp:term":[{"taxonomy":"category","embeddable":true,"href":"https:\/\/www.europesays.com\/fr\/wp-json\/wp\/v2\/categories?post=274729"},{"taxonomy":"post_tag","embeddable":true,"href":"https:\/\/www.europesays.com\/fr\/wp-json\/wp\/v2\/tags?post=274729"}],"curies":[{"name":"wp","href":"https:\/\/api.w.org\/{rel}","templated":true}]}}