{"id":274730,"date":"2025-07-26T08:04:09","date_gmt":"2025-07-26T08:04:09","guid":{"rendered":"https:\/\/www.europesays.com\/fr\/274730\/"},"modified":"2025-07-26T08:04:09","modified_gmt":"2025-07-26T08:04:09","slug":"motogp-apres-le-g-p-de-republique-tcheque-rectification-du-classement-des-crashs-zarco-p1","status":"publish","type":"post","link":"https:\/\/www.europesays.com\/fr\/274730\/","title":{"rendered":"MotoGP Apr\u00e8s le G.P de R\u00e9publique Tch\u00e8que, rectification du classement des crashs, Zarco P1 !"},"content":{"rendered":"<p>Le Grand-Prix de R\u00e9publique Tch\u00e8que de MotoGP aura \u00e9t\u00e9 riche en chute, pour son retour au calendrier. Au point d\u2019entra\u00eener une modification de la hi\u00e9rarchie, en termes de nombre de crashs cette saison. Et malheureusement, Johann Zarco reste le leader de ce classement. Toutefois, Joan Mir est d\u00e9sormais co-leader, \u00e0 \u00e9galit\u00e9 d\u2019accidents avec son coll\u00e8gue de chez Honda.<\/p>\n<p>MotoGP : deux pilotes Honda en t\u00eate des chutes, pas un hasard ?<\/p>\n<p>Effectivement, les deux hommes sont tomb\u00e9s, chacun, quinze fois depuis le d\u00e9but de l\u2019ann\u00e9e. A leur d\u00e9charge, si les deux pilotes en t\u00eate de ce classement oeuvrent chez Honda, c\u2019est probablement que la moto japonaise, comme par le pass\u00e9 (avec Marc Marquez, notamment), est la plus pi\u00e9geuse du plateau. M\u00eame si, \u00e0 l\u2019inverse, Luca Marini est dernier, avec z\u00e9ro chute\u2026L\u2019Italien ayant globalement moins brill\u00e9 que ses deux camarades, pour l\u2019instant.<\/p>\n<p>Sur la troisi\u00e8me marche du podium, ils sont trois pilotes \u00e0 \u00e9galit\u00e9 \u00e0 savoir, Marco Bezzecchi, Jack Miller, Franco Morbidelli et Alex Marquez. Pour sa part, le tricolore Fabio Quartararo est plus loin, avec seulement sept chutes. Concernant le leader du championnat, Marc Marquez, il n\u2019a chut\u00e9 que 8 fois soit, un crash de plus que Francesco Bagnaia. Voici l\u2019ensemble de cette hi\u00e9rarchie, apr\u00e8s le Grand-Prix de Tch\u00e9quie de MotoGP, \u00e0 Brno.<\/p>\n<blockquote class=\"instagram-media\" style=\"background: #FFF; border: 0; border-radius: 3px; box-shadow: 0 0 1px 0 rgba(0,0,0,0.5),0 1px 10px 0 rgba(0,0,0,0.15); margin: 1px; max-width: 540px; min-width: 326px; padding: 0; width: calc(100% - 2px);\" data-instgrm-captioned=\"\" data-instgrm-permalink=\"https:\/\/www.instagram.com\/p\/DMcyFLwiida\/?utm_source=ig_embed&amp;utm_campaign=loading\" data-instgrm-version=\"14\">\n<\/blockquote>\n<p>Article publi\u00e9 le 26\/07\/2025 \u00e0 6h13<\/p>\n<p>                                                            <script async src=\"\/\/www.instagram.com\/embed.js\"><\/script><\/p>\n","protected":false},"excerpt":{"rendered":"Le Grand-Prix de R\u00e9publique Tch\u00e8que de MotoGP aura \u00e9t\u00e9 riche en chute, pour son retour au calendrier. Au&hellip;\n","protected":false},"author":2,"featured_media":274731,"comment_status":"","ping_status":"","sticky":false,"template":"","format":"standard","meta":{"footnotes":""},"categories":[1413],"tags":[1981,1011,27,1457,1456,1458,60],"class_list":{"0":"post-274730","1":"post","2":"type-post","3":"status-publish","4":"format-standard","5":"has-post-thumbnail","7":"category-moto","8":"tag-classement","9":"tag-fr","10":"tag-france","11":"tag-moto","12":"tag-motocycle","13":"tag-motogp","14":"tag-sports"},"share_on_mastodon":{"url":"https:\/\/pubeurope.com\/@fr\/114918500850862862","error":""},"_links":{"self":[{"href":"https:\/\/www.europesays.com\/fr\/wp-json\/wp\/v2\/posts\/274730","targetHints":{"allow":["GET"]}}],"collection":[{"href":"https:\/\/www.europesays.com\/fr\/wp-json\/wp\/v2\/posts"}],"about":[{"href":"https:\/\/www.europesays.com\/fr\/wp-json\/wp\/v2\/types\/post"}],"author":[{"embeddable":true,"href":"https:\/\/www.europesays.com\/fr\/wp-json\/wp\/v2\/users\/2"}],"replies":[{"embeddable":true,"href":"https:\/\/www.europesays.com\/fr\/wp-json\/wp\/v2\/comments?post=274730"}],"version-history":[{"count":0,"href":"https:\/\/www.europesays.com\/fr\/wp-json\/wp\/v2\/posts\/274730\/revisions"}],"wp:featuredmedia":[{"embeddable":true,"href":"https:\/\/www.europesays.com\/fr\/wp-json\/wp\/v2\/media\/274731"}],"wp:attachment":[{"href":"https:\/\/www.europesays.com\/fr\/wp-json\/wp\/v2\/media?parent=274730"}],"wp:term":[{"taxonomy":"category","embeddable":true,"href":"https:\/\/www.europesays.com\/fr\/wp-json\/wp\/v2\/categories?post=274730"},{"taxonomy":"post_tag","embeddable":true,"href":"https:\/\/www.europesays.com\/fr\/wp-json\/wp\/v2\/tags?post=274730"}],"curies":[{"name":"wp","href":"https:\/\/api.w.org\/{rel}","templated":true}]}}