{"id":274732,"date":"2025-07-26T08:05:11","date_gmt":"2025-07-26T08:05:11","guid":{"rendered":"https:\/\/www.europesays.com\/fr\/274732\/"},"modified":"2025-07-26T08:05:11","modified_gmt":"2025-07-26T08:05:11","slug":"verstappen-doute-que-son-avantage-en-ligne-droite-serve-face-a-piastri","status":"publish","type":"post","link":"https:\/\/www.europesays.com\/fr\/274732\/","title":{"rendered":"Verstappen doute que son avantage en ligne droite serve face \u00e0 Piastri"},"content":{"rendered":"<p><a href=\"https:\/\/fr.motorsport.com\/driver\/max-verstappen\/93029\/\" target=\"_blank\" rel=\"noopener\">Max Verstappen<\/a> a sign\u00e9 le deuxi\u00e8me temps des qualifications sprint ce vendredi \u00e0 Spa, mais en affichant un retard de 0&Prime;477 sur <a href=\"https:\/\/fr.motorsport.com\/driver\/oscar-piastri\/835356\/\" target=\"_blank\" rel=\"noopener\">Oscar Piastri<\/a>, qui semble sur un nuage depuis son arriv\u00e9e au Grand Prix de Belgique, et une avance de 0&Prime;141 sur <a href=\"https:\/\/fr.motorsport.com\/driver\/lando-norris\/289708\/\" target=\"_blank\" rel=\"noopener\">Lando Norris<\/a>.\u00a0<\/p>\n<p>Pour le N\u00e9erlandais, la performance est en tout cas le reflet de ce que sa <a href=\"https:\/\/fr.motorsport.com\/team\/red-bull\/553\/\" target=\"_blank\" rel=\"noopener\">Red Bull<\/a> \u00e9tait capable d&rsquo;atteindre dans cette s\u00e9ance\u00a0: \u00ab\u00a0Je pense que oui. Je veux dire, \u00eatre deuxi\u00e8me entre eux deux [les <a href=\"https:\/\/fr.motorsport.com\/team\/mclaren\/609\/\" target=\"_blank\" rel=\"noopener\">McLaren<\/a>], c&rsquo;est d\u00e9j\u00e0 un bon r\u00e9sultat pour nous. Et je pense que nous avons tir\u00e9 le maximum. J&rsquo;ai pris du plaisir sur la piste.\u00a0Le tour en lui-m\u00eame \u00e9tait correct, il \u00e9tait bon.\u00a0\u00bb<\/p>\n<blockquote>\n<p>Bien s\u00fbr, l&rsquo;\u00e9cart est tr\u00e8s important. Mais il \u00e9tait d\u00e9j\u00e0 important en EL1. Ce n&rsquo;est donc pas une grande surprise.<\/p>\n<\/blockquote>\n<p>\u00ab\u00a0Bien s\u00fbr, l&rsquo;\u00e9cart est tr\u00e8s important. Mais il \u00e9tait d\u00e9j\u00e0 important en EL1. Ce n&rsquo;est donc pas une grande surprise. Nous devons simplement nous concentrer sur nous-m\u00eames et travailler, bien s\u00fbr, sur l&rsquo;\u00e9quilibre de la voiture et essayer d&rsquo;aller plus vite.\u00a0\u00bb<\/p>\n<p>L&rsquo;\u00e9quilibre de la RB21 a \u00e9t\u00e9 au c\u0153ur du travail de l&rsquo;\u00e9curie depuis son arriv\u00e9e \u00e0 Spa, avec une orientation clairement fix\u00e9e sur une voiture d\u00e9charg\u00e9e en appui a\u00e9rodynamique pour s&rsquo;assurer une meilleure vitesse de pointe dans les pleines charges du trac\u00e9 ardennais ; lors de la s\u00e9ance, Verstappen a atteint 345,3 km\/h contre 341,4 pour Piastri. Une caract\u00e9ristique qui pourrait s&rsquo;av\u00e9rer utile en course, notamment au d\u00e9part, pour d\u00e9passer.\u00a0<\/p>\n<p>Verstappen n&rsquo;est toutefois pas convaincu que cela suffise au vu de l&rsquo;avantage dont jouit Piastri. \u00ab\u00a0Quand on a pr\u00e8s de cinq dixi\u00e8mes de retard, je ne pense pas qu&rsquo;aller plus vite ou plus lentement dans les lignes droites fasse une grande diff\u00e9rence. Nous devons simplement faire notre course et voir ce que nous pouvons faire.\u00a0\u00bb<\/p>\n<p>Enfin, interrog\u00e9 sur <a href=\"https:\/\/fr.motorsport.com\/f1\/news\/red-bull-ferrari-williams-beaucoup-evolutions-spa\/10744929\/\" target=\"_self\" rel=\"noopener\">les \u00e9volutions apport\u00e9es par son \u00e9curie en Belgique<\/a>, le quadruple champion du monde estime qu&rsquo;elles ont jusqu&rsquo;ici plut\u00f4t fonctionn\u00e9\u00a0: \u00ab\u00a0Je pense que oui. Je veux dire, c&rsquo;est toujours difficile lors d&rsquo;un week-end sprint de dire exactement ce qu&rsquo;elles apportent, bien s\u00fbr. Mais ensuite, quand on regarde l&rsquo;\u00e9cart, ce n&rsquo;est pas ce qu&rsquo;on veut, n&rsquo;est-ce pas ? Mais on continue \u00e0 progresser, \u00e0 essayer de trouver plus de performances. Mais les autres \u00e9quipes font la m\u00eame chose, vous savez. C&rsquo;est comme \u00e7a que \u00e7a marche.\u00a0\u00bb<\/p>\n<p>Lire aussi :<\/p>\n<p>Dans cet article<\/p>\n<p>Soyez le premier inform\u00e9 et souscrivez aux alertes mails pour recevoir les infos en temps r\u00e9el<\/p>\n<p>    S&rsquo;abonner aux alertes de news<\/p>\n","protected":false},"excerpt":{"rendered":"Max Verstappen a sign\u00e9 le deuxi\u00e8me temps des qualifications sprint ce vendredi \u00e0 Spa, mais en affichant un&hellip;\n","protected":false},"author":2,"featured_media":274733,"comment_status":"","ping_status":"","sticky":false,"template":"","format":"standard","meta":{"footnotes":""},"categories":[1412],"tags":[1451,1452,1453,1454,1455,1011,27,38196,2236,2255,19528,60],"class_list":{"0":"post-274732","1":"post","2":"type-post","3":"status-publish","4":"format-standard","5":"has-post-thumbnail","7":"category-f1","8":"tag-f1","9":"tag-formula-1","10":"tag-formula1","11":"tag-formule-1","12":"tag-formule1","13":"tag-fr","14":"tag-france","15":"tag-gp-de-belgique","16":"tag-max-verstappen","17":"tag-red-bull","18":"tag-spa-francorchamps","19":"tag-sports"},"share_on_mastodon":{"url":"https:\/\/pubeurope.com\/@fr\/114918504749684184","error":""},"_links":{"self":[{"href":"https:\/\/www.europesays.com\/fr\/wp-json\/wp\/v2\/posts\/274732","targetHints":{"allow":["GET"]}}],"collection":[{"href":"https:\/\/www.europesays.com\/fr\/wp-json\/wp\/v2\/posts"}],"about":[{"href":"https:\/\/www.europesays.com\/fr\/wp-json\/wp\/v2\/types\/post"}],"author":[{"embeddable":true,"href":"https:\/\/www.europesays.com\/fr\/wp-json\/wp\/v2\/users\/2"}],"replies":[{"embeddable":true,"href":"https:\/\/www.europesays.com\/fr\/wp-json\/wp\/v2\/comments?post=274732"}],"version-history":[{"count":0,"href":"https:\/\/www.europesays.com\/fr\/wp-json\/wp\/v2\/posts\/274732\/revisions"}],"wp:featuredmedia":[{"embeddable":true,"href":"https:\/\/www.europesays.com\/fr\/wp-json\/wp\/v2\/media\/274733"}],"wp:attachment":[{"href":"https:\/\/www.europesays.com\/fr\/wp-json\/wp\/v2\/media?parent=274732"}],"wp:term":[{"taxonomy":"category","embeddable":true,"href":"https:\/\/www.europesays.com\/fr\/wp-json\/wp\/v2\/categories?post=274732"},{"taxonomy":"post_tag","embeddable":true,"href":"https:\/\/www.europesays.com\/fr\/wp-json\/wp\/v2\/tags?post=274732"}],"curies":[{"name":"wp","href":"https:\/\/api.w.org\/{rel}","templated":true}]}}