{"id":274736,"date":"2025-07-26T08:07:11","date_gmt":"2025-07-26T08:07:11","guid":{"rendered":"https:\/\/www.europesays.com\/fr\/274736\/"},"modified":"2025-07-26T08:07:11","modified_gmt":"2025-07-26T08:07:11","slug":"psg-mercato-paris-perd-un-gardien-deux-pointures-font-leurs-adieux","status":"publish","type":"post","link":"https:\/\/www.europesays.com\/fr\/274736\/","title":{"rendered":"PSG Mercato : Paris perd un gardien, deux pointures font leurs adieux !\u00a0"},"content":{"rendered":"<p><strong>Le <a href=\"https:\/\/www.butfootballclub.fr\/psg-luis-enrique-fait-un-cadeau-a-ses-joueurs-mais-prend-un-enorme-risque\/\" rel=\"nofollow noopener\" target=\"_blank\">PSG<\/a> continue de d\u00e9graisser son effectif cet \u00e9t\u00e9. Tandis que Lucas Lavall\u00e9e quitte le club d\u00e9finitivement, deux cadres du vestiaire parisien, Milan Skriniar et Marco Asensio, ont fait leurs adieux.\u00a0<\/strong><\/p>\n<p>Le vent du changement souffle fort au Camp des Loges. \u00c0 quelques semaines de la reprise de la Ligue 1, le<a href=\"https:\/\/www.butfootballclub.fr\/psg-mercato-ca-patine-pour-donnarumma-son-agent-critique-le-club\/\" rel=\"nofollow noopener\" target=\"_blank\"> Paris Saint-Germain<\/a> poursuit sa mue estivale, avec plusieurs d\u00e9parts ent\u00e9rin\u00e9s ou imminents. Et ce vendredi, ce sont trois joueurs qui ont officiellement \u2013 ou officieusement \u2013 tourn\u00e9 la page parisienne.<\/p>\n<p>Le premier \u00e0 faire ses valises n\u2019est autre que Lucas Lavall\u00e9e. Recrut\u00e9 en 2021 en provenance du LOSC, le jeune gardien de 22 ans n\u2019a jamais r\u00e9ussi \u00e0 s\u2019imposer dans la hi\u00e9rarchie des portiers parisiens, barr\u00e9 successivement par Donnarumma, Navas, Rico ou Tenas. Pr\u00eat\u00e9 \u00e0 Dunkerque puis Aubagne lors des deux derni\u00e8res saisons, Lavall\u00e9e quitte Paris d\u00e9finitivement pour s\u2019engager avec la Berrichonne de Ch\u00e2teauroux, en National. Une descente de deux \u00e9tages, mais un choix de carri\u00e8re assum\u00e9 pour relancer une trajectoire jusque-l\u00e0 frein\u00e9e.<\/p>\n<p><strong>Skriniar et Asensio proches de la Turquie\u00a0<\/strong><\/p>\n<p>Les deux internationaux ont dit au revoir \u00e0 leurs co\u00e9quipiers ce matin au centre d\u2019entra\u00eenement. Selon plusieurs sources concordantes, leur d\u00e9part vers Fenerbah\u00e7e est act\u00e9. Le club turc a trouv\u00e9 un accord total avec le <a href=\"https:\/\/www.butfootballclub.fr\/psg-mercato-une-offre-folle-est-partie-pour-osimhen\/\" rel=\"nofollow noopener\" target=\"_blank\">PSG<\/a> pour un double transfert qui sera officialis\u00e9 dans les tout prochains jours. La seule raison du d\u00e9lai ? Le pr\u00e9sident de Fenerbah\u00e7e, Ali Ko\u00e7, souhaite annoncer lui-m\u00eame leur arriv\u00e9e lors d\u2019une r\u00e9union du conseil d\u2019administration du club, \u00e9v\u00e9nement pr\u00e9vu tr\u00e8s prochainement.<\/p>\n<p>Ces d\u00e9parts s\u2019inscrivent dans une logique globale de renouvellement du groupe men\u00e9e par Luis Campos et Luis Enrique. En attendant l\u2019officialisation du duo Asensio\u2013Skriniar en Turquie, Paris tourne une nouvelle page. Et les supporters, eux, scrutent d\u00e9j\u00e0 les noms qui pourraient venir \u00e9crire la suivante.<\/p>\n","protected":false},"excerpt":{"rendered":"Le PSG continue de d\u00e9graisser son effectif cet \u00e9t\u00e9. Tandis que Lucas Lavall\u00e9e quitte le club d\u00e9finitivement, deux&hellip;\n","protected":false},"author":2,"featured_media":274737,"comment_status":"","ping_status":"","sticky":false,"template":"","format":"standard","meta":{"footnotes":""},"categories":[1410],"tags":[11,448,63,1011,27,66,3388,12,60,10662],"class_list":{"0":"post-274736","1":"post","2":"type-post","3":"status-publish","4":"format-standard","5":"has-post-thumbnail","7":"category-football","8":"tag-actualites","9":"tag-champions-league","10":"tag-football","11":"tag-fr","12":"tag-france","13":"tag-ligue-1","14":"tag-matchs","15":"tag-news","16":"tag-sports","17":"tag-transferts"},"share_on_mastodon":{"url":"https:\/\/pubeurope.com\/@fr\/114918512682411231","error":""},"_links":{"self":[{"href":"https:\/\/www.europesays.com\/fr\/wp-json\/wp\/v2\/posts\/274736","targetHints":{"allow":["GET"]}}],"collection":[{"href":"https:\/\/www.europesays.com\/fr\/wp-json\/wp\/v2\/posts"}],"about":[{"href":"https:\/\/www.europesays.com\/fr\/wp-json\/wp\/v2\/types\/post"}],"author":[{"embeddable":true,"href":"https:\/\/www.europesays.com\/fr\/wp-json\/wp\/v2\/users\/2"}],"replies":[{"embeddable":true,"href":"https:\/\/www.europesays.com\/fr\/wp-json\/wp\/v2\/comments?post=274736"}],"version-history":[{"count":0,"href":"https:\/\/www.europesays.com\/fr\/wp-json\/wp\/v2\/posts\/274736\/revisions"}],"wp:featuredmedia":[{"embeddable":true,"href":"https:\/\/www.europesays.com\/fr\/wp-json\/wp\/v2\/media\/274737"}],"wp:attachment":[{"href":"https:\/\/www.europesays.com\/fr\/wp-json\/wp\/v2\/media?parent=274736"}],"wp:term":[{"taxonomy":"category","embeddable":true,"href":"https:\/\/www.europesays.com\/fr\/wp-json\/wp\/v2\/categories?post=274736"},{"taxonomy":"post_tag","embeddable":true,"href":"https:\/\/www.europesays.com\/fr\/wp-json\/wp\/v2\/tags?post=274736"}],"curies":[{"name":"wp","href":"https:\/\/api.w.org\/{rel}","templated":true}]}}