{"id":274740,"date":"2025-07-26T08:09:11","date_gmt":"2025-07-26T08:09:11","guid":{"rendered":"https:\/\/www.europesays.com\/fr\/274740\/"},"modified":"2025-07-26T08:09:11","modified_gmt":"2025-07-26T08:09:11","slug":"consternes-par-la-critique-a-leur-egard-les-auteurs-des-fresques-franju-repondent","status":"publish","type":"post","link":"https:\/\/www.europesays.com\/fr\/274740\/","title":{"rendered":"\u00ab Constern\u00e9s \u00bb par la critique \u00e0 leur \u00e9gard, les auteurs des fresques Franju r\u00e9pondent"},"content":{"rendered":"<p>            Par<br \/>\n        <strong><br \/>\n            <a href=\"https:\/\/actu.fr\/auteur\/manuel-rodriguez\" title=\"Consulter tous les articles de Manuel Rodriguez\" rel=\"nofollow noopener\" target=\"_blank\">Manuel Rodriguez<\/a><br \/>\n        <\/strong><\/p>\n<p>        Publi\u00e9 le<\/p>\n<p>            26 juil. 2025 \u00e0 6h30        <\/p>\n<p>\u00ab Concern\u00e9s et constern\u00e9s par <a href=\"https:\/\/actu.fr\/bretagne\/fougeres_35115\/coup-de-gueule-il-marrive-de-penser-que-fougeres-ne-merite-pas-franju_62913816.html\" rel=\"nofollow noopener\" target=\"_blank\">l\u2019article consacr\u00e9 \u00e0 la parole critique<\/a> de <b>Jean-Pierre Quinton,<\/b> nous, les trois \u00ab peintres \u00bb souhaitons apporter aux lecteurs du journal La Chronique r\u00e9publicaine notre r\u00e9action \u00e0 la <b>posture offensive et fougueuse<\/b> de celui-ci.<\/p>\n<p>Sensibiliser le plus grand nombre<\/p>\n<p class=\" wall-content\">\u00ab Consternante c\u00e9r\u00e9monie \u00bb, \u00e9crit M. Quinton au sujet de l\u2019inauguration des <a href=\"https:\/\/actu.fr\/bretagne\/fougeres_35115\/fougeres-cest-quoi-ces-trois-fresques-sur-les-murs-du-cinema_62697215.html\" rel=\"nofollow noopener\" target=\"_blank\">peintures murales<\/a> r\u00e9alis\u00e9es par trois \u00ab peintres \u00bb en \u00e9cho \u00e0 l\u2019\u0153uvre de <b>Georges Franju<\/b> ; si p\u00e2lottes qu\u2019elles ne semblent pas m\u00e9riter qu\u2019on y pose le regard d\u2019autant que ces trois personnages, pense-t-il, n\u2019ont qu\u2019une connaissance lacunaire de l\u2019\u0153uvre de Franju. Voil\u00e0 traduites les <b>diatribes<\/b> distribu\u00e9es \u00e0 l\u2019envi \u00e0 notre encontre par M. Quinton.<\/p>\n<p class=\" wall-content\">Nous admettons bien volontiers ne pas poss\u00e9der son savoir sur le cin\u00e9aste originaire de<b> Foug\u00e8res (Ille-et-Vilaine) <\/b>et son \u0153uvre.<\/p>\n<p class=\" wall-content\">Cependant, nos<b> recherches aux Archives municipales<\/b>, le <b>visionnage<\/b> de nombreux films et courts m\u00e9trages, les <b>\u00e9changes<\/b> avec des personnes qualifi\u00e9es, les rencontres avec d\u2019autres qui l\u2019ont connu, fr\u00e9quent\u00e9, lui et sa famille, les <b>t\u00e9moignages<\/b> de personnes instruites et des r\u00e9sidents actuels de la maison de Franju venus \u00e0 notre rencontre\u2026<\/p>\n<p class=\" wall-content\">Tout cela a constitu\u00e9 pour nous un bloc de connaissances (suppl\u00e9mentaires) propres \u00e0 mieux nous impr\u00e9gner de son \u0153uvre et, in fine, nous confronter aux probl\u00e9matiques et au sens de son travail.<\/p>\n<p class=\" wall-content\">\u00c9videmment tout ceci ne pouvait appara\u00eetre dans les formes que nous avons volontairement voulues illustratives pour sensibiliser le plus grand nombre des passants chez qui le nom de Franju \u00e9tait \u00e9tranger.<\/p>\n<p>Vid\u00e9os : en ce moment sur Actu<br \/>\n    <img   decoding=\"async\" loading=\"lazy\" class=\"size-large\" src=\"https:\/\/www.europesays.com\/fr\/wp-content\/uploads\/2025\/07\/dea1b26736226c2b1b267362286b1bv-960x640.jpg\" alt=\"Georges Franju\" width=\"960\" height=\"640\"\/><br \/>\n    Georges Franju, le cin\u00e9aste originaire de Foug\u00e8res. \u00a9Fournie par Jean-Pierre QuintonUn proc\u00e8s d\u2019intention<\/p>\n<p class=\" wall-content\">Ces pi\u00e9tons, ces cyclistes attentifs, randonnant sur l\u2019all\u00e9e que l\u2019un d\u2019entre eux voudrait baptiser all\u00e9e Georges-Franju, ont d\u00e9j\u00e0 fait quelques pas ou tours de roue sur la voie qui les m\u00e8nera, a minima, vers la d\u00e9couverte d\u2019une personnalit\u00e9 inconnue pour eux jusque-l\u00e0 ou pour les autres \u00e0 approfondir ce qu\u2019ils savaient d\u00e9j\u00e0 du <b>cin\u00e9aste. <\/b><\/p>\n<p class=\" wall-content\">Entre eux et nous, nombreux ont \u00e9t\u00e9 les \u00e9changes et tous nous ont dit avoir appris quelque chose. M\u00eame les ados lyc\u00e9ens et coll\u00e9giens que nous avons c\u00f4toy\u00e9s dans l\u2019environnement du<b> cin\u00e9ma<\/b> n\u2019ont pas \u00e9t\u00e9 insensibles non plus quand, de temps en temps, nous nous adressions \u00e0 eux.<\/p>\n<p class=\" wall-content\">Penser que tout cela est consternant est un proc\u00e8s d\u2019intention \u00e9loign\u00e9 de ce qui s\u2019est v\u00e9cu sur ce terrain que nous avons fr\u00e9quent\u00e9 un mois durant.<\/p>\n<p class=\" wall-content\">Quant au sujet retenu, il a \u00e9t\u00e9 propos\u00e9 par l\u2019un des trois peintres, accept\u00e9 par les deux autres coll\u00e8gues et amis. Le conseil d\u2019administration du <b>cin\u00e9ma Le Club<\/b>, commanditaire du projet, a valid\u00e9 positivement ce choix et nous a donn\u00e9 tous les moyens utiles pour r\u00e9ussir cette entreprise totalement b\u00e9n\u00e9vole qui a \u00e9t\u00e9 cl\u00f4tur\u00e9e non point par un \u00ab hommage \u00bb aux artistes comme l\u2019entend, non sans une ironie sous-jacente, l\u2019auteur de l\u2019article mais par une rencontre simple et conviviale.<\/p>\n<p>Simplement une invitation<\/p>\n<p class=\" wall-content\">Sans doute inform\u00e9 de ce projet par des voies amicales ou autres, M. Quinton aurait d\u00fb, plut\u00f4t que de distribuer a posteriori des <b>remarques n\u00e9gatives<\/b>, nous joindre pour que nous puissions profiter de son expertise et peut-\u00eatre plus ; il aurait \u00e9t\u00e9 le bienvenu. Notre intervention picturale n\u2019est ni une dissertation ni une conf\u00e9rence sur l\u2019\u0153uvre, simplement une invitation, une sollicitation pour qui veut bien s\u2019en emparer et en apprendre davantage par lui-m\u00eame en portant son regard sur les murs du cin\u00e9ma. Cette r\u00e9alisation \u00e0 l\u2019adresse de l\u2019intelligence sensible dont chacun de nous est pourvu fait plus qu\u2019un discours revanchard. \u00bb<\/p>\n<p class=\" wall-content\">Suivez toute l\u2019actualit\u00e9 de vos villes et m\u00e9dias favoris en vous inscrivant \u00e0 <a href=\"https:\/\/moncompte.actu.fr\" title=\"D\u00e9couvez Mon Actu\" rel=\"nofollow noopener\" data-trk=\"{&quot;cta&quot;:{&quot;action&quot;:&quot;https:\\\/\\\/moncompte.actu.fr&quot;,&quot;category&quot;:&quot;mon compte&quot;,&quot;from&quot;:&quot;article footer&quot;,&quot;name&quot;:&quot;Mon actu&quot;,&quot;type&quot;:&quot;cta&quot;}}\" target=\"_blank\">Mon Actu<\/a>.<\/p>\n","protected":false},"excerpt":{"rendered":"Par Manuel Rodriguez Publi\u00e9 le 26 juil. 2025 \u00e0 6h30 \u00ab Concern\u00e9s et constern\u00e9s par l\u2019article consacr\u00e9 \u00e0&hellip;\n","protected":false},"author":2,"featured_media":274741,"comment_status":"","ping_status":"","sticky":false,"template":"","format":"standard","meta":{"footnotes":""},"categories":[1358],"tags":[1348,1384,1385,9439,1386,58,59,1011,27,104],"class_list":{"0":"post-274740","1":"post","2":"type-post","3":"status-publish","4":"format-standard","5":"has-post-thumbnail","7":"category-arts-et-design","8":"tag-arts","9":"tag-arts-and-design","10":"tag-arts-et-design","11":"tag-bretagne-nord","12":"tag-design","13":"tag-divertissement","14":"tag-entertainment","15":"tag-fr","16":"tag-france","17":"tag-societe"},"share_on_mastodon":{"url":"https:\/\/pubeurope.com\/@fr\/114918520476483668","error":""},"_links":{"self":[{"href":"https:\/\/www.europesays.com\/fr\/wp-json\/wp\/v2\/posts\/274740","targetHints":{"allow":["GET"]}}],"collection":[{"href":"https:\/\/www.europesays.com\/fr\/wp-json\/wp\/v2\/posts"}],"about":[{"href":"https:\/\/www.europesays.com\/fr\/wp-json\/wp\/v2\/types\/post"}],"author":[{"embeddable":true,"href":"https:\/\/www.europesays.com\/fr\/wp-json\/wp\/v2\/users\/2"}],"replies":[{"embeddable":true,"href":"https:\/\/www.europesays.com\/fr\/wp-json\/wp\/v2\/comments?post=274740"}],"version-history":[{"count":0,"href":"https:\/\/www.europesays.com\/fr\/wp-json\/wp\/v2\/posts\/274740\/revisions"}],"wp:featuredmedia":[{"embeddable":true,"href":"https:\/\/www.europesays.com\/fr\/wp-json\/wp\/v2\/media\/274741"}],"wp:attachment":[{"href":"https:\/\/www.europesays.com\/fr\/wp-json\/wp\/v2\/media?parent=274740"}],"wp:term":[{"taxonomy":"category","embeddable":true,"href":"https:\/\/www.europesays.com\/fr\/wp-json\/wp\/v2\/categories?post=274740"},{"taxonomy":"post_tag","embeddable":true,"href":"https:\/\/www.europesays.com\/fr\/wp-json\/wp\/v2\/tags?post=274740"}],"curies":[{"name":"wp","href":"https:\/\/api.w.org\/{rel}","templated":true}]}}